{"id":358520,"date":"2025-07-18T02:00:00","date_gmt":"2025-07-18T05:00:00","guid":{"rendered":"https:\/\/www.notibras.com\/site\/?p=358520"},"modified":"2025-07-18T06:54:24","modified_gmt":"2025-07-18T09:54:24","slug":"posso-ser-velha-mas-vou-continuar-usando-biquini","status":"publish","type":"post","link":"https:\/\/www.notibras.com\/site\/posso-ser-velha-mas-vou-continuar-usando-biquini\/","title":{"rendered":"Posso ser velha, mas vou continuar usando biqu\u00edni"},"content":{"rendered":"<p>N\u00e3o me considero velha, apesar das piadas desnecess\u00e1rias que alguns amigos insistem em fazer. Amigos? Pois \u00e9, ainda t\u00eam a cara de pau de dizerem que s\u00e3o. Como se todos eles tamb\u00e9m j\u00e1 estivessem carcomidos pelo implac\u00e1vel tempo, t\u00e3o cruel com a maioria de n\u00f3s meros mortais.<\/p>\n<p>\u2014 Jaqueline, por que n\u00e3o faz uma pl\u00e1stica?<\/p>\n<p>\u2014 Pl\u00e1stica pra qu\u00ea, Judite?<\/p>\n<p>\u2014 U\u00e9, pra levantar o que t\u00e1 ca\u00eddo.<\/p>\n<p>Ca\u00eddo? Pois aqui estou diante do espelho, t\u00e3o ou mais inquisidor do que os olhos que me julgam quando vou ao clube. Ser\u00e1 que perdi o direito de usar biqu\u00edni? Hum! S\u00f3 falta esse povo querer que eu venha de burca para a piscina.<\/p>\n<p>Setenta e quatro anos, quando por extenso, parecem ainda mais tempo. Gente, como cheguei at\u00e9 aqui? Nem senti as d\u00e9cadas passarem. Ontem mesmo era eu uma menina correndo por essa terra vermelha de Bras\u00edlia. E n\u00e3o adianta tentar esconder a idade, pois as marcas do rosto cismam em ser t\u00e3o indiscretas.<\/p>\n<p>Judite, minha melhor amiga desde meu \u00faltimo div\u00f3rcio, diz que \u00e9 culpa do meu bom-humor. Ser\u00e1?<\/p>\n<p>\u2014 Ah, Jaqueline, voc\u00ea vive gargalhando por tudo. Isso n\u00e3o \u00e9 bom pra pele. Sua cara fica cheia de marcas de express\u00e3o.<\/p>\n<p>Hum! Al\u00e9m de velha enrugada, tamb\u00e9m vou precisar ser rabugenta? Daqui a pouco \u00e9 prov\u00e1vel que comecem a me chamar de Dona Casmurra. Logo eu, que sempre tive \u00edmpeto de Capitu.<\/p>\n<p>\u2014 Amiga, se voc\u00ea n\u00e3o consegue parar de escancarar esse sorriso contagiante, mas que te enche de rugas, pelo menos se matricule numa academia. Na nossa idade, n\u00e3o podemos vacilar com a perda muscular.<\/p>\n<p>Pois \u00e9, e foi assim que a Judite me convenceu a fazer gin\u00e1stica. Quer dizer, malhar ou treinar, como os jovens dizem atualmente. E n\u00e3o falto nem mesmo um dia sequer. Se bem que, devo confessar, vou naqueles passinhos de formiga para a academia. Mas vou!<\/p>\n<p>\u2026\u2026\u2026\u2026\u2026\u2026\u2026\u2026\u2026\u2026\u2026\u2026<\/p>\n<p><strong>Eduardo Mart\u00ednez \u00e9 autor do livro 57 Contos e Cr\u00f4nicas por um Autor Muito Velho\u2019<\/strong><\/p>\n<p><strong>Compre aqui<\/strong>\u00a0<img decoding=\"async\" class=\"emoji\" role=\"img\" draggable=\"false\" src=\"https:\/\/s.w.org\/images\/core\/emoji\/16.0.1\/svg\/1f447-1f3ff.svg\" alt=\"&#x1f447;&#x1f3ff;\" \/><\/p>\n<p><a href=\"https:\/\/www.joanineditora.com.br\/57-contos-e-cronicas-por-um-autor-muito-velho\">https:\/\/www.joanineditora.com.br\/57-contos-e-cronicas-por-um-autor-muito-velho<\/a><\/p>\n","protected":false},"excerpt":{"rendered":"<p>N\u00e3o me considero velha, apesar das piadas desnecess\u00e1rias que alguns amigos insistem em fazer. Amigos? Pois \u00e9, ainda t\u00eam a cara de pau de dizerem que s\u00e3o. Como se todos eles tamb\u00e9m j\u00e1 estivessem carcomidos pelo implac\u00e1vel tempo, t\u00e3o cruel com a maioria de n\u00f3s meros mortais. \u2014 Jaqueline, por que n\u00e3o faz uma pl\u00e1stica? [&hellip;]<\/p>\n","protected":false},"author":21,"featured_media":358521,"comment_status":"closed","ping_status":"closed","sticky":false,"template":"","format":"standard","meta":{"_acf_changed":false,"footnotes":""},"categories":[161],"tags":[],"class_list":["post-358520","post","type-post","status-publish","format-standard","has-post-thumbnail","hentry","category-quadradinho-em-foco"],"acf":[],"_links":{"self":[{"href":"https:\/\/www.notibras.com\/site\/wp-json\/wp\/v2\/posts\/358520","targetHints":{"allow":["GET"]}}],"collection":[{"href":"https:\/\/www.notibras.com\/site\/wp-json\/wp\/v2\/posts"}],"about":[{"href":"https:\/\/www.notibras.com\/site\/wp-json\/wp\/v2\/types\/post"}],"author":[{"embeddable":true,"href":"https:\/\/www.notibras.com\/site\/wp-json\/wp\/v2\/users\/21"}],"replies":[{"embeddable":true,"href":"https:\/\/www.notibras.com\/site\/wp-json\/wp\/v2\/comments?post=358520"}],"version-history":[{"count":2,"href":"https:\/\/www.notibras.com\/site\/wp-json\/wp\/v2\/posts\/358520\/revisions"}],"predecessor-version":[{"id":358565,"href":"https:\/\/www.notibras.com\/site\/wp-json\/wp\/v2\/posts\/358520\/revisions\/358565"}],"wp:featuredmedia":[{"embeddable":true,"href":"https:\/\/www.notibras.com\/site\/wp-json\/wp\/v2\/media\/358521"}],"wp:attachment":[{"href":"https:\/\/www.notibras.com\/site\/wp-json\/wp\/v2\/media?parent=358520"}],"wp:term":[{"taxonomy":"category","embeddable":true,"href":"https:\/\/www.notibras.com\/site\/wp-json\/wp\/v2\/categories?post=358520"},{"taxonomy":"post_tag","embeddable":true,"href":"https:\/\/www.notibras.com\/site\/wp-json\/wp\/v2\/tags?post=358520"}],"curies":[{"name":"wp","href":"https:\/\/api.w.org\/{rel}","templated":true}]}}