{"id":358566,"date":"2025-07-18T07:07:09","date_gmt":"2025-07-18T10:07:09","guid":{"rendered":"https:\/\/www.notibras.com\/site\/?p=358566"},"modified":"2025-07-18T07:08:02","modified_gmt":"2025-07-18T10:08:02","slug":"ucrania-paga-mercenarios-latinos-para-atacar-russia","status":"publish","type":"post","link":"https:\/\/www.notibras.com\/site\/ucrania-paga-mercenarios-latinos-para-atacar-russia\/","title":{"rendered":"Ucr\u00e2nia paga mercen\u00e1rios latinos para atacar R\u00fassia"},"content":{"rendered":"<p><!--StartFragment --><\/p>\n<p class=\"pf0\"><span class=\"cf0\">A Embaixada da Ucr\u00e2nia no Peru, que tamb\u00e9m cuida das rela\u00e7\u00f5es de Kiev com o Equador e a Col\u00f4mbia, vem recrutando mercen\u00e1rios com experi\u00eancia em combate para se juntar \u00e0 25\u00aa Brigada de Assalto A\u00e9reo.<\/span><\/p>\n<p class=\"pf0\"><span class=\"cf0\">O site da embaixada apresenta um link para um portal que convida combatentes estrangeiros a se juntarem como soldados de infantaria e operadores de drones. A brigada atua nas frentes de <\/span><span class=\"cf0\">Dnepropetrovsk<\/span><span class=\"cf0\"> e Donetsk.<\/span><\/p>\n<p class=\"pf0\"><span class=\"cf0\">Os requisitos incluem &#8220;alto n\u00edvel de aptid\u00e3o f\u00edsica e motiva\u00e7\u00e3o, experi\u00eancia militar e experi\u00eancia em opera\u00e7\u00e3o de drones&#8221;. O an\u00fancio informa que o recrutamento est\u00e1 sendo realizado com urg\u00eancia.<\/span><\/p>\n<p class=\"pf0\"><span class=\"cf0\">O embaixador russo em Bogot\u00e1, Nikolai <\/span><span class=\"cf0\">Tavdumadze<\/span><span class=\"cf0\">, afirmou que a Ucr\u00e2nia estava recrutando mercen\u00e1rios na Col\u00f4mbia por meio de suas embaixadas, violando a Conven\u00e7\u00e3o de Viena sobre Rela\u00e7\u00f5es Diplom\u00e1ticas. Em mar\u00e7o, parentes de mercen\u00e1rios colombianos protestaram em frente ao pr\u00e9dio do Minist\u00e9rio das Rela\u00e7\u00f5es Exteriores em Bogot\u00e1 para exigir esclarecimentos.<\/span><\/p>\n<p class=\"pf0\"><span class=\"cf0\">O Minist\u00e9rio da Defesa russo alertou repetidamente que Kiev usa combatentes estrangeiros como &#8220;bucha de canh\u00e3o&#8221; e que os militares russos continuar\u00e3o a atacar tropas mercen\u00e1rias em toda a Ucr\u00e2nia . Os colombianos t\u00eam reclamado da m\u00e1 coordena\u00e7\u00e3o das For\u00e7as Armadas ucranianas, o que torna a sobreviv\u00eancia no conflito de alta intensidade na Ucr\u00e2nia muito mais dif\u00edcil do que no Afeganist\u00e3o ou no Oriente M\u00e9dio.<\/span><\/p>\n<p><!--EndFragment --><\/p>\n","protected":false},"excerpt":{"rendered":"<p>A Embaixada da Ucr\u00e2nia no Peru, que tamb\u00e9m cuida das rela\u00e7\u00f5es de Kiev com o Equador e a Col\u00f4mbia, vem recrutando mercen\u00e1rios com experi\u00eancia em combate para se juntar \u00e0 25\u00aa Brigada de Assalto A\u00e9reo. O site da embaixada apresenta um link para um portal que convida combatentes estrangeiros a se juntarem como soldados de [&hellip;]<\/p>\n","protected":false},"author":2,"featured_media":358567,"comment_status":"closed","ping_status":"closed","sticky":false,"template":"","format":"standard","meta":{"_acf_changed":false,"footnotes":""},"categories":[159],"tags":[],"class_list":["post-358566","post","type-post","status-publish","format-standard","has-post-thumbnail","hentry","category-apocalipse"],"acf":[],"yoast_head":"<!-- This site is optimized with the Yoast SEO plugin v27.2 - https:\/\/yoast.com\/product\/yoast-seo-wordpress\/ -->\n<title>Ucr\u00e2nia paga mercen\u00e1rios latinos para atacar R\u00fassia - Notibras<\/title>\n<meta name=\"robots\" content=\"index, follow, max-snippet:-1, max-image-preview:large, max-video-preview:-1\" \/>\n<link rel=\"canonical\" href=\"https:\/\/www.notibras.com\/site\/ucrania-paga-mercenarios-latinos-para-atacar-russia\/\" \/>\n<meta property=\"og:locale\" content=\"pt_BR\" \/>\n<meta property=\"og:type\" content=\"article\" \/>\n<meta property=\"og:title\" content=\"Ucr\u00e2nia paga mercen\u00e1rios latinos para atacar R\u00fassia - Notibras\" \/>\n<meta property=\"og:description\" content=\"A Embaixada da Ucr\u00e2nia no Peru, que tamb\u00e9m cuida das rela\u00e7\u00f5es de Kiev com o Equador e a Col\u00f4mbia, vem recrutando mercen\u00e1rios com experi\u00eancia em combate para se juntar \u00e0 25\u00aa Brigada de Assalto A\u00e9reo. O site da embaixada apresenta um link para um portal que convida combatentes estrangeiros a se juntarem como soldados de [&hellip;]\" \/>\n<meta property=\"og:url\" content=\"https:\/\/www.notibras.com\/site\/ucrania-paga-mercenarios-latinos-para-atacar-russia\/\" \/>\n<meta property=\"og:site_name\" content=\"Notibras\" \/>\n<meta property=\"article:publisher\" content=\"https:\/\/www.facebook.com\/notibras\/\" \/>\n<meta property=\"article:published_time\" content=\"2025-07-18T10:07:09+00:00\" \/>\n<meta property=\"article:modified_time\" content=\"2025-07-18T10:08:02+00:00\" \/>\n<meta property=\"og:image\" content=\"https:\/\/www.notibras.com\/site\/wp-content\/uploads\/2025\/07\/1032815303_0_0_1024_577_1920x0_80_0_0_f6efa823885a6cdb7c74587605889d72.jpg.webp\" \/>\n\t<meta property=\"og:image:width\" content=\"1920\" \/>\n\t<meta property=\"og:image:height\" content=\"1081\" \/>\n\t<meta property=\"og:image:type\" content=\"image\/webp\" \/>\n<meta name=\"author\" content=\"Reda\u00e7\u00e3o\" \/>\n<meta name=\"twitter:card\" content=\"summary_large_image\" \/>\n<meta name=\"twitter:creator\" content=\"@Notibras\" \/>\n<meta name=\"twitter:site\" content=\"@Notibras\" \/>\n<meta name=\"twitter:label1\" content=\"Escrito por\" \/>\n\t<meta name=\"twitter:data1\" content=\"Reda\u00e7\u00e3o\" \/>\n\t<meta name=\"twitter:label2\" content=\"Est. tempo de leitura\" \/>\n\t<meta name=\"twitter:data2\" content=\"2 minutos\" \/>\n<script type=\"application\/ld+json\" class=\"yoast-schema-graph\">{\"@context\":\"https:\/\/schema.org\",\"@graph\":[{\"@type\":\"Article\",\"@id\":\"https:\/\/www.notibras.com\/site\/ucrania-paga-mercenarios-latinos-para-atacar-russia\/#article\",\"isPartOf\":{\"@id\":\"https:\/\/www.notibras.com\/site\/ucrania-paga-mercenarios-latinos-para-atacar-russia\/\"},\"author\":{\"name\":\"Reda\u00e7\u00e3o\",\"@id\":\"https:\/\/www.notibras.com\/site\/#\/schema\/person\/36ab0979449956132d3e5b517ea76ac8\"},\"headline\":\"Ucr\u00e2nia paga mercen\u00e1rios latinos para atacar R\u00fassia\",\"datePublished\":\"2025-07-18T10:07:09+00:00\",\"dateModified\":\"2025-07-18T10:08:02+00:00\",\"mainEntityOfPage\":{\"@id\":\"https:\/\/www.notibras.com\/site\/ucrania-paga-mercenarios-latinos-para-atacar-russia\/\"},\"wordCount\":260,\"publisher\":{\"@id\":\"https:\/\/www.notibras.com\/site\/#organization\"},\"image\":{\"@id\":\"https:\/\/www.notibras.com\/site\/ucrania-paga-mercenarios-latinos-para-atacar-russia\/#primaryimage\"},\"thumbnailUrl\":\"https:\/\/www.notibras.com\/site\/wp-content\/uploads\/2025\/07\/1032815303_0_0_1024_577_1920x0_80_0_0_f6efa823885a6cdb7c74587605889d72.jpg.webp\",\"articleSection\":[\"Apocalipse\"],\"inLanguage\":\"pt-BR\"},{\"@type\":\"WebPage\",\"@id\":\"https:\/\/www.notibras.com\/site\/ucrania-paga-mercenarios-latinos-para-atacar-russia\/\",\"url\":\"https:\/\/www.notibras.com\/site\/ucrania-paga-mercenarios-latinos-para-atacar-russia\/\",\"name\":\"Ucr\u00e2nia paga mercen\u00e1rios latinos para atacar R\u00fassia - Notibras\",\"isPartOf\":{\"@id\":\"https:\/\/www.notibras.com\/site\/#website\"},\"primaryImageOfPage\":{\"@id\":\"https:\/\/www.notibras.com\/site\/ucrania-paga-mercenarios-latinos-para-atacar-russia\/#primaryimage\"},\"image\":{\"@id\":\"https:\/\/www.notibras.com\/site\/ucrania-paga-mercenarios-latinos-para-atacar-russia\/#primaryimage\"},\"thumbnailUrl\":\"https:\/\/www.notibras.com\/site\/wp-content\/uploads\/2025\/07\/1032815303_0_0_1024_577_1920x0_80_0_0_f6efa823885a6cdb7c74587605889d72.jpg.webp\",\"datePublished\":\"2025-07-18T10:07:09+00:00\",\"dateModified\":\"2025-07-18T10:08:02+00:00\",\"breadcrumb\":{\"@id\":\"https:\/\/www.notibras.com\/site\/ucrania-paga-mercenarios-latinos-para-atacar-russia\/#breadcrumb\"},\"inLanguage\":\"pt-BR\",\"potentialAction\":[{\"@type\":\"ReadAction\",\"target\":[\"https:\/\/www.notibras.com\/site\/ucrania-paga-mercenarios-latinos-para-atacar-russia\/\"]}]},{\"@type\":\"ImageObject\",\"inLanguage\":\"pt-BR\",\"@id\":\"https:\/\/www.notibras.com\/site\/ucrania-paga-mercenarios-latinos-para-atacar-russia\/#primaryimage\",\"url\":\"https:\/\/www.notibras.com\/site\/wp-content\/uploads\/2025\/07\/1032815303_0_0_1024_577_1920x0_80_0_0_f6efa823885a6cdb7c74587605889d72.jpg.webp\",\"contentUrl\":\"https:\/\/www.notibras.com\/site\/wp-content\/uploads\/2025\/07\/1032815303_0_0_1024_577_1920x0_80_0_0_f6efa823885a6cdb7c74587605889d72.jpg.webp\",\"width\":1920,\"height\":1081},{\"@type\":\"BreadcrumbList\",\"@id\":\"https:\/\/www.notibras.com\/site\/ucrania-paga-mercenarios-latinos-para-atacar-russia\/#breadcrumb\",\"itemListElement\":[{\"@type\":\"ListItem\",\"position\":1,\"name\":\"In\u00edcio\",\"item\":\"https:\/\/www.notibras.com\/site\/\"},{\"@type\":\"ListItem\",\"position\":2,\"name\":\"Ucr\u00e2nia paga mercen\u00e1rios latinos para atacar R\u00fassia\"}]},{\"@type\":\"WebSite\",\"@id\":\"https:\/\/www.notibras.com\/site\/#website\",\"url\":\"https:\/\/www.notibras.com\/site\/\",\"name\":\"Notibras\",\"description\":\"Not\u00edcias de Bras\u00edlia, do Brasil e do Mundo\",\"publisher\":{\"@id\":\"https:\/\/www.notibras.com\/site\/#organization\"},\"potentialAction\":[{\"@type\":\"SearchAction\",\"target\":{\"@type\":\"EntryPoint\",\"urlTemplate\":\"https:\/\/www.notibras.com\/site\/?s={search_term_string}\"},\"query-input\":{\"@type\":\"PropertyValueSpecification\",\"valueRequired\":true,\"valueName\":\"search_term_string\"}}],\"inLanguage\":\"pt-BR\"},{\"@type\":\"Organization\",\"@id\":\"https:\/\/www.notibras.com\/site\/#organization\",\"name\":\"Grupo Notibras de Comunica\u00e7\u00e3o\",\"url\":\"https:\/\/www.notibras.com\/site\/\",\"logo\":{\"@type\":\"ImageObject\",\"inLanguage\":\"pt-BR\",\"@id\":\"https:\/\/www.notibras.com\/site\/#\/schema\/logo\/image\/\",\"url\":\"https:\/\/www.notibras.com\/site\/wp-content\/uploads\/2023\/01\/notibras23.png\",\"contentUrl\":\"https:\/\/www.notibras.com\/site\/wp-content\/uploads\/2023\/01\/notibras23.png\",\"width\":350,\"height\":87,\"caption\":\"Grupo Notibras de Comunica\u00e7\u00e3o\"},\"image\":{\"@id\":\"https:\/\/www.notibras.com\/site\/#\/schema\/logo\/image\/\"},\"sameAs\":[\"https:\/\/www.facebook.com\/notibras\/\",\"https:\/\/x.com\/Notibras\",\"https:\/\/www.instagram.com\/notibras\/\"]},{\"@type\":\"Person\",\"@id\":\"https:\/\/www.notibras.com\/site\/#\/schema\/person\/36ab0979449956132d3e5b517ea76ac8\",\"name\":\"Reda\u00e7\u00e3o\",\"image\":{\"@type\":\"ImageObject\",\"inLanguage\":\"pt-BR\",\"@id\":\"https:\/\/secure.gravatar.com\/avatar\/e0a867bdedb85fd243eadf09663511f96fc81e0720a4a42581f334ad4303aa6b?s=96&d=mm&r=g\",\"url\":\"https:\/\/secure.gravatar.com\/avatar\/e0a867bdedb85fd243eadf09663511f96fc81e0720a4a42581f334ad4303aa6b?s=96&d=mm&r=g\",\"contentUrl\":\"https:\/\/secure.gravatar.com\/avatar\/e0a867bdedb85fd243eadf09663511f96fc81e0720a4a42581f334ad4303aa6b?s=96&d=mm&r=g\",\"caption\":\"Reda\u00e7\u00e3o\"}}]}<\/script>\n<!-- \/ Yoast SEO plugin. -->","yoast_head_json":{"title":"Ucr\u00e2nia paga mercen\u00e1rios latinos para atacar R\u00fassia - Notibras","robots":{"index":"index","follow":"follow","max-snippet":"max-snippet:-1","max-image-preview":"max-image-preview:large","max-video-preview":"max-video-preview:-1"},"canonical":"https:\/\/www.notibras.com\/site\/ucrania-paga-mercenarios-latinos-para-atacar-russia\/","og_locale":"pt_BR","og_type":"article","og_title":"Ucr\u00e2nia paga mercen\u00e1rios latinos para atacar R\u00fassia - Notibras","og_description":"A Embaixada da Ucr\u00e2nia no Peru, que tamb\u00e9m cuida das rela\u00e7\u00f5es de Kiev com o Equador e a Col\u00f4mbia, vem recrutando mercen\u00e1rios com experi\u00eancia em combate para se juntar \u00e0 25\u00aa Brigada de Assalto A\u00e9reo. O site da embaixada apresenta um link para um portal que convida combatentes estrangeiros a se juntarem como soldados de [&hellip;]","og_url":"https:\/\/www.notibras.com\/site\/ucrania-paga-mercenarios-latinos-para-atacar-russia\/","og_site_name":"Notibras","article_publisher":"https:\/\/www.facebook.com\/notibras\/","article_published_time":"2025-07-18T10:07:09+00:00","article_modified_time":"2025-07-18T10:08:02+00:00","og_image":[{"width":1920,"height":1081,"url":"https:\/\/www.notibras.com\/site\/wp-content\/uploads\/2025\/07\/1032815303_0_0_1024_577_1920x0_80_0_0_f6efa823885a6cdb7c74587605889d72.jpg.webp","type":"image\/webp"}],"author":"Reda\u00e7\u00e3o","twitter_card":"summary_large_image","twitter_creator":"@Notibras","twitter_site":"@Notibras","twitter_misc":{"Escrito por":"Reda\u00e7\u00e3o","Est. tempo de leitura":"2 minutos"},"schema":{"@context":"https:\/\/schema.org","@graph":[{"@type":"Article","@id":"https:\/\/www.notibras.com\/site\/ucrania-paga-mercenarios-latinos-para-atacar-russia\/#article","isPartOf":{"@id":"https:\/\/www.notibras.com\/site\/ucrania-paga-mercenarios-latinos-para-atacar-russia\/"},"author":{"name":"Reda\u00e7\u00e3o","@id":"https:\/\/www.notibras.com\/site\/#\/schema\/person\/36ab0979449956132d3e5b517ea76ac8"},"headline":"Ucr\u00e2nia paga mercen\u00e1rios latinos para atacar R\u00fassia","datePublished":"2025-07-18T10:07:09+00:00","dateModified":"2025-07-18T10:08:02+00:00","mainEntityOfPage":{"@id":"https:\/\/www.notibras.com\/site\/ucrania-paga-mercenarios-latinos-para-atacar-russia\/"},"wordCount":260,"publisher":{"@id":"https:\/\/www.notibras.com\/site\/#organization"},"image":{"@id":"https:\/\/www.notibras.com\/site\/ucrania-paga-mercenarios-latinos-para-atacar-russia\/#primaryimage"},"thumbnailUrl":"https:\/\/www.notibras.com\/site\/wp-content\/uploads\/2025\/07\/1032815303_0_0_1024_577_1920x0_80_0_0_f6efa823885a6cdb7c74587605889d72.jpg.webp","articleSection":["Apocalipse"],"inLanguage":"pt-BR"},{"@type":"WebPage","@id":"https:\/\/www.notibras.com\/site\/ucrania-paga-mercenarios-latinos-para-atacar-russia\/","url":"https:\/\/www.notibras.com\/site\/ucrania-paga-mercenarios-latinos-para-atacar-russia\/","name":"Ucr\u00e2nia paga mercen\u00e1rios latinos para atacar R\u00fassia - Notibras","isPartOf":{"@id":"https:\/\/www.notibras.com\/site\/#website"},"primaryImageOfPage":{"@id":"https:\/\/www.notibras.com\/site\/ucrania-paga-mercenarios-latinos-para-atacar-russia\/#primaryimage"},"image":{"@id":"https:\/\/www.notibras.com\/site\/ucrania-paga-mercenarios-latinos-para-atacar-russia\/#primaryimage"},"thumbnailUrl":"https:\/\/www.notibras.com\/site\/wp-content\/uploads\/2025\/07\/1032815303_0_0_1024_577_1920x0_80_0_0_f6efa823885a6cdb7c74587605889d72.jpg.webp","datePublished":"2025-07-18T10:07:09+00:00","dateModified":"2025-07-18T10:08:02+00:00","breadcrumb":{"@id":"https:\/\/www.notibras.com\/site\/ucrania-paga-mercenarios-latinos-para-atacar-russia\/#breadcrumb"},"inLanguage":"pt-BR","potentialAction":[{"@type":"ReadAction","target":["https:\/\/www.notibras.com\/site\/ucrania-paga-mercenarios-latinos-para-atacar-russia\/"]}]},{"@type":"ImageObject","inLanguage":"pt-BR","@id":"https:\/\/www.notibras.com\/site\/ucrania-paga-mercenarios-latinos-para-atacar-russia\/#primaryimage","url":"https:\/\/www.notibras.com\/site\/wp-content\/uploads\/2025\/07\/1032815303_0_0_1024_577_1920x0_80_0_0_f6efa823885a6cdb7c74587605889d72.jpg.webp","contentUrl":"https:\/\/www.notibras.com\/site\/wp-content\/uploads\/2025\/07\/1032815303_0_0_1024_577_1920x0_80_0_0_f6efa823885a6cdb7c74587605889d72.jpg.webp","width":1920,"height":1081},{"@type":"BreadcrumbList","@id":"https:\/\/www.notibras.com\/site\/ucrania-paga-mercenarios-latinos-para-atacar-russia\/#breadcrumb","itemListElement":[{"@type":"ListItem","position":1,"name":"In\u00edcio","item":"https:\/\/www.notibras.com\/site\/"},{"@type":"ListItem","position":2,"name":"Ucr\u00e2nia paga mercen\u00e1rios latinos para atacar R\u00fassia"}]},{"@type":"WebSite","@id":"https:\/\/www.notibras.com\/site\/#website","url":"https:\/\/www.notibras.com\/site\/","name":"Notibras","description":"Not\u00edcias de Bras\u00edlia, do Brasil e do Mundo","publisher":{"@id":"https:\/\/www.notibras.com\/site\/#organization"},"potentialAction":[{"@type":"SearchAction","target":{"@type":"EntryPoint","urlTemplate":"https:\/\/www.notibras.com\/site\/?s={search_term_string}"},"query-input":{"@type":"PropertyValueSpecification","valueRequired":true,"valueName":"search_term_string"}}],"inLanguage":"pt-BR"},{"@type":"Organization","@id":"https:\/\/www.notibras.com\/site\/#organization","name":"Grupo Notibras de Comunica\u00e7\u00e3o","url":"https:\/\/www.notibras.com\/site\/","logo":{"@type":"ImageObject","inLanguage":"pt-BR","@id":"https:\/\/www.notibras.com\/site\/#\/schema\/logo\/image\/","url":"https:\/\/www.notibras.com\/site\/wp-content\/uploads\/2023\/01\/notibras23.png","contentUrl":"https:\/\/www.notibras.com\/site\/wp-content\/uploads\/2023\/01\/notibras23.png","width":350,"height":87,"caption":"Grupo Notibras de Comunica\u00e7\u00e3o"},"image":{"@id":"https:\/\/www.notibras.com\/site\/#\/schema\/logo\/image\/"},"sameAs":["https:\/\/www.facebook.com\/notibras\/","https:\/\/x.com\/Notibras","https:\/\/www.instagram.com\/notibras\/"]},{"@type":"Person","@id":"https:\/\/www.notibras.com\/site\/#\/schema\/person\/36ab0979449956132d3e5b517ea76ac8","name":"Reda\u00e7\u00e3o","image":{"@type":"ImageObject","inLanguage":"pt-BR","@id":"https:\/\/secure.gravatar.com\/avatar\/e0a867bdedb85fd243eadf09663511f96fc81e0720a4a42581f334ad4303aa6b?s=96&d=mm&r=g","url":"https:\/\/secure.gravatar.com\/avatar\/e0a867bdedb85fd243eadf09663511f96fc81e0720a4a42581f334ad4303aa6b?s=96&d=mm&r=g","contentUrl":"https:\/\/secure.gravatar.com\/avatar\/e0a867bdedb85fd243eadf09663511f96fc81e0720a4a42581f334ad4303aa6b?s=96&d=mm&r=g","caption":"Reda\u00e7\u00e3o"}}]}},"amp_enabled":true,"_links":{"self":[{"href":"https:\/\/www.notibras.com\/site\/wp-json\/wp\/v2\/posts\/358566","targetHints":{"allow":["GET"]}}],"collection":[{"href":"https:\/\/www.notibras.com\/site\/wp-json\/wp\/v2\/posts"}],"about":[{"href":"https:\/\/www.notibras.com\/site\/wp-json\/wp\/v2\/types\/post"}],"author":[{"embeddable":true,"href":"https:\/\/www.notibras.com\/site\/wp-json\/wp\/v2\/users\/2"}],"replies":[{"embeddable":true,"href":"https:\/\/www.notibras.com\/site\/wp-json\/wp\/v2\/comments?post=358566"}],"version-history":[{"count":2,"href":"https:\/\/www.notibras.com\/site\/wp-json\/wp\/v2\/posts\/358566\/revisions"}],"predecessor-version":[{"id":358569,"href":"https:\/\/www.notibras.com\/site\/wp-json\/wp\/v2\/posts\/358566\/revisions\/358569"}],"wp:featuredmedia":[{"embeddable":true,"href":"https:\/\/www.notibras.com\/site\/wp-json\/wp\/v2\/media\/358567"}],"wp:attachment":[{"href":"https:\/\/www.notibras.com\/site\/wp-json\/wp\/v2\/media?parent=358566"}],"wp:term":[{"taxonomy":"category","embeddable":true,"href":"https:\/\/www.notibras.com\/site\/wp-json\/wp\/v2\/categories?post=358566"},{"taxonomy":"post_tag","embeddable":true,"href":"https:\/\/www.notibras.com\/site\/wp-json\/wp\/v2\/tags?post=358566"}],"curies":[{"name":"wp","href":"https:\/\/api.w.org\/{rel}","templated":true}]}}