{"id":358630,"date":"2025-07-18T01:23:33","date_gmt":"2025-07-18T04:23:33","guid":{"rendered":"https:\/\/www.notibras.com\/site\/?p=358630"},"modified":"2025-07-18T10:29:23","modified_gmt":"2025-07-18T13:29:23","slug":"gustavo-aires-da-passo-a-frente-na-politica-e-se-filia-ao-pp-de-celina-leao","status":"publish","type":"post","link":"https:\/\/www.notibras.com\/site\/gustavo-aires-da-passo-a-frente-na-politica-e-se-filia-ao-pp-de-celina-leao\/","title":{"rendered":"Gustavo Aires d\u00e1 passo \u00e0 frente na pol\u00edtica e se filia ao PP de Celina Le\u00e3o"},"content":{"rendered":"<p data-start=\"190\" data-end=\"643\">\u00c0s vezes, a pol\u00edtica ganha contornos de reencontro com o futuro. Foi o que se viu na noite desta quinta-feira, 17, quando o audit\u00f3rio do \u201cProgressista em A\u00e7\u00e3o\u201d se encheu n\u00e3o apenas de discursos, mas de esperan\u00e7a \u2014 aquela que move os que acreditam que \u00e9 poss\u00edvel fazer diferente, fazer melhor. Sob o comando da vice-governadora Celina Le\u00e3o, o evento foi palco de um an\u00fancio que, embora esperado por muitos, ainda assim emocionou: Gustavo Aires vai para o PP.<\/p>\n<p data-start=\"645\" data-end=\"1031\">Mais do que uma mudan\u00e7a de sigla, a decis\u00e3o representa um passo simb\u00f3lico em sua caminhada p\u00fablica \u2014 n\u00e3o apenas por onde ele vem, mas por onde quer ir. Com o mesmo olhar de quem j\u00e1 conhece as ruas do Cruzeiro e sabe que ali a boa gest\u00e3o se faz na escuta e na a\u00e7\u00e3o, Aires agora amplia seus horizontes. Vai em busca de novas pontes, novas possibilidades, sem perder o ch\u00e3o de onde partiu.<\/p>\n<p data-start=\"1033\" data-end=\"1338\">Na pol\u00edtica, os ciclos se renovam com coragem. E Gustavo escolheu continuar escrevendo sua hist\u00f3ria com as tintas do compromisso, da \u00e9tica e da responsabilidade. N\u00e3o h\u00e1 em sua fala promessas vazias, mas sim a convic\u00e7\u00e3o de que \u00e9 poss\u00edvel transformar realidades com trabalho, di\u00e1logo e resultados concretos.<\/p>\n<p data-start=\"1340\" data-end=\"1766\">A filia\u00e7\u00e3o ao PP \u00e9 mais do que uma formalidade partid\u00e1ria. Reflete uma alian\u00e7a com os que querem ver o Distrito Federal crescer de forma justa, equilibrada e humana. E talvez seja essa a maior not\u00edcia da noite \u2014 n\u00e3o o que foi dito ao microfone, mas o que ficou no ar, nos olhares e nos apertos de m\u00e3o: a pol\u00edtica pode, sim, ser lugar de constru\u00e7\u00e3o e de esperan\u00e7a. E, para Gustavo Aires, a jornada est\u00e1 apenas come\u00e7ando.<\/p>\n","protected":false},"excerpt":{"rendered":"<p>\u00c0s vezes, a pol\u00edtica ganha contornos de reencontro com o futuro. Foi o que se viu na noite desta quinta-feira, 17, quando o audit\u00f3rio do \u201cProgressista em A\u00e7\u00e3o\u201d se encheu n\u00e3o apenas de discursos, mas de esperan\u00e7a \u2014 aquela que move os que acreditam que \u00e9 poss\u00edvel fazer diferente, fazer melhor. Sob o comando da [&hellip;]<\/p>\n","protected":false},"author":2,"featured_media":358631,"comment_status":"closed","ping_status":"closed","sticky":false,"template":"","format":"standard","meta":{"_acf_changed":false,"footnotes":""},"categories":[161],"tags":[],"class_list":["post-358630","post","type-post","status-publish","format-standard","has-post-thumbnail","hentry","category-quadradinho-em-foco"],"acf":[],"_links":{"self":[{"href":"https:\/\/www.notibras.com\/site\/wp-json\/wp\/v2\/posts\/358630","targetHints":{"allow":["GET"]}}],"collection":[{"href":"https:\/\/www.notibras.com\/site\/wp-json\/wp\/v2\/posts"}],"about":[{"href":"https:\/\/www.notibras.com\/site\/wp-json\/wp\/v2\/types\/post"}],"author":[{"embeddable":true,"href":"https:\/\/www.notibras.com\/site\/wp-json\/wp\/v2\/users\/2"}],"replies":[{"embeddable":true,"href":"https:\/\/www.notibras.com\/site\/wp-json\/wp\/v2\/comments?post=358630"}],"version-history":[{"count":1,"href":"https:\/\/www.notibras.com\/site\/wp-json\/wp\/v2\/posts\/358630\/revisions"}],"predecessor-version":[{"id":358632,"href":"https:\/\/www.notibras.com\/site\/wp-json\/wp\/v2\/posts\/358630\/revisions\/358632"}],"wp:featuredmedia":[{"embeddable":true,"href":"https:\/\/www.notibras.com\/site\/wp-json\/wp\/v2\/media\/358631"}],"wp:attachment":[{"href":"https:\/\/www.notibras.com\/site\/wp-json\/wp\/v2\/media?parent=358630"}],"wp:term":[{"taxonomy":"category","embeddable":true,"href":"https:\/\/www.notibras.com\/site\/wp-json\/wp\/v2\/categories?post=358630"},{"taxonomy":"post_tag","embeddable":true,"href":"https:\/\/www.notibras.com\/site\/wp-json\/wp\/v2\/tags?post=358630"}],"curies":[{"name":"wp","href":"https:\/\/api.w.org\/{rel}","templated":true}]}}