{"id":358749,"date":"2025-07-19T08:54:29","date_gmt":"2025-07-19T11:54:29","guid":{"rendered":"https:\/\/www.notibras.com\/site\/?p=358749"},"modified":"2025-07-19T08:54:29","modified_gmt":"2025-07-19T11:54:29","slug":"arte-da-producao-usina-transforma-cana-em-docura","status":"publish","type":"post","link":"https:\/\/www.notibras.com\/site\/arte-da-producao-usina-transforma-cana-em-docura\/","title":{"rendered":"Arte da produ\u00e7\u00e3o, usina transforma cana em do\u00e7ura"},"content":{"rendered":"<p>O Nordeste tem um dos tesouros econ\u00f4micos e hist\u00f3ricos da regi\u00e3o: o a\u00e7\u00facar. Mais do que um produto, o a\u00e7\u00facar nordestino \u00e9 heran\u00e7a, tradi\u00e7\u00e3o e sustento. Das vastas planta\u00e7\u00f5es de cana-de-a\u00e7\u00facar at\u00e9 as engrenagens das usinas, existe um verdadeiro ritual de trabalho e conhecimento passado entre gera\u00e7\u00f5es.<\/p>\n<p>No interior de estados como Pernambuco, Alagoas, Para\u00edba e Rio Grande do Norte, usinas centen\u00e1rias ainda operam lado a lado com tecnologias modernas. A cana-de-a\u00e7\u00facar, colhida por trabalhadores sob o sol escaldante, percorre um caminho meticuloso: \u00e9 mo\u00edda, aquecida, purificada e cristalizada at\u00e9 se transformar no a\u00e7\u00facar que ado\u00e7a mesas em todo o Brasil e al\u00e9m.<\/p>\n<p>\u201c\u00c9 um processo que mistura ci\u00eancia e tradi\u00e7\u00e3o. A gente aprendeu com os av\u00f3s, mas hoje usa laborat\u00f3rio pra garantir a qualidade\u201d, conta Seu Jo\u00e3o, t\u00e9cnico de produ\u00e7\u00e3o em uma usina de Alagoas que atua no setor h\u00e1 mais de 30 anos.<\/p>\n<p>A produ\u00e7\u00e3o de a\u00e7\u00facar envolve dezenas de profissionais, do corte manual ao controle qu\u00edmico de qualidade. H\u00e1 tamb\u00e9m um impacto direto na economia local: comunidades inteiras dependem das usinas, que geram emprego, movimentam o com\u00e9rcio e mant\u00eam vivas as hist\u00f3rias da coloniza\u00e7\u00e3o e da resist\u00eancia nordestina.<\/p>\n<p>Apesar dos avan\u00e7os, o setor enfrenta desafios: mudan\u00e7as clim\u00e1ticas, oscila\u00e7\u00f5es de pre\u00e7o no mercado internacional e a necessidade de tornar a produ\u00e7\u00e3o mais sustent\u00e1vel. Algumas usinas j\u00e1 adotam pr\u00e1ticas de reaproveitamento da biomassa e redu\u00e7\u00e3o de res\u00edduos para enfrentar os tempos modernos sem perder suas ra\u00edzes.<\/p>\n<p>A do\u00e7ura do a\u00e7\u00facar nordestino vai al\u00e9m do paladar \u2013 ela carrega o suor de um povo, a for\u00e7a da terra e a arte de transformar a cana bruta em algo que encanta o mundo.<\/p>\n","protected":false},"excerpt":{"rendered":"<p>O Nordeste tem um dos tesouros econ\u00f4micos e hist\u00f3ricos da regi\u00e3o: o a\u00e7\u00facar. Mais do que um produto, o a\u00e7\u00facar nordestino \u00e9 heran\u00e7a, tradi\u00e7\u00e3o e sustento. Das vastas planta\u00e7\u00f5es de cana-de-a\u00e7\u00facar at\u00e9 as engrenagens das usinas, existe um verdadeiro ritual de trabalho e conhecimento passado entre gera\u00e7\u00f5es. No interior de estados como Pernambuco, Alagoas, Para\u00edba [&hellip;]<\/p>\n","protected":false},"author":2,"featured_media":358750,"comment_status":"closed","ping_status":"closed","sticky":false,"template":"","format":"standard","meta":{"_acf_changed":false,"footnotes":""},"categories":[165],"tags":[],"class_list":["post-358749","post","type-post","status-publish","format-standard","has-post-thumbnail","hentry","category-nordeste"],"acf":[],"_links":{"self":[{"href":"https:\/\/www.notibras.com\/site\/wp-json\/wp\/v2\/posts\/358749","targetHints":{"allow":["GET"]}}],"collection":[{"href":"https:\/\/www.notibras.com\/site\/wp-json\/wp\/v2\/posts"}],"about":[{"href":"https:\/\/www.notibras.com\/site\/wp-json\/wp\/v2\/types\/post"}],"author":[{"embeddable":true,"href":"https:\/\/www.notibras.com\/site\/wp-json\/wp\/v2\/users\/2"}],"replies":[{"embeddable":true,"href":"https:\/\/www.notibras.com\/site\/wp-json\/wp\/v2\/comments?post=358749"}],"version-history":[{"count":1,"href":"https:\/\/www.notibras.com\/site\/wp-json\/wp\/v2\/posts\/358749\/revisions"}],"predecessor-version":[{"id":358751,"href":"https:\/\/www.notibras.com\/site\/wp-json\/wp\/v2\/posts\/358749\/revisions\/358751"}],"wp:featuredmedia":[{"embeddable":true,"href":"https:\/\/www.notibras.com\/site\/wp-json\/wp\/v2\/media\/358750"}],"wp:attachment":[{"href":"https:\/\/www.notibras.com\/site\/wp-json\/wp\/v2\/media?parent=358749"}],"wp:term":[{"taxonomy":"category","embeddable":true,"href":"https:\/\/www.notibras.com\/site\/wp-json\/wp\/v2\/categories?post=358749"},{"taxonomy":"post_tag","embeddable":true,"href":"https:\/\/www.notibras.com\/site\/wp-json\/wp\/v2\/tags?post=358749"}],"curies":[{"name":"wp","href":"https:\/\/api.w.org\/{rel}","templated":true}]}}