{"id":358752,"date":"2025-07-19T00:58:33","date_gmt":"2025-07-19T03:58:33","guid":{"rendered":"https:\/\/www.notibras.com\/site\/?p=358752"},"modified":"2025-07-19T09:00:23","modified_gmt":"2025-07-19T12:00:23","slug":"lula-destina-mais-14-bilhao-para-obras-da-transnordestina","status":"publish","type":"post","link":"https:\/\/www.notibras.com\/site\/lula-destina-mais-14-bilhao-para-obras-da-transnordestina\/","title":{"rendered":"Lula destina mais 1,4 bilh\u00e3o para obras da Transnordestina"},"content":{"rendered":"<p><!--StartFragment --><\/p>\n<p class=\"pf0\"><span class=\"cf0\">O presidente Luiz In\u00e1cio Lula da Silva anunciou, nesta sexta-feira (18), R$ 1,4 bilh\u00e3o em novos recursos para as obras da Ferrovia Transnordestina. Lula visitou um dos trechos j\u00e1 finalizados do empreendimento, no munic\u00edpio de Miss\u00e3o Velha, no Cear\u00e1, e disse que n\u00e3o faltar\u00e3o recursos para as obras.<\/span><\/p>\n<p class=\"pf0\"><span class=\"cf0\">Lula destacou a import\u00e2ncia da ferrovia para as cadeias produtivas da regi\u00e3o e afirmou que o Nordeste precisa ter a chance de progredir.<\/span><\/p>\n<p class=\"pf0\"><span class=\"cf0\">\u201cO Nordeste precisa dessa obra. O Nordeste n\u00e3o quer ser mais tratado como se fosse a parte pobre do Brasil. O Nordeste precisa ser respeitado\u201d, disse.<\/span><\/p>\n<p class=\"pf0\"><span class=\"cf0\">Lula falou sobre as dificuldades para dar andamento ao projeto, lan\u00e7ado em 2006, em seu segundo mandato na Presid\u00eancia da Rep\u00fablica, e afirmou que quer inaugurar a Transnordestina antes do fim do atual mandato, em 2026.<\/span><\/p>\n<p class=\"pf0\"><span class=\"cf0\">\u201cTodo dia tinha um problema. Era um problema na Justi\u00e7a, era um problema no meio ambiente, era um problema de dinheiro. Essa estrada foi, foi, foi, e eu imaginava que ela fosse acabar em 2012. Eu sa\u00ed em 2010, voltei \u00e0 Presid\u00eancia 15 anos depois, e essa ferrovia tinha andado muito pouco. Ali\u00e1s, j\u00e1 n\u00e3o havia mais interesse de fazer essa ferrovia. Eu assumi a responsabilidade de que n\u00f3s vamos concluir essa ferrovia, custe o que custar\u201d, acrescentou.<\/span><\/p>\n<p class=\"pf0\"><span class=\"cf0\">Dos novos aportes do governo federal, R$ 600 milh\u00f5es ser\u00e3o liberados pelo Fundo de Desenvolvimento do Nordeste (FDNE) nos pr\u00f3ximos meses e R$ 816 milh\u00f5es a partir do leil\u00e3o de desinvestimento e liquida\u00e7\u00e3o do Fundo de Investimento do Nordeste (Finor).<\/span><\/p>\n<p class=\"pf0\"><span class=\"cf0\">O or\u00e7amento total do empreendimento chega a R$ 15 bilh\u00f5es, dos quais, R$ 8,2 bilh\u00f5es j\u00e1 realizados, entre recursos p\u00fablicos e privados. Ao citar os valores aplicados, o governo destacou que o retorno anual estimado da ferrovia no Produto Interno Bruto (PIB, soma de todos os bens e servi\u00e7os produzidos) do Semi\u00e1rido \u00e9 de at\u00e9 R$ 7 bilh\u00f5es.<\/span><\/p>\n<p class=\"pf0\"><span class=\"cf0\">Atualmente, 280 quil\u00f4metros de obras de infraestrutura est\u00e3o em execu\u00e7\u00e3o na Transnordestina, gerando mais de 4 mil empregos diretos e envolvendo mais de R$ 4 bilh\u00f5es em contratos assinados. No total, a ferrovia tem 1.209 quil\u00f4metros de extens\u00e3o e passa por 53 munic\u00edpios; de Eliseu Martins, no Piau\u00ed, vai at\u00e9 o Porto do <\/span><span class=\"cf0\">Pec\u00e9m<\/span><span class=\"cf0\">, no Cear\u00e1, passando por Salgueiro, em Pernambuco.<\/span><\/p>\n<p class=\"pf0\"><span class=\"cf0\">O in\u00edcio da opera\u00e7\u00e3o da ferrovia est\u00e1 previsto para o final deste ano, em fase de comissionamento, com os primeiros transportes de cargas saindo do Terminal Intermodal de Cargas do Piau\u00ed at\u00e9 a regi\u00e3o centro-sul do Cear\u00e1 e a algumas regi\u00f5es de Pernambuco.<\/span><\/p>\n<p class=\"pf0\"><span class=\"cf0\">Soja, farelo de soja, milho e calc\u00e1rio est\u00e3o entre os principais produtos a serem transportados.<\/span><\/p>\n<p><!--EndFragment --><\/p>\n","protected":false},"excerpt":{"rendered":"<p>O presidente Luiz In\u00e1cio Lula da Silva anunciou, nesta sexta-feira (18), R$ 1,4 bilh\u00e3o em novos recursos para as obras da Ferrovia Transnordestina. Lula visitou um dos trechos j\u00e1 finalizados do empreendimento, no munic\u00edpio de Miss\u00e3o Velha, no Cear\u00e1, e disse que n\u00e3o faltar\u00e3o recursos para as obras. Lula destacou a import\u00e2ncia da ferrovia para [&hellip;]<\/p>\n","protected":false},"author":2,"featured_media":358753,"comment_status":"closed","ping_status":"closed","sticky":false,"template":"","format":"standard","meta":{"_acf_changed":false,"footnotes":""},"categories":[165],"tags":[],"class_list":["post-358752","post","type-post","status-publish","format-standard","has-post-thumbnail","hentry","category-nordeste"],"acf":[],"_links":{"self":[{"href":"https:\/\/www.notibras.com\/site\/wp-json\/wp\/v2\/posts\/358752","targetHints":{"allow":["GET"]}}],"collection":[{"href":"https:\/\/www.notibras.com\/site\/wp-json\/wp\/v2\/posts"}],"about":[{"href":"https:\/\/www.notibras.com\/site\/wp-json\/wp\/v2\/types\/post"}],"author":[{"embeddable":true,"href":"https:\/\/www.notibras.com\/site\/wp-json\/wp\/v2\/users\/2"}],"replies":[{"embeddable":true,"href":"https:\/\/www.notibras.com\/site\/wp-json\/wp\/v2\/comments?post=358752"}],"version-history":[{"count":1,"href":"https:\/\/www.notibras.com\/site\/wp-json\/wp\/v2\/posts\/358752\/revisions"}],"predecessor-version":[{"id":358754,"href":"https:\/\/www.notibras.com\/site\/wp-json\/wp\/v2\/posts\/358752\/revisions\/358754"}],"wp:featuredmedia":[{"embeddable":true,"href":"https:\/\/www.notibras.com\/site\/wp-json\/wp\/v2\/media\/358753"}],"wp:attachment":[{"href":"https:\/\/www.notibras.com\/site\/wp-json\/wp\/v2\/media?parent=358752"}],"wp:term":[{"taxonomy":"category","embeddable":true,"href":"https:\/\/www.notibras.com\/site\/wp-json\/wp\/v2\/categories?post=358752"},{"taxonomy":"post_tag","embeddable":true,"href":"https:\/\/www.notibras.com\/site\/wp-json\/wp\/v2\/tags?post=358752"}],"curies":[{"name":"wp","href":"https:\/\/api.w.org\/{rel}","templated":true}]}}