{"id":358825,"date":"2025-07-20T01:16:52","date_gmt":"2025-07-20T04:16:52","guid":{"rendered":"https:\/\/www.notibras.com\/site\/?p=358825"},"modified":"2025-07-20T01:17:51","modified_gmt":"2025-07-20T04:17:51","slug":"gastronomia-e-os-pratos-nordestinos-que-deixam-todos-com-agua-na-boca","status":"publish","type":"post","link":"https:\/\/www.notibras.com\/site\/gastronomia-e-os-pratos-nordestinos-que-deixam-todos-com-agua-na-boca\/","title":{"rendered":"Gastronomia e os pratos nordestinos que deixam todos com \u00e1gua na boca"},"content":{"rendered":"<p>No Nordeste, a cozinha \u00e9 mais do que alimenta\u00e7\u00e3o: \u00e9 cultura viva, heran\u00e7a ancestral e resist\u00eancia di\u00e1ria. Cada receita, cada tempero e cada prato servido carrega hist\u00f3rias de um povo que aprendeu a transformar o que a terra oferece em sabor, identidade e mem\u00f3ria.<\/p>\n<p>Nas cozinhas simples de barro, nas casas de taipa, ou mesmo nos restaurantes das grandes cidades, o que se prepara \u00e9 muito mais que comida: \u00e9 a continuidade de tradi\u00e7\u00f5es passadas de gera\u00e7\u00e3o em gera\u00e7\u00e3o. Do fogo de lenha ao fog\u00e3o moderno, a ess\u00eancia permanece a mesma. Pratos como o bai\u00e3o de dois, a galinha cabidela, a carne de sol com macaxeira e o famoso sarapatel s\u00e3o verdadeiros documentos culin\u00e1rios da vida nordestina.<\/p>\n<p>A base da cozinha nordestina est\u00e1 nos ingredientes regionais: o milho, o feij\u00e3o, a mandioca, o coco, o leite, o peixe e as ervas nativas. Cada regi\u00e3o tem suas particularidades, mas o sentimento \u00e9 um s\u00f3 \u2014 o de pertencimento. No sert\u00e3o, por exemplo, o preparo do bode guisado remonta \u00e0s festas de fam\u00edlia e aos encontros comunit\u00e1rios. No litoral, o peixe com leite de coco remete \u00e0s tradi\u00e7\u00f5es ind\u00edgenas e africanas que influenciaram fortemente a culin\u00e1ria local.<\/p>\n<p>A figura da cozinheira ou do cozinheiro tamb\u00e9m \u00e9 central nessa hist\u00f3ria. Muitas vezes mulheres negras ou ind\u00edgenas, s\u00e3o elas que mant\u00eam viva a sabedoria popular, preparando pratos que n\u00e3o est\u00e3o nos livros, mas sim na mem\u00f3ria afetiva e no \u201colho do tempero\u201d.<\/p>\n<p>Al\u00e9m do sabor, a arte da cozinha nordestina representa resist\u00eancia: contra a fome, a desigualdade e o esquecimento. Cozinhar \u00e9 um ato pol\u00edtico e cultural. \u00c9 dizer: \u201cestamos aqui\u201d, com orgulho das ra\u00edzes e da terra que alimenta.<\/p>\n<p>Em tempos de globaliza\u00e7\u00e3o e fast food, a culin\u00e1ria nordestina resiste como um patrim\u00f4nio imaterial. Em cada prato, uma hist\u00f3ria; em cada cheiro, uma lembran\u00e7a; em cada gosto, um peda\u00e7o de Nordeste.<\/p>\n","protected":false},"excerpt":{"rendered":"<p>No Nordeste, a cozinha \u00e9 mais do que alimenta\u00e7\u00e3o: \u00e9 cultura viva, heran\u00e7a ancestral e resist\u00eancia di\u00e1ria. Cada receita, cada tempero e cada prato servido carrega hist\u00f3rias de um povo que aprendeu a transformar o que a terra oferece em sabor, identidade e mem\u00f3ria. Nas cozinhas simples de barro, nas casas de taipa, ou mesmo [&hellip;]<\/p>\n","protected":false},"author":2,"featured_media":358826,"comment_status":"closed","ping_status":"closed","sticky":false,"template":"","format":"standard","meta":{"_acf_changed":false,"footnotes":""},"categories":[165],"tags":[],"class_list":["post-358825","post","type-post","status-publish","format-standard","has-post-thumbnail","hentry","category-nordeste"],"acf":[],"_links":{"self":[{"href":"https:\/\/www.notibras.com\/site\/wp-json\/wp\/v2\/posts\/358825","targetHints":{"allow":["GET"]}}],"collection":[{"href":"https:\/\/www.notibras.com\/site\/wp-json\/wp\/v2\/posts"}],"about":[{"href":"https:\/\/www.notibras.com\/site\/wp-json\/wp\/v2\/types\/post"}],"author":[{"embeddable":true,"href":"https:\/\/www.notibras.com\/site\/wp-json\/wp\/v2\/users\/2"}],"replies":[{"embeddable":true,"href":"https:\/\/www.notibras.com\/site\/wp-json\/wp\/v2\/comments?post=358825"}],"version-history":[{"count":2,"href":"https:\/\/www.notibras.com\/site\/wp-json\/wp\/v2\/posts\/358825\/revisions"}],"predecessor-version":[{"id":358828,"href":"https:\/\/www.notibras.com\/site\/wp-json\/wp\/v2\/posts\/358825\/revisions\/358828"}],"wp:featuredmedia":[{"embeddable":true,"href":"https:\/\/www.notibras.com\/site\/wp-json\/wp\/v2\/media\/358826"}],"wp:attachment":[{"href":"https:\/\/www.notibras.com\/site\/wp-json\/wp\/v2\/media?parent=358825"}],"wp:term":[{"taxonomy":"category","embeddable":true,"href":"https:\/\/www.notibras.com\/site\/wp-json\/wp\/v2\/categories?post=358825"},{"taxonomy":"post_tag","embeddable":true,"href":"https:\/\/www.notibras.com\/site\/wp-json\/wp\/v2\/tags?post=358825"}],"curies":[{"name":"wp","href":"https:\/\/api.w.org\/{rel}","templated":true}]}}