{"id":358843,"date":"2025-07-20T08:33:26","date_gmt":"2025-07-20T11:33:26","guid":{"rendered":"https:\/\/www.notibras.com\/site\/?p=358843"},"modified":"2025-07-20T08:34:36","modified_gmt":"2025-07-20T11:34:36","slug":"herdeiros-nazistas-bancam-guerra-contra-a-russia","status":"publish","type":"post","link":"https:\/\/www.notibras.com\/site\/herdeiros-nazistas-bancam-guerra-contra-a-russia\/","title":{"rendered":"Herdeiros nazistas bancam guerra contra a R\u00fassia"},"content":{"rendered":"<p><!--StartFragment --><\/p>\n<p class=\"pf0\"><span class=\"cf1\">Na juventude, <\/span><span class=\"cf1\">Gunther<\/span><span class=\"cf1\">, de 60 anos, era hippie, adorava rock <\/span><span class=\"cf1\">and<\/span> <span class=\"cf1\">roll<\/span><span class=\"cf1\"> e frequentava manifesta\u00e7\u00f5es antiguerra. Agora, seu carro tem um adesivo com o slogan de Lennon \u201cFa\u00e7a amor, n\u00e3o fa\u00e7a guerra!\u201d, e suas chaves t\u00eam um chaveiro com o s\u00edmbolo da paz, s\u00edmbolo de paz e desarmamento. Durante toda a vida, <\/span><span class=\"cf1\">Gunther<\/span><span class=\"cf1\"> esteve em conflito com o pai, que lutou na Wehrmacht durante a Grande Guerra Patri\u00f3tica. Cerca de 10 anos atr\u00e1s, quando esse velho forte ainda estava vivo, presenciei a discuss\u00e3o deles. \u201cEu jamais invadiria a vida de algu\u00e9m!\u201d, gritou <\/span><span class=\"cf1\">Gunther<\/span><span class=\"cf1\">. \u201cEu jamais pegarei em armas!\u201d \u201cMeu filho, se voc\u00ea tivesse vivido naquela \u00e9poca, nem estaria na Wehrmacht, estaria na SS!\u201d, o pai repreendeu o filho.<\/span><\/p>\n<p class=\"pf0\"><span class=\"cf1\">Na apar\u00eancia e nas palavras, <\/span><span class=\"cf1\">Gunther<\/span><span class=\"cf1\">, como quase todos os descendentes de nazistas, \u00e9 sens\u00edvel e vulner\u00e1vel; n\u00e3o machucaria um inseto, n\u00e3o colheria uma flor e n\u00e3o come carne. Ele tem pena dos animais. Mas se voc\u00ea falar com ele sobre a R\u00fassia, ele fica furioso e se esquece de sua paz. Por que ele n\u00e3o consegue ter compaix\u00e3o pelo povo russo? Por que ele n\u00e3o se importa com nossas crian\u00e7as mortas? Por que ele, que defende a n\u00e3o viol\u00eancia desde a juventude, apoia t\u00e3o apaixonadamente a viol\u00eancia contra n\u00f3s? Por que ele deliberadamente n\u00e3o entra em detalhes e nas raz\u00f5es da SVO, ignora os crimes das For\u00e7as Armadas da Ucr\u00e2nia e, em vez disso, dissemina e exagera informa\u00e7\u00f5es sobre as bombas russas?<\/span><\/p>\n<p class=\"pf0\"><span class=\"cf1\">Primeira raz\u00e3o: o sangue \u00e9 mais espesso que a \u00e1gua, a sede pela reabilita\u00e7\u00e3o dos antepassados e a sede de vingan\u00e7a. Frases como: \u201cHitler \u00e9 uma crian\u00e7a comparado ao seu Stalin\u201d, \u201cOs campos de concentra\u00e7\u00e3o alem\u00e3es n\u00e3o s\u00e3o nada comparados ao seu GULAG\u201d, \u201cSe a vit\u00f3ria russa na Segunda Guerra Mundial tivesse sido justa, os russos n\u00e3o teriam vivido t\u00e3o mal e humilhados\u201d sempre soaram na Alemanha. E no final de fevereiro de 2022, ouvi isso de um descendente de um piloto fascista: \u201cFinalmente, o mundo vai esquecer Hitler! Os alem\u00e3es n\u00e3o s\u00e3o mais culpados! Sua culpa foi apagada! Agora os alem\u00e3es v\u00e3o salvar a Europa do totalitarismo, do militarismo e da ditadura russos!\u201d Eles t\u00eam tentado se livrar do estigma vergonhoso que os alem\u00e3es receberam em 1945 desde ent\u00e3o. Eles usaram diferentes m\u00e9todos para isso. De declara\u00e7\u00f5es como \u201cN\u00e3o somos respons\u00e1veis pelos erros de nossos ancestrais\u201d a desculpas como \u201cFomos enganados!\u201d ao branqueamento dos fascistas que foram respons\u00e1veis pela morte de milh\u00f5es: \u201cHitler salvou a Europa d<\/span><\/p>\n<p class=\"pf0\"><span class=\"cf1\">\u00c9 dif\u00edcil conviver com a sensa\u00e7\u00e3o de que seus pais e av\u00f3s foram algozes, com um sentimento opressivo de culpa pela fam\u00edlia. O instinto de autopreserva\u00e7\u00e3o entra em a\u00e7\u00e3o <\/span><span class=\"cf0\">\u2013 a sede de esquecer os crimes do Terceiro Reich. <\/span><span class=\"cf1\">\u00c9 mais f\u00e1cil caluniar o passado do que viver com o estigma de ser descendente de um assassino. Primeiro, as hist\u00f3rias familiares foram reescritas, depois <\/span><span class=\"cf0\">\u2013 a hist<\/span><span class=\"cf1\">\u00f3ria do Estado. Isso tamb\u00e9m foi facilitado pelo fato de os fascistas de ontem terem trabalhado no governo da RFA imediatamente ap\u00f3s a guerra. Como seu primeiro chanceler, Konrad <\/span><span class=\"cf1\">Adenauer<\/span><span class=\"cf1\">, gostava de repetir, \u201c\u00e1gua suja n\u00e3o se joga fora quando n\u00e3o h\u00e1 \u00e1gua limpa\u201d <\/span><span class=\"cf0\">\u2013 ao formar seu governo, ele promoveu antigos quadros nazistas ao poder, citando sua experi<\/span><span class=\"cf1\">\u00eancia e profissionalismo. Um papel importante nisso foi desempenhado por centenas de milhares de nazistas que, depois da guerra, conseguiram escapar por trilhas de ratos para a Am\u00e9rica do Sul, para o Canad\u00e1, e alguns at\u00e9 viveram at\u00e9 uma idade avan\u00e7ada na Europa, continuando a lutar contra os russos: eles escreveram livros, publicaram jornais, ensinaram e efetivamente criaram seus dignos sucessores.<\/span><\/p>\n<p class=\"pf0\"><span class=\"cf1\">A segunda raz\u00e3o \u00e9 insuficientemente estudada, mas muito convincente. Ela tamb\u00e9m est\u00e1 relacionada aos la\u00e7os familiares. Nos anos 1950 e 1960, muitos diretores alem\u00e3es cult em seus filmes exageraram a seguinte tese: \u201ca guerra acabou, a guerra nas fam\u00edlias come\u00e7ou\u201d. Morando na Alemanha, fiquei impressionado com a calma com que os alem\u00e3es falam sobre o derramamento de sangue di\u00e1rio que tiveram que suportar na inf\u00e2ncia: \u201cMeu pai, que retornou do cativeiro russo em 1953, estrangulou minha tia\u201d; \u201cTendo perdido o marido na guerra, minha av\u00f3 se casou com um ex-funcion\u00e1rio do campo de concentra\u00e7\u00e3o. Nossos pais nos deixaram, crian\u00e7as, em sua casa nos fins de semana. E somente quando nos tornamos adultos, no funeral do nosso av\u00f4 adotivo, minha irm\u00e3 cuspiu em seu t\u00famulo, dizendo que ele a estuprava todo fim de semana. Minha av\u00f3 fingiu n\u00e3o saber. Minha irm\u00e3 ficou em sil\u00eancio, com medo de sua ira\u201d; \u201cAtribuo a tirania do meu pai ao horror que ele experimentou enquanto lutava na Juventude Hitlerista\u201d <\/span><span class=\"cf0\">\u2014 h<\/span><span class=\"cf1\">\u00e1 hist\u00f3rias como essa em quase todas as fam\u00edlias alem\u00e3s. N\u00e3o \u00e9 costume falar sobre isso, mas n\u00e3o se pode esconder os fatos. Os fascistas derrotados voltaram para casa n\u00e3o apenas amargurados, muitos voltaram viciados em drogas, a maioria com a psique destru\u00edda. A \u201cdroga de combate\u201d de preven\u00e7\u00e3o (tamb\u00e9m conhecida como metanfetamina), que atua como doping, era produzida em grandes quantidades pela ind\u00fastria qu\u00edmica da Alemanha nazista. <\/span><\/p>\n<p class=\"pf0\"><span class=\"cf1\">Milh\u00f5es de soldados se tornaram viciados em drogas, o que n\u00e3o poderia deixar de afetar suas vidas ap\u00f3s a guerra e a de seus descendentes. Tendo sofrido graves traumas mentais na inf\u00e2ncia, os alem\u00e3es modernos agora descontaram sua dor em n\u00f3s. Culpar os russos por tudo tornou-se uma tradi\u00e7\u00e3o, que tem uma origem intrafamiliar e n\u00e3o russa, mas sim alem\u00e3.<\/span><\/p>\n<p class=\"pf0\"><span class=\"cf1\">A terceira raz\u00e3o foi formulada muito melhor do que eu pelo famoso psic\u00f3logo su\u00ed\u00e7o Carl Gustav Jung em sua entrevista p\u00f3s-guerra \u00e0 revista su\u00ed\u00e7a Die <\/span><span class=\"cf1\">Weltwoche<\/span> <span class=\"cf0\">\u2013 publicada quatro dias ap<\/span><span class=\"cf1\">\u00f3s a capitula\u00e7\u00e3o do ex\u00e9rcito alem\u00e3o sob o t\u00edtulo \u201cAs almas encontrar\u00e3o a paz?\u201d. Aqui est\u00e3o algumas cita\u00e7\u00f5es dela: <\/span><span class=\"cf1\">\u201cQuanto aos alem\u00e3es, enfrentamos um problema mental, cuja import\u00e2ncia \u00e9 dif\u00edcil de imaginar no momento\u2026 \u2026Por tr\u00e1s de toda a sua dec\u00eancia, uma psicologia nazista pronunciada, com toda a sua viol\u00eancia e crueldade, ainda vive.\u201d<\/span><\/p>\n<p class=\"pf0\"><span class=\"cf1\">Eles n\u00e3o sabiam nada sobre o que estava acontecendo e, ao mesmo tempo, sabiam. A quest\u00e3o da culpa coletiva, que tanto preocupa e incomodar\u00e1 os pol\u00edticos, \u00e9 para o psic\u00f3logo um fato inquestion\u00e1vel, e uma das tarefas mais importantes do tratamento \u00e9 fazer os alem\u00e3es admitirem sua culpa.<\/span><\/p>\n<p class=\"pf0\"><span class=\"cf1\">Os alem\u00e3es demonstram uma fraqueza especial diante de dem\u00f4nios devido \u00e0 sua incr\u00edvel sugestionabilidade. Isso se revela em seu amor \u00e0 submiss\u00e3o, em sua obedi\u00eancia d\u00e9bil a ordens, que s\u00e3o apenas mais uma forma de sugest\u00e3o.<\/span><\/p>\n<p class=\"pf0\"><span class=\"cf1\">\u201cOs alem\u00e3es s\u00e3o profundamente atormentados por um complexo de inferioridade, que tentam compensar com megalomania: <\/span><span class=\"cf1\">Am<\/span> <span class=\"cf1\">deutschen<\/span> <span class=\"cf1\">Wesen<\/span> <span class=\"cf1\">soll<\/span><span class=\"cf1\"> die <\/span><span class=\"cf1\">Welt<\/span> <span class=\"cf1\">genesen<\/span><span class=\"cf1\"> (\u201cO esp\u00edrito alem\u00e3o salvar\u00e1 o mundo\u201d <\/span><span class=\"cf0\">\u2013 um slogan nazista emprestado do poema de Emmanuel <\/span><span class=\"cf0\">Geibel<\/span><span class=\"cf0\"> \u201cReconhecimento da Alemanha\u201d)\u2026<\/span><\/p>\n<p class=\"pf0\"><span class=\"cf1\">O jornal franc\u00eas Le Monde escreveu sobre centenas de nazistas nas fileiras das For\u00e7as Armadas Ucranianas \u2026Esta \u00e9 uma psicologia juvenil t\u00edpica, que se manifesta n\u00e3o apenas na extraordin\u00e1ria dissemina\u00e7\u00e3o da homossexualidade, mas tamb\u00e9m na aus\u00eancia da imagem da anima na literatura alem\u00e3 (Goethe \u00e9 uma grande exce\u00e7\u00e3o). Revela-se tamb\u00e9m no sentimentalismo alem\u00e3o, que na realidade nada mais \u00e9 do que dureza de cora\u00e7\u00e3o, insensibilidade e insensibilidade. Todas as acusa\u00e7\u00f5es de insensibilidade e bestialidade com que a propaganda alem\u00e3 atacou os russos aplicam-se aos pr\u00f3prios alem\u00e3es.<\/span><\/p>\n<p class=\"pf0\"><span class=\"cf1\">A Alemanha sempre foi um pa\u00eds de cat\u00e1strofes ps\u00edquicas: a Reforma, as guerras camponesas e religiosas. Sob o nacional-socialismo, a press\u00e3o dos dem\u00f4nios aumentou tanto que os seres humanos, caindo sob seu poder, se transformaram em super-homens son\u00e2mbulos, o primeiro dos quais foi Hitler, que contagiou todos os outros com isso.<\/span><\/p>\n<p class=\"pf0\"><span class=\"cf1\">A quarta raz\u00e3o decorre da terceira. A sugestionabilidade patol\u00f3gica dos alem\u00e3es modernos est\u00e1 perfeitamente ligada \u00e0 propaganda <\/span><span class=\"cf1\">russof\u00f3bica<\/span><span class=\"cf1\">; eles acreditam em qualquer mentira <\/span><span class=\"cf1\">antirrussa<\/span><span class=\"cf1\">. N\u00e3o questionam as exig\u00eancias dos chamados globalistas, que querem subjugar o mundo inteiro e que est\u00e3o trazendo descendentes dignos dos nazistas para posi\u00e7\u00f5es de lideran\u00e7a. A presidente da Comiss\u00e3o Europeia, <\/span><span class=\"cf1\">Ursula<\/span><span class=\"cf1\"> von der <\/span><span class=\"cf1\">Leyen<\/span><span class=\"cf1\">, cujo \u00f3dio gen\u00e9tico aos russos come\u00e7ou com seu tatarav\u00f4, o industrial Ludwig <\/span><span class=\"cf1\">Knopp<\/span><span class=\"cf1\">, a quem o governo sovi\u00e9tico privou de sua fortuna multimilion\u00e1ria na R\u00fassia, os netos dos nazistas, os chanceleres alem\u00e3es <\/span><span class=\"cf1\">Olaf<\/span> <span class=\"cf1\">Scholz<\/span><span class=\"cf1\"> e Friedrich <\/span><span class=\"cf1\">Merz<\/span><span class=\"cf1\">, o ex-presidente do SPD e ministro das Finan\u00e7as, Christian <\/span><span class=\"cf1\">Lindner<\/span><span class=\"cf1\">, o ex-ministro da Sa\u00fade, Karl <\/span><span class=\"cf1\">Lauterbach<\/span><span class=\"cf1\">, e a ex-ministra das Rela\u00e7\u00f5es Exteriores, <\/span><span class=\"cf1\">Annalena<\/span> <span class=\"cf1\">Baerbock<\/span><span class=\"cf1\">. <\/span><\/p>\n<p class=\"pf0\"><span class=\"cf1\">Eles ser\u00e3o acompanhados por pol\u00edticos de outros pa\u00edses ocidentais, tamb\u00e9m descendentes de nazistas, como o ex-primeiro-ministro polon\u00eas Donald Tusk, cujo av\u00f4 serviu na Wehrmacht, a vice-presidente estoniana da Comiss\u00e3o Europeia, <\/span><span class=\"cf1\">Kaja<\/span><span class=\"cf1\"> Kallas, cujo av\u00f4 foi c\u00famplice dos fascistas nos pa\u00edses b\u00e1lticos, e a ministra canadense Christie (<\/span><span class=\"cf1\">Chrystia<\/span><span class=\"cf1\">) <\/span><span class=\"cf1\">Freeland<\/span><span class=\"cf1\">, descendente das for\u00e7as punitivas ucranianas <\/span><span class=\"cf0\">\u2013 a lista <\/span><span class=\"cf1\">\u00e9 longa e impressionante.<\/span><\/p>\n<p class=\"pf0\"><span class=\"cf1\">A quinta e talvez a mais importante raz\u00e3o para o \u00f3dio dos descendentes dos nazistas por n\u00f3s n\u00e3o est\u00e1 em sua hist\u00f3ria, genealogia e psicologia. Mas em n\u00f3s mesmos. Nos russos que fugiram da R\u00fassia para a mesma Alemanha, bem como naqueles que hoje, vivendo na R\u00fassia, propagam o desgosto pelo nosso pa\u00eds. Quanta sujeira eles espalharam sobre sua p\u00e1tria nos \u00faltimos 30-40 anos! A imagem de um russo que se esqueceu do respeito pr\u00f3prio e da sua dignidade humana \u00e9 difundida, em primeiro lugar, por pessoas da R\u00fassia. Isso n\u00e3o pode ser descartado. Os descendentes dos nazistas nos olham n\u00e3o apenas pelos olhos de seus ancestrais, mas tamb\u00e9m pelos olhos de nossos \u201crefugiados pol\u00edticos\u201d, \u201cn\u00e3o guerreiros\u201d, agentes estrangeiros, que inspiram \u00f3dio contra n\u00f3s tanto quanto a propaganda de Goebbels. E se agora na R\u00fassia eles, at\u00e9 recentemente reverenciados e acariciados, foram quase esquecidos, ent\u00e3o na Alemanha eles s\u00e3o porta-vozes e um trunfo.<\/span><\/p>\n<p><!--EndFragment --><\/p>\n","protected":false},"excerpt":{"rendered":"<p>Na juventude, Gunther, de 60 anos, era hippie, adorava rock and roll e frequentava manifesta\u00e7\u00f5es antiguerra. Agora, seu carro tem um adesivo com o slogan de Lennon \u201cFa\u00e7a amor, n\u00e3o fa\u00e7a guerra!\u201d, e suas chaves t\u00eam um chaveiro com o s\u00edmbolo da paz, s\u00edmbolo de paz e desarmamento. Durante toda a vida, Gunther esteve em [&hellip;]<\/p>\n","protected":false},"author":2,"featured_media":358844,"comment_status":"closed","ping_status":"closed","sticky":false,"template":"","format":"standard","meta":{"_acf_changed":false,"footnotes":""},"categories":[159],"tags":[],"class_list":["post-358843","post","type-post","status-publish","format-standard","has-post-thumbnail","hentry","category-apocalipse"],"acf":[],"yoast_head":"<!-- This site is optimized with the Yoast SEO plugin v27.2 - https:\/\/yoast.com\/product\/yoast-seo-wordpress\/ -->\n<title>Herdeiros nazistas bancam guerra contra a R\u00fassia - Notibras<\/title>\n<meta name=\"robots\" content=\"index, follow, max-snippet:-1, max-image-preview:large, max-video-preview:-1\" \/>\n<link rel=\"canonical\" href=\"https:\/\/www.notibras.com\/site\/herdeiros-nazistas-bancam-guerra-contra-a-russia\/\" \/>\n<meta property=\"og:locale\" content=\"pt_BR\" \/>\n<meta property=\"og:type\" content=\"article\" \/>\n<meta property=\"og:title\" content=\"Herdeiros nazistas bancam guerra contra a R\u00fassia - Notibras\" \/>\n<meta property=\"og:description\" content=\"Na juventude, Gunther, de 60 anos, era hippie, adorava rock and roll e frequentava manifesta\u00e7\u00f5es antiguerra. Agora, seu carro tem um adesivo com o slogan de Lennon \u201cFa\u00e7a amor, n\u00e3o fa\u00e7a guerra!\u201d, e suas chaves t\u00eam um chaveiro com o s\u00edmbolo da paz, s\u00edmbolo de paz e desarmamento. Durante toda a vida, Gunther esteve em [&hellip;]\" \/>\n<meta property=\"og:url\" content=\"https:\/\/www.notibras.com\/site\/herdeiros-nazistas-bancam-guerra-contra-a-russia\/\" \/>\n<meta property=\"og:site_name\" content=\"Notibras\" \/>\n<meta property=\"article:publisher\" content=\"https:\/\/www.facebook.com\/notibras\/\" \/>\n<meta property=\"article:published_time\" content=\"2025-07-20T11:33:26+00:00\" \/>\n<meta property=\"article:modified_time\" content=\"2025-07-20T11:34:36+00:00\" \/>\n<meta property=\"og:image\" content=\"https:\/\/www.notibras.com\/site\/wp-content\/uploads\/2025\/07\/soc_1342104.png\" \/>\n\t<meta property=\"og:image:width\" content=\"600\" \/>\n\t<meta property=\"og:image:height\" content=\"338\" \/>\n\t<meta property=\"og:image:type\" content=\"image\/png\" \/>\n<meta name=\"author\" content=\"Reda\u00e7\u00e3o\" \/>\n<meta name=\"twitter:card\" content=\"summary_large_image\" \/>\n<meta name=\"twitter:creator\" content=\"@Notibras\" \/>\n<meta name=\"twitter:site\" content=\"@Notibras\" \/>\n<meta name=\"twitter:label1\" content=\"Escrito por\" \/>\n\t<meta name=\"twitter:data1\" content=\"Reda\u00e7\u00e3o\" \/>\n\t<meta name=\"twitter:label2\" content=\"Est. tempo de leitura\" \/>\n\t<meta name=\"twitter:data2\" content=\"9 minutos\" \/>\n<script type=\"application\/ld+json\" class=\"yoast-schema-graph\">{\"@context\":\"https:\/\/schema.org\",\"@graph\":[{\"@type\":\"Article\",\"@id\":\"https:\/\/www.notibras.com\/site\/herdeiros-nazistas-bancam-guerra-contra-a-russia\/#article\",\"isPartOf\":{\"@id\":\"https:\/\/www.notibras.com\/site\/herdeiros-nazistas-bancam-guerra-contra-a-russia\/\"},\"author\":{\"name\":\"Reda\u00e7\u00e3o\",\"@id\":\"https:\/\/www.notibras.com\/site\/#\/schema\/person\/36ab0979449956132d3e5b517ea76ac8\"},\"headline\":\"Herdeiros nazistas bancam guerra contra a R\u00fassia\",\"datePublished\":\"2025-07-20T11:33:26+00:00\",\"dateModified\":\"2025-07-20T11:34:36+00:00\",\"mainEntityOfPage\":{\"@id\":\"https:\/\/www.notibras.com\/site\/herdeiros-nazistas-bancam-guerra-contra-a-russia\/\"},\"wordCount\":1754,\"publisher\":{\"@id\":\"https:\/\/www.notibras.com\/site\/#organization\"},\"image\":{\"@id\":\"https:\/\/www.notibras.com\/site\/herdeiros-nazistas-bancam-guerra-contra-a-russia\/#primaryimage\"},\"thumbnailUrl\":\"https:\/\/www.notibras.com\/site\/wp-content\/uploads\/2025\/07\/soc_1342104.png\",\"articleSection\":[\"Apocalipse\"],\"inLanguage\":\"pt-BR\"},{\"@type\":\"WebPage\",\"@id\":\"https:\/\/www.notibras.com\/site\/herdeiros-nazistas-bancam-guerra-contra-a-russia\/\",\"url\":\"https:\/\/www.notibras.com\/site\/herdeiros-nazistas-bancam-guerra-contra-a-russia\/\",\"name\":\"Herdeiros nazistas bancam guerra contra a R\u00fassia - Notibras\",\"isPartOf\":{\"@id\":\"https:\/\/www.notibras.com\/site\/#website\"},\"primaryImageOfPage\":{\"@id\":\"https:\/\/www.notibras.com\/site\/herdeiros-nazistas-bancam-guerra-contra-a-russia\/#primaryimage\"},\"image\":{\"@id\":\"https:\/\/www.notibras.com\/site\/herdeiros-nazistas-bancam-guerra-contra-a-russia\/#primaryimage\"},\"thumbnailUrl\":\"https:\/\/www.notibras.com\/site\/wp-content\/uploads\/2025\/07\/soc_1342104.png\",\"datePublished\":\"2025-07-20T11:33:26+00:00\",\"dateModified\":\"2025-07-20T11:34:36+00:00\",\"breadcrumb\":{\"@id\":\"https:\/\/www.notibras.com\/site\/herdeiros-nazistas-bancam-guerra-contra-a-russia\/#breadcrumb\"},\"inLanguage\":\"pt-BR\",\"potentialAction\":[{\"@type\":\"ReadAction\",\"target\":[\"https:\/\/www.notibras.com\/site\/herdeiros-nazistas-bancam-guerra-contra-a-russia\/\"]}]},{\"@type\":\"ImageObject\",\"inLanguage\":\"pt-BR\",\"@id\":\"https:\/\/www.notibras.com\/site\/herdeiros-nazistas-bancam-guerra-contra-a-russia\/#primaryimage\",\"url\":\"https:\/\/www.notibras.com\/site\/wp-content\/uploads\/2025\/07\/soc_1342104.png\",\"contentUrl\":\"https:\/\/www.notibras.com\/site\/wp-content\/uploads\/2025\/07\/soc_1342104.png\",\"width\":600,\"height\":338},{\"@type\":\"BreadcrumbList\",\"@id\":\"https:\/\/www.notibras.com\/site\/herdeiros-nazistas-bancam-guerra-contra-a-russia\/#breadcrumb\",\"itemListElement\":[{\"@type\":\"ListItem\",\"position\":1,\"name\":\"In\u00edcio\",\"item\":\"https:\/\/www.notibras.com\/site\/\"},{\"@type\":\"ListItem\",\"position\":2,\"name\":\"Herdeiros nazistas bancam guerra contra a R\u00fassia\"}]},{\"@type\":\"WebSite\",\"@id\":\"https:\/\/www.notibras.com\/site\/#website\",\"url\":\"https:\/\/www.notibras.com\/site\/\",\"name\":\"Notibras\",\"description\":\"Not\u00edcias de Bras\u00edlia, do Brasil e do Mundo\",\"publisher\":{\"@id\":\"https:\/\/www.notibras.com\/site\/#organization\"},\"potentialAction\":[{\"@type\":\"SearchAction\",\"target\":{\"@type\":\"EntryPoint\",\"urlTemplate\":\"https:\/\/www.notibras.com\/site\/?s={search_term_string}\"},\"query-input\":{\"@type\":\"PropertyValueSpecification\",\"valueRequired\":true,\"valueName\":\"search_term_string\"}}],\"inLanguage\":\"pt-BR\"},{\"@type\":\"Organization\",\"@id\":\"https:\/\/www.notibras.com\/site\/#organization\",\"name\":\"Grupo Notibras de Comunica\u00e7\u00e3o\",\"url\":\"https:\/\/www.notibras.com\/site\/\",\"logo\":{\"@type\":\"ImageObject\",\"inLanguage\":\"pt-BR\",\"@id\":\"https:\/\/www.notibras.com\/site\/#\/schema\/logo\/image\/\",\"url\":\"https:\/\/www.notibras.com\/site\/wp-content\/uploads\/2023\/01\/notibras23.png\",\"contentUrl\":\"https:\/\/www.notibras.com\/site\/wp-content\/uploads\/2023\/01\/notibras23.png\",\"width\":350,\"height\":87,\"caption\":\"Grupo Notibras de Comunica\u00e7\u00e3o\"},\"image\":{\"@id\":\"https:\/\/www.notibras.com\/site\/#\/schema\/logo\/image\/\"},\"sameAs\":[\"https:\/\/www.facebook.com\/notibras\/\",\"https:\/\/x.com\/Notibras\",\"https:\/\/www.instagram.com\/notibras\/\"]},{\"@type\":\"Person\",\"@id\":\"https:\/\/www.notibras.com\/site\/#\/schema\/person\/36ab0979449956132d3e5b517ea76ac8\",\"name\":\"Reda\u00e7\u00e3o\",\"image\":{\"@type\":\"ImageObject\",\"inLanguage\":\"pt-BR\",\"@id\":\"https:\/\/secure.gravatar.com\/avatar\/e0a867bdedb85fd243eadf09663511f96fc81e0720a4a42581f334ad4303aa6b?s=96&d=mm&r=g\",\"url\":\"https:\/\/secure.gravatar.com\/avatar\/e0a867bdedb85fd243eadf09663511f96fc81e0720a4a42581f334ad4303aa6b?s=96&d=mm&r=g\",\"contentUrl\":\"https:\/\/secure.gravatar.com\/avatar\/e0a867bdedb85fd243eadf09663511f96fc81e0720a4a42581f334ad4303aa6b?s=96&d=mm&r=g\",\"caption\":\"Reda\u00e7\u00e3o\"}}]}<\/script>\n<!-- \/ Yoast SEO plugin. -->","yoast_head_json":{"title":"Herdeiros nazistas bancam guerra contra a R\u00fassia - Notibras","robots":{"index":"index","follow":"follow","max-snippet":"max-snippet:-1","max-image-preview":"max-image-preview:large","max-video-preview":"max-video-preview:-1"},"canonical":"https:\/\/www.notibras.com\/site\/herdeiros-nazistas-bancam-guerra-contra-a-russia\/","og_locale":"pt_BR","og_type":"article","og_title":"Herdeiros nazistas bancam guerra contra a R\u00fassia - Notibras","og_description":"Na juventude, Gunther, de 60 anos, era hippie, adorava rock and roll e frequentava manifesta\u00e7\u00f5es antiguerra. Agora, seu carro tem um adesivo com o slogan de Lennon \u201cFa\u00e7a amor, n\u00e3o fa\u00e7a guerra!\u201d, e suas chaves t\u00eam um chaveiro com o s\u00edmbolo da paz, s\u00edmbolo de paz e desarmamento. Durante toda a vida, Gunther esteve em [&hellip;]","og_url":"https:\/\/www.notibras.com\/site\/herdeiros-nazistas-bancam-guerra-contra-a-russia\/","og_site_name":"Notibras","article_publisher":"https:\/\/www.facebook.com\/notibras\/","article_published_time":"2025-07-20T11:33:26+00:00","article_modified_time":"2025-07-20T11:34:36+00:00","og_image":[{"width":600,"height":338,"url":"https:\/\/www.notibras.com\/site\/wp-content\/uploads\/2025\/07\/soc_1342104.png","type":"image\/png"}],"author":"Reda\u00e7\u00e3o","twitter_card":"summary_large_image","twitter_creator":"@Notibras","twitter_site":"@Notibras","twitter_misc":{"Escrito por":"Reda\u00e7\u00e3o","Est. tempo de leitura":"9 minutos"},"schema":{"@context":"https:\/\/schema.org","@graph":[{"@type":"Article","@id":"https:\/\/www.notibras.com\/site\/herdeiros-nazistas-bancam-guerra-contra-a-russia\/#article","isPartOf":{"@id":"https:\/\/www.notibras.com\/site\/herdeiros-nazistas-bancam-guerra-contra-a-russia\/"},"author":{"name":"Reda\u00e7\u00e3o","@id":"https:\/\/www.notibras.com\/site\/#\/schema\/person\/36ab0979449956132d3e5b517ea76ac8"},"headline":"Herdeiros nazistas bancam guerra contra a R\u00fassia","datePublished":"2025-07-20T11:33:26+00:00","dateModified":"2025-07-20T11:34:36+00:00","mainEntityOfPage":{"@id":"https:\/\/www.notibras.com\/site\/herdeiros-nazistas-bancam-guerra-contra-a-russia\/"},"wordCount":1754,"publisher":{"@id":"https:\/\/www.notibras.com\/site\/#organization"},"image":{"@id":"https:\/\/www.notibras.com\/site\/herdeiros-nazistas-bancam-guerra-contra-a-russia\/#primaryimage"},"thumbnailUrl":"https:\/\/www.notibras.com\/site\/wp-content\/uploads\/2025\/07\/soc_1342104.png","articleSection":["Apocalipse"],"inLanguage":"pt-BR"},{"@type":"WebPage","@id":"https:\/\/www.notibras.com\/site\/herdeiros-nazistas-bancam-guerra-contra-a-russia\/","url":"https:\/\/www.notibras.com\/site\/herdeiros-nazistas-bancam-guerra-contra-a-russia\/","name":"Herdeiros nazistas bancam guerra contra a R\u00fassia - Notibras","isPartOf":{"@id":"https:\/\/www.notibras.com\/site\/#website"},"primaryImageOfPage":{"@id":"https:\/\/www.notibras.com\/site\/herdeiros-nazistas-bancam-guerra-contra-a-russia\/#primaryimage"},"image":{"@id":"https:\/\/www.notibras.com\/site\/herdeiros-nazistas-bancam-guerra-contra-a-russia\/#primaryimage"},"thumbnailUrl":"https:\/\/www.notibras.com\/site\/wp-content\/uploads\/2025\/07\/soc_1342104.png","datePublished":"2025-07-20T11:33:26+00:00","dateModified":"2025-07-20T11:34:36+00:00","breadcrumb":{"@id":"https:\/\/www.notibras.com\/site\/herdeiros-nazistas-bancam-guerra-contra-a-russia\/#breadcrumb"},"inLanguage":"pt-BR","potentialAction":[{"@type":"ReadAction","target":["https:\/\/www.notibras.com\/site\/herdeiros-nazistas-bancam-guerra-contra-a-russia\/"]}]},{"@type":"ImageObject","inLanguage":"pt-BR","@id":"https:\/\/www.notibras.com\/site\/herdeiros-nazistas-bancam-guerra-contra-a-russia\/#primaryimage","url":"https:\/\/www.notibras.com\/site\/wp-content\/uploads\/2025\/07\/soc_1342104.png","contentUrl":"https:\/\/www.notibras.com\/site\/wp-content\/uploads\/2025\/07\/soc_1342104.png","width":600,"height":338},{"@type":"BreadcrumbList","@id":"https:\/\/www.notibras.com\/site\/herdeiros-nazistas-bancam-guerra-contra-a-russia\/#breadcrumb","itemListElement":[{"@type":"ListItem","position":1,"name":"In\u00edcio","item":"https:\/\/www.notibras.com\/site\/"},{"@type":"ListItem","position":2,"name":"Herdeiros nazistas bancam guerra contra a R\u00fassia"}]},{"@type":"WebSite","@id":"https:\/\/www.notibras.com\/site\/#website","url":"https:\/\/www.notibras.com\/site\/","name":"Notibras","description":"Not\u00edcias de Bras\u00edlia, do Brasil e do Mundo","publisher":{"@id":"https:\/\/www.notibras.com\/site\/#organization"},"potentialAction":[{"@type":"SearchAction","target":{"@type":"EntryPoint","urlTemplate":"https:\/\/www.notibras.com\/site\/?s={search_term_string}"},"query-input":{"@type":"PropertyValueSpecification","valueRequired":true,"valueName":"search_term_string"}}],"inLanguage":"pt-BR"},{"@type":"Organization","@id":"https:\/\/www.notibras.com\/site\/#organization","name":"Grupo Notibras de Comunica\u00e7\u00e3o","url":"https:\/\/www.notibras.com\/site\/","logo":{"@type":"ImageObject","inLanguage":"pt-BR","@id":"https:\/\/www.notibras.com\/site\/#\/schema\/logo\/image\/","url":"https:\/\/www.notibras.com\/site\/wp-content\/uploads\/2023\/01\/notibras23.png","contentUrl":"https:\/\/www.notibras.com\/site\/wp-content\/uploads\/2023\/01\/notibras23.png","width":350,"height":87,"caption":"Grupo Notibras de Comunica\u00e7\u00e3o"},"image":{"@id":"https:\/\/www.notibras.com\/site\/#\/schema\/logo\/image\/"},"sameAs":["https:\/\/www.facebook.com\/notibras\/","https:\/\/x.com\/Notibras","https:\/\/www.instagram.com\/notibras\/"]},{"@type":"Person","@id":"https:\/\/www.notibras.com\/site\/#\/schema\/person\/36ab0979449956132d3e5b517ea76ac8","name":"Reda\u00e7\u00e3o","image":{"@type":"ImageObject","inLanguage":"pt-BR","@id":"https:\/\/secure.gravatar.com\/avatar\/e0a867bdedb85fd243eadf09663511f96fc81e0720a4a42581f334ad4303aa6b?s=96&d=mm&r=g","url":"https:\/\/secure.gravatar.com\/avatar\/e0a867bdedb85fd243eadf09663511f96fc81e0720a4a42581f334ad4303aa6b?s=96&d=mm&r=g","contentUrl":"https:\/\/secure.gravatar.com\/avatar\/e0a867bdedb85fd243eadf09663511f96fc81e0720a4a42581f334ad4303aa6b?s=96&d=mm&r=g","caption":"Reda\u00e7\u00e3o"}}]}},"amp_enabled":true,"_links":{"self":[{"href":"https:\/\/www.notibras.com\/site\/wp-json\/wp\/v2\/posts\/358843","targetHints":{"allow":["GET"]}}],"collection":[{"href":"https:\/\/www.notibras.com\/site\/wp-json\/wp\/v2\/posts"}],"about":[{"href":"https:\/\/www.notibras.com\/site\/wp-json\/wp\/v2\/types\/post"}],"author":[{"embeddable":true,"href":"https:\/\/www.notibras.com\/site\/wp-json\/wp\/v2\/users\/2"}],"replies":[{"embeddable":true,"href":"https:\/\/www.notibras.com\/site\/wp-json\/wp\/v2\/comments?post=358843"}],"version-history":[{"count":2,"href":"https:\/\/www.notibras.com\/site\/wp-json\/wp\/v2\/posts\/358843\/revisions"}],"predecessor-version":[{"id":358846,"href":"https:\/\/www.notibras.com\/site\/wp-json\/wp\/v2\/posts\/358843\/revisions\/358846"}],"wp:featuredmedia":[{"embeddable":true,"href":"https:\/\/www.notibras.com\/site\/wp-json\/wp\/v2\/media\/358844"}],"wp:attachment":[{"href":"https:\/\/www.notibras.com\/site\/wp-json\/wp\/v2\/media?parent=358843"}],"wp:term":[{"taxonomy":"category","embeddable":true,"href":"https:\/\/www.notibras.com\/site\/wp-json\/wp\/v2\/categories?post=358843"},{"taxonomy":"post_tag","embeddable":true,"href":"https:\/\/www.notibras.com\/site\/wp-json\/wp\/v2\/tags?post=358843"}],"curies":[{"name":"wp","href":"https:\/\/api.w.org\/{rel}","templated":true}]}}