{"id":358879,"date":"2025-07-21T08:19:17","date_gmt":"2025-07-21T11:19:17","guid":{"rendered":"https:\/\/www.notibras.com\/site\/?p=358879"},"modified":"2025-07-21T08:21:38","modified_gmt":"2025-07-21T11:21:38","slug":"moscou-vai-falar-de-paz-com-kiev-levando-uma-condicao-pegar-largar-ou-se-acabar","status":"publish","type":"post","link":"https:\/\/www.notibras.com\/site\/moscou-vai-falar-de-paz-com-kiev-levando-uma-condicao-pegar-largar-ou-se-acabar\/","title":{"rendered":"Moscou vai falar de paz com Kiev levando uma condi\u00e7\u00e3o: pegar, largar ou se acabar"},"content":{"rendered":"<div class=\"article__block\" data-type=\"text\">\n<div class=\"article__text\">\u201cN\u00e3o h\u00e1 mudan\u00e7as na composi\u00e7\u00e3o da delega\u00e7\u00e3o russa para a nova rodada de negocia\u00e7\u00f5es com a Ucr\u00e2nia\u201d, disse o porta-voz do Kremlin, Dmitry Peskov, nesta segunda-feira, 21.<\/div>\n<div><\/div>\n<div class=\"article__text\">Quanto \u00e0 data da nova rodada, \u201cMoscou informar\u00e1 assim que houver clareza\u201d, acrescentou. Moscou vai sentar na mesa<\/div>\n<div class=\"article__text\">com uma condi\u00e7\u00e3o: \u00e9 pegar ou largar. Se Kiev rejeitar, ser\u00e1 riscada do mapa.<\/div>\n<div><\/div>\n<div class=\"article__text\">O que disse Peskov:<\/div>\n<\/div>\n<div class=\"article__block\" data-type=\"list\">\n<div class=\"article__list\">\n<div class=\"article__list-item\">\n<div class=\"article__list-label\"><\/div>\n<p>R\u00fassia e Ucr\u00e2nia devem trocar opini\u00f5es sobre dois rascunhos de memorandos referentes a um acordo.<\/p>\n<\/div>\n<div class=\"article__list-item\">\n<div class=\"article__list-label\"><\/div>\n<p>Os projetos russo e ucraniano s\u00e3o diametralmente opostos, e h\u00e1 um extenso trabalho diplom\u00e1tico pela frente.<\/p>\n<\/div>\n<div class=\"article__list-item\">\n<div class=\"article__list-label\"><\/div>\n<p>Moscou considera importante que os cidad\u00e3os russos sejam respeitados no Azerbaij\u00e3o.<\/p>\n<\/div>\n<div class=\"article__list-item\">\n<div class=\"article__list-label\"><\/div>\n<p>A R\u00fassia e o Azerbaij\u00e3o mant\u00eam uma coopera\u00e7\u00e3o mutuamente ben\u00e9fica baseada no respeito m\u00fatuo.<\/p>\n<\/div>\n<div class=\"article__list-item\">\n<div class=\"article__list-label\"><\/div>\n<p>Sobre os planos do Azerbaij\u00e3o de entrar com uma a\u00e7\u00e3o judicial contra a R\u00fassia pela aeronave abatida: se Baku decidir faz\u00ea-lo, esse \u00e9 seu direito.<\/p>\n<\/div>\n<div class=\"article__list-item\">\n<div class=\"article__list-label\"><\/div>\n<p>Putin est\u00e1 se preparando para uma visita \u00e0 China; Moscou n\u00e3o ouviu falar de nenhum plano semelhante de Trump.<\/p>\n<\/div>\n<div class=\"article__list-item\">\n<div class=\"article__list-label\"><\/div>\n<p>O Kremlin n\u00e3o descarta que a quest\u00e3o de um poss\u00edvel encontro entre Putin e Trump na China possa ser levantada, caso o presidente dos EUA tamb\u00e9m esteja presente.<\/p>\n<\/div>\n<div class=\"article__list-item\">\n<div class=\"article__list-label\"><\/div>\n<p>Na segunda-feira, Putin receber\u00e1 um relat\u00f3rio do chefe da Udm\u00fartia, Aleksandr Brechalov.<\/p>\n<\/div>\n<\/div>\n<\/div>\n","protected":false},"excerpt":{"rendered":"<p>\u201cN\u00e3o h\u00e1 mudan\u00e7as na composi\u00e7\u00e3o da delega\u00e7\u00e3o russa para a nova rodada de negocia\u00e7\u00f5es com a Ucr\u00e2nia\u201d, disse o porta-voz do Kremlin, Dmitry Peskov, nesta segunda-feira, 21. Quanto \u00e0 data da nova rodada, \u201cMoscou informar\u00e1 assim que houver clareza\u201d, acrescentou. Moscou vai sentar na mesa com uma condi\u00e7\u00e3o: \u00e9 pegar ou largar. Se Kiev rejeitar, [&hellip;]<\/p>\n","protected":false},"author":2,"featured_media":358880,"comment_status":"closed","ping_status":"closed","sticky":false,"template":"","format":"standard","meta":{"_acf_changed":false,"footnotes":""},"categories":[159],"tags":[],"class_list":["post-358879","post","type-post","status-publish","format-standard","has-post-thumbnail","hentry","category-apocalipse"],"acf":[],"yoast_head":"<!-- This site is optimized with the Yoast SEO plugin v27.2 - https:\/\/yoast.com\/product\/yoast-seo-wordpress\/ -->\n<title>Moscou vai falar de paz com Kiev levando uma condi\u00e7\u00e3o: pegar, largar ou se acabar - Notibras<\/title>\n<meta name=\"robots\" content=\"index, follow, max-snippet:-1, max-image-preview:large, max-video-preview:-1\" \/>\n<link rel=\"canonical\" href=\"https:\/\/www.notibras.com\/site\/moscou-vai-falar-de-paz-com-kiev-levando-uma-condicao-pegar-largar-ou-se-acabar\/\" \/>\n<meta property=\"og:locale\" content=\"pt_BR\" \/>\n<meta property=\"og:type\" content=\"article\" \/>\n<meta property=\"og:title\" content=\"Moscou vai falar de paz com Kiev levando uma condi\u00e7\u00e3o: pegar, largar ou se acabar - Notibras\" \/>\n<meta property=\"og:description\" content=\"\u201cN\u00e3o h\u00e1 mudan\u00e7as na composi\u00e7\u00e3o da delega\u00e7\u00e3o russa para a nova rodada de negocia\u00e7\u00f5es com a Ucr\u00e2nia\u201d, disse o porta-voz do Kremlin, Dmitry Peskov, nesta segunda-feira, 21. Quanto \u00e0 data da nova rodada, \u201cMoscou informar\u00e1 assim que houver clareza\u201d, acrescentou. Moscou vai sentar na mesa com uma condi\u00e7\u00e3o: \u00e9 pegar ou largar. Se Kiev rejeitar, [&hellip;]\" \/>\n<meta property=\"og:url\" content=\"https:\/\/www.notibras.com\/site\/moscou-vai-falar-de-paz-com-kiev-levando-uma-condicao-pegar-largar-ou-se-acabar\/\" \/>\n<meta property=\"og:site_name\" content=\"Notibras\" \/>\n<meta property=\"article:publisher\" content=\"https:\/\/www.facebook.com\/notibras\/\" \/>\n<meta property=\"article:published_time\" content=\"2025-07-21T11:19:17+00:00\" \/>\n<meta property=\"article:modified_time\" content=\"2025-07-21T11:21:38+00:00\" \/>\n<meta property=\"og:image\" content=\"https:\/\/www.notibras.com\/site\/wp-content\/uploads\/2025\/07\/1122065227_0_0_2917_1642_1920x0_80_0_0_52af883b47ed13f272067fa7ce1ccc7c.jpg.webp\" \/>\n\t<meta property=\"og:image:width\" content=\"1920\" \/>\n\t<meta property=\"og:image:height\" content=\"1080\" \/>\n\t<meta property=\"og:image:type\" content=\"image\/webp\" \/>\n<meta name=\"author\" content=\"Reda\u00e7\u00e3o\" \/>\n<meta name=\"twitter:card\" content=\"summary_large_image\" \/>\n<meta name=\"twitter:creator\" content=\"@Notibras\" \/>\n<meta name=\"twitter:site\" content=\"@Notibras\" \/>\n<meta name=\"twitter:label1\" content=\"Escrito por\" \/>\n\t<meta name=\"twitter:data1\" content=\"Reda\u00e7\u00e3o\" \/>\n\t<meta name=\"twitter:label2\" content=\"Est. tempo de leitura\" \/>\n\t<meta name=\"twitter:data2\" content=\"2 minutos\" \/>\n<script type=\"application\/ld+json\" class=\"yoast-schema-graph\">{\"@context\":\"https:\/\/schema.org\",\"@graph\":[{\"@type\":\"Article\",\"@id\":\"https:\/\/www.notibras.com\/site\/moscou-vai-falar-de-paz-com-kiev-levando-uma-condicao-pegar-largar-ou-se-acabar\/#article\",\"isPartOf\":{\"@id\":\"https:\/\/www.notibras.com\/site\/moscou-vai-falar-de-paz-com-kiev-levando-uma-condicao-pegar-largar-ou-se-acabar\/\"},\"author\":{\"name\":\"Reda\u00e7\u00e3o\",\"@id\":\"https:\/\/www.notibras.com\/site\/#\/schema\/person\/36ab0979449956132d3e5b517ea76ac8\"},\"headline\":\"Moscou vai falar de paz com Kiev levando uma condi\u00e7\u00e3o: pegar, largar ou se acabar\",\"datePublished\":\"2025-07-21T11:19:17+00:00\",\"dateModified\":\"2025-07-21T11:21:38+00:00\",\"mainEntityOfPage\":{\"@id\":\"https:\/\/www.notibras.com\/site\/moscou-vai-falar-de-paz-com-kiev-levando-uma-condicao-pegar-largar-ou-se-acabar\/\"},\"wordCount\":245,\"publisher\":{\"@id\":\"https:\/\/www.notibras.com\/site\/#organization\"},\"image\":{\"@id\":\"https:\/\/www.notibras.com\/site\/moscou-vai-falar-de-paz-com-kiev-levando-uma-condicao-pegar-largar-ou-se-acabar\/#primaryimage\"},\"thumbnailUrl\":\"https:\/\/www.notibras.com\/site\/wp-content\/uploads\/2025\/07\/1122065227_0_0_2917_1642_1920x0_80_0_0_52af883b47ed13f272067fa7ce1ccc7c.jpg.webp\",\"articleSection\":[\"Apocalipse\"],\"inLanguage\":\"pt-BR\"},{\"@type\":\"WebPage\",\"@id\":\"https:\/\/www.notibras.com\/site\/moscou-vai-falar-de-paz-com-kiev-levando-uma-condicao-pegar-largar-ou-se-acabar\/\",\"url\":\"https:\/\/www.notibras.com\/site\/moscou-vai-falar-de-paz-com-kiev-levando-uma-condicao-pegar-largar-ou-se-acabar\/\",\"name\":\"Moscou vai falar de paz com Kiev levando uma condi\u00e7\u00e3o: pegar, largar ou se acabar - Notibras\",\"isPartOf\":{\"@id\":\"https:\/\/www.notibras.com\/site\/#website\"},\"primaryImageOfPage\":{\"@id\":\"https:\/\/www.notibras.com\/site\/moscou-vai-falar-de-paz-com-kiev-levando-uma-condicao-pegar-largar-ou-se-acabar\/#primaryimage\"},\"image\":{\"@id\":\"https:\/\/www.notibras.com\/site\/moscou-vai-falar-de-paz-com-kiev-levando-uma-condicao-pegar-largar-ou-se-acabar\/#primaryimage\"},\"thumbnailUrl\":\"https:\/\/www.notibras.com\/site\/wp-content\/uploads\/2025\/07\/1122065227_0_0_2917_1642_1920x0_80_0_0_52af883b47ed13f272067fa7ce1ccc7c.jpg.webp\",\"datePublished\":\"2025-07-21T11:19:17+00:00\",\"dateModified\":\"2025-07-21T11:21:38+00:00\",\"breadcrumb\":{\"@id\":\"https:\/\/www.notibras.com\/site\/moscou-vai-falar-de-paz-com-kiev-levando-uma-condicao-pegar-largar-ou-se-acabar\/#breadcrumb\"},\"inLanguage\":\"pt-BR\",\"potentialAction\":[{\"@type\":\"ReadAction\",\"target\":[\"https:\/\/www.notibras.com\/site\/moscou-vai-falar-de-paz-com-kiev-levando-uma-condicao-pegar-largar-ou-se-acabar\/\"]}]},{\"@type\":\"ImageObject\",\"inLanguage\":\"pt-BR\",\"@id\":\"https:\/\/www.notibras.com\/site\/moscou-vai-falar-de-paz-com-kiev-levando-uma-condicao-pegar-largar-ou-se-acabar\/#primaryimage\",\"url\":\"https:\/\/www.notibras.com\/site\/wp-content\/uploads\/2025\/07\/1122065227_0_0_2917_1642_1920x0_80_0_0_52af883b47ed13f272067fa7ce1ccc7c.jpg.webp\",\"contentUrl\":\"https:\/\/www.notibras.com\/site\/wp-content\/uploads\/2025\/07\/1122065227_0_0_2917_1642_1920x0_80_0_0_52af883b47ed13f272067fa7ce1ccc7c.jpg.webp\",\"width\":1920,\"height\":1080},{\"@type\":\"BreadcrumbList\",\"@id\":\"https:\/\/www.notibras.com\/site\/moscou-vai-falar-de-paz-com-kiev-levando-uma-condicao-pegar-largar-ou-se-acabar\/#breadcrumb\",\"itemListElement\":[{\"@type\":\"ListItem\",\"position\":1,\"name\":\"In\u00edcio\",\"item\":\"https:\/\/www.notibras.com\/site\/\"},{\"@type\":\"ListItem\",\"position\":2,\"name\":\"Moscou vai falar de paz com Kiev levando uma condi\u00e7\u00e3o: pegar, largar ou se acabar\"}]},{\"@type\":\"WebSite\",\"@id\":\"https:\/\/www.notibras.com\/site\/#website\",\"url\":\"https:\/\/www.notibras.com\/site\/\",\"name\":\"Notibras\",\"description\":\"Not\u00edcias de Bras\u00edlia, do Brasil e do Mundo\",\"publisher\":{\"@id\":\"https:\/\/www.notibras.com\/site\/#organization\"},\"potentialAction\":[{\"@type\":\"SearchAction\",\"target\":{\"@type\":\"EntryPoint\",\"urlTemplate\":\"https:\/\/www.notibras.com\/site\/?s={search_term_string}\"},\"query-input\":{\"@type\":\"PropertyValueSpecification\",\"valueRequired\":true,\"valueName\":\"search_term_string\"}}],\"inLanguage\":\"pt-BR\"},{\"@type\":\"Organization\",\"@id\":\"https:\/\/www.notibras.com\/site\/#organization\",\"name\":\"Grupo Notibras de Comunica\u00e7\u00e3o\",\"url\":\"https:\/\/www.notibras.com\/site\/\",\"logo\":{\"@type\":\"ImageObject\",\"inLanguage\":\"pt-BR\",\"@id\":\"https:\/\/www.notibras.com\/site\/#\/schema\/logo\/image\/\",\"url\":\"https:\/\/www.notibras.com\/site\/wp-content\/uploads\/2023\/01\/notibras23.png\",\"contentUrl\":\"https:\/\/www.notibras.com\/site\/wp-content\/uploads\/2023\/01\/notibras23.png\",\"width\":350,\"height\":87,\"caption\":\"Grupo Notibras de Comunica\u00e7\u00e3o\"},\"image\":{\"@id\":\"https:\/\/www.notibras.com\/site\/#\/schema\/logo\/image\/\"},\"sameAs\":[\"https:\/\/www.facebook.com\/notibras\/\",\"https:\/\/x.com\/Notibras\",\"https:\/\/www.instagram.com\/notibras\/\"]},{\"@type\":\"Person\",\"@id\":\"https:\/\/www.notibras.com\/site\/#\/schema\/person\/36ab0979449956132d3e5b517ea76ac8\",\"name\":\"Reda\u00e7\u00e3o\",\"image\":{\"@type\":\"ImageObject\",\"inLanguage\":\"pt-BR\",\"@id\":\"https:\/\/secure.gravatar.com\/avatar\/e0a867bdedb85fd243eadf09663511f96fc81e0720a4a42581f334ad4303aa6b?s=96&d=mm&r=g\",\"url\":\"https:\/\/secure.gravatar.com\/avatar\/e0a867bdedb85fd243eadf09663511f96fc81e0720a4a42581f334ad4303aa6b?s=96&d=mm&r=g\",\"contentUrl\":\"https:\/\/secure.gravatar.com\/avatar\/e0a867bdedb85fd243eadf09663511f96fc81e0720a4a42581f334ad4303aa6b?s=96&d=mm&r=g\",\"caption\":\"Reda\u00e7\u00e3o\"}}]}<\/script>\n<!-- \/ Yoast SEO plugin. -->","yoast_head_json":{"title":"Moscou vai falar de paz com Kiev levando uma condi\u00e7\u00e3o: pegar, largar ou se acabar - Notibras","robots":{"index":"index","follow":"follow","max-snippet":"max-snippet:-1","max-image-preview":"max-image-preview:large","max-video-preview":"max-video-preview:-1"},"canonical":"https:\/\/www.notibras.com\/site\/moscou-vai-falar-de-paz-com-kiev-levando-uma-condicao-pegar-largar-ou-se-acabar\/","og_locale":"pt_BR","og_type":"article","og_title":"Moscou vai falar de paz com Kiev levando uma condi\u00e7\u00e3o: pegar, largar ou se acabar - Notibras","og_description":"\u201cN\u00e3o h\u00e1 mudan\u00e7as na composi\u00e7\u00e3o da delega\u00e7\u00e3o russa para a nova rodada de negocia\u00e7\u00f5es com a Ucr\u00e2nia\u201d, disse o porta-voz do Kremlin, Dmitry Peskov, nesta segunda-feira, 21. Quanto \u00e0 data da nova rodada, \u201cMoscou informar\u00e1 assim que houver clareza\u201d, acrescentou. Moscou vai sentar na mesa com uma condi\u00e7\u00e3o: \u00e9 pegar ou largar. Se Kiev rejeitar, [&hellip;]","og_url":"https:\/\/www.notibras.com\/site\/moscou-vai-falar-de-paz-com-kiev-levando-uma-condicao-pegar-largar-ou-se-acabar\/","og_site_name":"Notibras","article_publisher":"https:\/\/www.facebook.com\/notibras\/","article_published_time":"2025-07-21T11:19:17+00:00","article_modified_time":"2025-07-21T11:21:38+00:00","og_image":[{"width":1920,"height":1080,"url":"https:\/\/www.notibras.com\/site\/wp-content\/uploads\/2025\/07\/1122065227_0_0_2917_1642_1920x0_80_0_0_52af883b47ed13f272067fa7ce1ccc7c.jpg.webp","type":"image\/webp"}],"author":"Reda\u00e7\u00e3o","twitter_card":"summary_large_image","twitter_creator":"@Notibras","twitter_site":"@Notibras","twitter_misc":{"Escrito por":"Reda\u00e7\u00e3o","Est. tempo de leitura":"2 minutos"},"schema":{"@context":"https:\/\/schema.org","@graph":[{"@type":"Article","@id":"https:\/\/www.notibras.com\/site\/moscou-vai-falar-de-paz-com-kiev-levando-uma-condicao-pegar-largar-ou-se-acabar\/#article","isPartOf":{"@id":"https:\/\/www.notibras.com\/site\/moscou-vai-falar-de-paz-com-kiev-levando-uma-condicao-pegar-largar-ou-se-acabar\/"},"author":{"name":"Reda\u00e7\u00e3o","@id":"https:\/\/www.notibras.com\/site\/#\/schema\/person\/36ab0979449956132d3e5b517ea76ac8"},"headline":"Moscou vai falar de paz com Kiev levando uma condi\u00e7\u00e3o: pegar, largar ou se acabar","datePublished":"2025-07-21T11:19:17+00:00","dateModified":"2025-07-21T11:21:38+00:00","mainEntityOfPage":{"@id":"https:\/\/www.notibras.com\/site\/moscou-vai-falar-de-paz-com-kiev-levando-uma-condicao-pegar-largar-ou-se-acabar\/"},"wordCount":245,"publisher":{"@id":"https:\/\/www.notibras.com\/site\/#organization"},"image":{"@id":"https:\/\/www.notibras.com\/site\/moscou-vai-falar-de-paz-com-kiev-levando-uma-condicao-pegar-largar-ou-se-acabar\/#primaryimage"},"thumbnailUrl":"https:\/\/www.notibras.com\/site\/wp-content\/uploads\/2025\/07\/1122065227_0_0_2917_1642_1920x0_80_0_0_52af883b47ed13f272067fa7ce1ccc7c.jpg.webp","articleSection":["Apocalipse"],"inLanguage":"pt-BR"},{"@type":"WebPage","@id":"https:\/\/www.notibras.com\/site\/moscou-vai-falar-de-paz-com-kiev-levando-uma-condicao-pegar-largar-ou-se-acabar\/","url":"https:\/\/www.notibras.com\/site\/moscou-vai-falar-de-paz-com-kiev-levando-uma-condicao-pegar-largar-ou-se-acabar\/","name":"Moscou vai falar de paz com Kiev levando uma condi\u00e7\u00e3o: pegar, largar ou se acabar - Notibras","isPartOf":{"@id":"https:\/\/www.notibras.com\/site\/#website"},"primaryImageOfPage":{"@id":"https:\/\/www.notibras.com\/site\/moscou-vai-falar-de-paz-com-kiev-levando-uma-condicao-pegar-largar-ou-se-acabar\/#primaryimage"},"image":{"@id":"https:\/\/www.notibras.com\/site\/moscou-vai-falar-de-paz-com-kiev-levando-uma-condicao-pegar-largar-ou-se-acabar\/#primaryimage"},"thumbnailUrl":"https:\/\/www.notibras.com\/site\/wp-content\/uploads\/2025\/07\/1122065227_0_0_2917_1642_1920x0_80_0_0_52af883b47ed13f272067fa7ce1ccc7c.jpg.webp","datePublished":"2025-07-21T11:19:17+00:00","dateModified":"2025-07-21T11:21:38+00:00","breadcrumb":{"@id":"https:\/\/www.notibras.com\/site\/moscou-vai-falar-de-paz-com-kiev-levando-uma-condicao-pegar-largar-ou-se-acabar\/#breadcrumb"},"inLanguage":"pt-BR","potentialAction":[{"@type":"ReadAction","target":["https:\/\/www.notibras.com\/site\/moscou-vai-falar-de-paz-com-kiev-levando-uma-condicao-pegar-largar-ou-se-acabar\/"]}]},{"@type":"ImageObject","inLanguage":"pt-BR","@id":"https:\/\/www.notibras.com\/site\/moscou-vai-falar-de-paz-com-kiev-levando-uma-condicao-pegar-largar-ou-se-acabar\/#primaryimage","url":"https:\/\/www.notibras.com\/site\/wp-content\/uploads\/2025\/07\/1122065227_0_0_2917_1642_1920x0_80_0_0_52af883b47ed13f272067fa7ce1ccc7c.jpg.webp","contentUrl":"https:\/\/www.notibras.com\/site\/wp-content\/uploads\/2025\/07\/1122065227_0_0_2917_1642_1920x0_80_0_0_52af883b47ed13f272067fa7ce1ccc7c.jpg.webp","width":1920,"height":1080},{"@type":"BreadcrumbList","@id":"https:\/\/www.notibras.com\/site\/moscou-vai-falar-de-paz-com-kiev-levando-uma-condicao-pegar-largar-ou-se-acabar\/#breadcrumb","itemListElement":[{"@type":"ListItem","position":1,"name":"In\u00edcio","item":"https:\/\/www.notibras.com\/site\/"},{"@type":"ListItem","position":2,"name":"Moscou vai falar de paz com Kiev levando uma condi\u00e7\u00e3o: pegar, largar ou se acabar"}]},{"@type":"WebSite","@id":"https:\/\/www.notibras.com\/site\/#website","url":"https:\/\/www.notibras.com\/site\/","name":"Notibras","description":"Not\u00edcias de Bras\u00edlia, do Brasil e do Mundo","publisher":{"@id":"https:\/\/www.notibras.com\/site\/#organization"},"potentialAction":[{"@type":"SearchAction","target":{"@type":"EntryPoint","urlTemplate":"https:\/\/www.notibras.com\/site\/?s={search_term_string}"},"query-input":{"@type":"PropertyValueSpecification","valueRequired":true,"valueName":"search_term_string"}}],"inLanguage":"pt-BR"},{"@type":"Organization","@id":"https:\/\/www.notibras.com\/site\/#organization","name":"Grupo Notibras de Comunica\u00e7\u00e3o","url":"https:\/\/www.notibras.com\/site\/","logo":{"@type":"ImageObject","inLanguage":"pt-BR","@id":"https:\/\/www.notibras.com\/site\/#\/schema\/logo\/image\/","url":"https:\/\/www.notibras.com\/site\/wp-content\/uploads\/2023\/01\/notibras23.png","contentUrl":"https:\/\/www.notibras.com\/site\/wp-content\/uploads\/2023\/01\/notibras23.png","width":350,"height":87,"caption":"Grupo Notibras de Comunica\u00e7\u00e3o"},"image":{"@id":"https:\/\/www.notibras.com\/site\/#\/schema\/logo\/image\/"},"sameAs":["https:\/\/www.facebook.com\/notibras\/","https:\/\/x.com\/Notibras","https:\/\/www.instagram.com\/notibras\/"]},{"@type":"Person","@id":"https:\/\/www.notibras.com\/site\/#\/schema\/person\/36ab0979449956132d3e5b517ea76ac8","name":"Reda\u00e7\u00e3o","image":{"@type":"ImageObject","inLanguage":"pt-BR","@id":"https:\/\/secure.gravatar.com\/avatar\/e0a867bdedb85fd243eadf09663511f96fc81e0720a4a42581f334ad4303aa6b?s=96&d=mm&r=g","url":"https:\/\/secure.gravatar.com\/avatar\/e0a867bdedb85fd243eadf09663511f96fc81e0720a4a42581f334ad4303aa6b?s=96&d=mm&r=g","contentUrl":"https:\/\/secure.gravatar.com\/avatar\/e0a867bdedb85fd243eadf09663511f96fc81e0720a4a42581f334ad4303aa6b?s=96&d=mm&r=g","caption":"Reda\u00e7\u00e3o"}}]}},"amp_enabled":true,"_links":{"self":[{"href":"https:\/\/www.notibras.com\/site\/wp-json\/wp\/v2\/posts\/358879","targetHints":{"allow":["GET"]}}],"collection":[{"href":"https:\/\/www.notibras.com\/site\/wp-json\/wp\/v2\/posts"}],"about":[{"href":"https:\/\/www.notibras.com\/site\/wp-json\/wp\/v2\/types\/post"}],"author":[{"embeddable":true,"href":"https:\/\/www.notibras.com\/site\/wp-json\/wp\/v2\/users\/2"}],"replies":[{"embeddable":true,"href":"https:\/\/www.notibras.com\/site\/wp-json\/wp\/v2\/comments?post=358879"}],"version-history":[{"count":4,"href":"https:\/\/www.notibras.com\/site\/wp-json\/wp\/v2\/posts\/358879\/revisions"}],"predecessor-version":[{"id":358884,"href":"https:\/\/www.notibras.com\/site\/wp-json\/wp\/v2\/posts\/358879\/revisions\/358884"}],"wp:featuredmedia":[{"embeddable":true,"href":"https:\/\/www.notibras.com\/site\/wp-json\/wp\/v2\/media\/358880"}],"wp:attachment":[{"href":"https:\/\/www.notibras.com\/site\/wp-json\/wp\/v2\/media?parent=358879"}],"wp:term":[{"taxonomy":"category","embeddable":true,"href":"https:\/\/www.notibras.com\/site\/wp-json\/wp\/v2\/categories?post=358879"},{"taxonomy":"post_tag","embeddable":true,"href":"https:\/\/www.notibras.com\/site\/wp-json\/wp\/v2\/tags?post=358879"}],"curies":[{"name":"wp","href":"https:\/\/api.w.org\/{rel}","templated":true}]}}