{"id":358923,"date":"2025-07-21T00:01:51","date_gmt":"2025-07-21T03:01:51","guid":{"rendered":"https:\/\/www.notibras.com\/site\/?p=358923"},"modified":"2025-07-21T10:04:13","modified_gmt":"2025-07-21T13:04:13","slug":"neta-de-dias-gomes-fara-homenagem-ao-avo-na-flipelo","status":"publish","type":"post","link":"https:\/\/www.notibras.com\/site\/neta-de-dias-gomes-fara-homenagem-ao-avo-na-flipelo\/","title":{"rendered":"Neta de Dias Gomes far\u00e1 homenagem ao av\u00f4 na Flipel\u00f4"},"content":{"rendered":"<p><!--StartFragment --><\/p>\n<p class=\"pf0\"><span class=\"cf0\">A cantora, compositora e psic\u00f3loga, Tatiana Dias Gomes, de 40 anos, tinha apenas 13 anos quando o av\u00f4, o romancista, dramaturgo e autor de telenovelas Dias Gomes (1922-1999), morreu. Criador de alguns dos personagens mais populares da hist\u00f3ria da telenovela brasileira, seu av\u00f4 gostava muito de se fantasiar de Papai Noel nas comemora\u00e7\u00f5es do Natal em fam\u00edlia.<\/span><\/p>\n<p class=\"pf0\"><span class=\"cf0\">\u201cEle entrava totalmente no clima de Natal e imitava o Papai Noel, fazia voz de Papai Noel. Naquela \u00e9poca n\u00e3o tinha celular e ele ligava para a gente [em um telefone fixo] de um c\u00f4modo para o outro. A gente atendia e ele fazia: \u2018<\/span><span class=\"cf0\">ho<\/span><span class=\"cf0\">, <\/span><span class=\"cf0\">ho<\/span><span class=\"cf0\">, <\/span><span class=\"cf0\">ho<\/span><span class=\"cf0\">. Aqui \u00e9 o Papai Noel. Eu estou indo <\/span><span class=\"cf0\">pra\u00ed<\/span><span class=\"cf0\">\u2019. E ele me falava: \u2018Tati, voc\u00ea pediu uma boneca?\u2019. A gente acreditava, e todas as crian\u00e7as ficavam muito animadas. E a gente ficava esperando o Papai Noel. Era um dia muito m\u00e1gico e ele gostava dessa magia, dessa fantasia\u201d, conta a neta.<\/span><\/p>\n<p class=\"pf0\"><span class=\"cf0\">A \u00faltima vez em que ela viu o av\u00f4 foi em um anivers\u00e1rio e ela tinha acabado de gravar umas m\u00fasicas com seu pai, como uma forma de brincadeira.<\/span><\/p>\n<p class=\"pf0\"><span class=\"cf0\">\u201cA gente gravou em uma fita [cassete] e levamos para ele escutar em um walkman [antigo tocador port\u00e1til de m\u00fasica]. A\u00ed eu mostrei para ele. Ele ficou superanimado e come\u00e7ou a mostrar aquilo para um monte de gente: \u2018olha minha neta cantando!\u2019, dizia ele. Fico muito feliz que minha \u00faltima lembran\u00e7a com ele tenha sido t\u00e3o feliz\u201d, relembrou Tatiana.<\/span><\/p>\n<p class=\"pf0\"><span class=\"cf0\">Dias Gomes criou personagens consagrados como Sinhozinho Malta, Vi\u00fava Porcina, Odorico Paragua\u00e7u, Dirceu Borboleta e Zeca Diabo. Um de seus textos mais famosos \u00e9 O Pagador de Promessas (1960), que foi adaptado ao cinema por Anselmo Duarte, em 1962, tornando-se o primeiro filme brasileiro a receber uma indica\u00e7\u00e3o ao Oscar e o \u00fanico a ganhar a Palma de Ouro em Cannes. Ele tamb\u00e9m foi autor de v\u00e1rios sucessos na TV brasileira, escrevendo novelas como O Bem-Amado (1973), <\/span><span class=\"cf0\">Saramandaia<\/span><span class=\"cf0\"> (1976) e Roque Santeiro (1985), que chegou a ser censurada pela ditadura militar.<\/span><\/p>\n<p class=\"pf0\"><span class=\"cf0\">Em toda a sua carreira, Dias Gomes escreveu 33 pe\u00e7as de teatro, oito livros, 14 telenovelas, cinco miniss\u00e9ries e dois seriados. Em 1991, ele passou a ocupar a cadeira 21 na Academia Brasileira de Letras (ABL).<\/span><\/p>\n<p class=\"pf0\"><span class=\"cf0\">\u201cDif\u00edcil escolher, mas acho que meus personagens preferidos dele s\u00e3o a Branca Dias, de O Santo Inqu\u00e9rito, e o Z\u00e9 do Burro, de O Pagador de Promessas, porque s\u00e3o dois personagens muito puros. Acho muito interessante a forma como ele colocou isso. S\u00e3o dois personagens muito ing\u00eanuos, que retratam a intoler\u00e2ncia religiosa e foram punidos por isso. E s\u00e3o dois personagens muito atuais tamb\u00e9m\u201d, diz a neta.<\/span><\/p>\n<p class=\"pf0\"><span class=\"cf0\">Extremamente populares, os personagens criados por Dias Gomes falavam intimamente sobre a realidade do pa\u00eds. Caracter\u00edstica que chamou a aten\u00e7\u00e3o da ditadura militar, que o considerava um \u201csubversivo\u201d e acabou censurando v\u00e1rias de suas obras.<\/span><\/p>\n<p class=\"pf0\"><span class=\"cf0\">\u201cEle usou a arte para transformar a nossa sociedade para melhor e para ela refletir sobre seus preconceitos, suas intoler\u00e2ncias e sobre a pr\u00f3pria censura. E ele fez isso em um momento dific\u00edlimo, de muita repress\u00e3o. Ele foi muito corajoso. Ele usava muito do humor para retratar tudo isso\u201d, ressaltou Tatiana. \u201cAcho muito inspirador em como ele usou a arte como ferramenta de transforma\u00e7\u00e3o\u201d, completou.<\/span><\/p>\n<p class=\"pf0\"><span class=\"cf0\">\u00c9 por isso que seu legado, diz a neta, ultrapassa gera\u00e7\u00f5es. \u201cEle tem uma import\u00e2ncia enorme para a nossa hist\u00f3ria. Suas obras s\u00e3o atemporais, elas retratam o que \u00e9 o nosso pa\u00eds, o povo brasileiro e a pol\u00edtica brasileira. Elas retratam o que n\u00f3s somos. E todas essas obras, se voc\u00eas mont\u00e1-las agora, parece que foram escritas ontem\u201d, diz a neta.<\/span><\/p>\n<p class=\"pf0\"><span class=\"cf0\">Neste ano, Dias Gomes ser\u00e1 homenageado na Festa Liter\u00e1ria Internacional do Pelourinho (<\/span><span class=\"cf0\">Flipel\u00f4<\/span><span class=\"cf0\">), maior evento cultural liter\u00e1rio da Bahia. A festa est\u00e1 marcada para o per\u00edodo de 6 a 10 de agosto, no Pelourinho, em Salvador. A programa\u00e7\u00e3o \u00e9 toda gratuita, e a expectativa dos organizadores \u00e9 que cerca de 250 mil pessoas transitem pelos mais de 150 espa\u00e7os p\u00fablicos e privados que ser\u00e3o ativados para a <\/span><span class=\"cf0\">Flipel\u00f4<\/span><span class=\"cf0\">.<\/span><\/p>\n<p class=\"pf0\"><span class=\"cf0\">A homenagem ao escritor ter\u00e1 in\u00edcio j\u00e1 na abertura do evento, com uma apresenta\u00e7\u00e3o teatral baseada na pe\u00e7a O Pagador de Promessas. O musical Os Dias Bem-Amados: Vida e Obra de um Autor Baiano ser\u00e1 apresentado no dia 6 de agosto, \u00e0s 19h, no Palco <\/span><span class=\"cf0\">Flipel\u00f4<\/span><span class=\"cf0\">, no Largo do Pelourinho.<\/span><\/p>\n<p class=\"pf0\"><span class=\"cf0\">A homenagem ao escritor tamb\u00e9m contar\u00e1 com a participa\u00e7\u00e3o da neta, que vai se apresentar na Casa Motiva, na Vale do Dend\u00ea, no dia 9 de agosto, ao lado de Leo Martins. Esta ser\u00e1 a primeira participa\u00e7\u00e3o de Tatiana Dias Gomes na <\/span><span class=\"cf0\">Flipel\u00f4<\/span><span class=\"cf0\">, e o show ser\u00e1 embalado por trilhas de novelas.<\/span><\/p>\n<p class=\"pf0\"><span class=\"cf0\">\u201cVer meu av\u00f4 sendo homenageado na <\/span><span class=\"cf0\">Flipel\u00f4<\/span><span class=\"cf0\"> \u00e9 uma emo\u00e7\u00e3o muito grande. Para mim vai ser uma honra estar presente. Estou muito feliz com o convite de cantar. Vou cantar ao lado do meu marido, o Leo Martins. Vamos cantar m\u00fasicas de novelas do meu av\u00f4 e de pe\u00e7as tamb\u00e9m. Estou muito feliz de ver as mensagens e os textos dele espalhados por a\u00ed com tanta admira\u00e7\u00e3o, respeito e carinho.\u201d<\/span><\/p>\n<p class=\"pf0\"><span class=\"cf0\">Tatiana canta desde pequena. \u201cEstava decidido para mim, desde que eu me entendo por gente, que eu ia ser cantora\u201d, disse ela \u00e0 Ag\u00eancia Brasil. Nascida em uma fam\u00edlia de artistas, escritores e dramaturgos, ela tamb\u00e9m \u00e9 neta de Janete Clair, autora de sucessos como Pecado Capital, Irm\u00e3os Coragem, Selva de Pedra e O Astro.<\/span><\/p>\n<p class=\"pf0\"><span class=\"cf0\">\u201cTenho uma lembran\u00e7a tamb\u00e9m que \u00e9 muito especial, que aconteceu no lan\u00e7amento de uma biografia da minha av\u00f3 Janete, escrita pelo Artur <\/span><span class=\"cf0\">Xex\u00e9o<\/span><span class=\"cf0\">. Eu me lembro que, quando cheguei l\u00e1, vi meu av\u00f4 e fui falar com ele. E eu percebi que ele estava meio mexido. Isso me surpreendeu porque ele era muito na dele e, quando ele me viu, ele ficou emocionado e me falou que eu estava muito parecida com a minha av\u00f3. Isso mexeu comigo e me deixou muito emocionada\u201d, contou.<\/span><\/p>\n<p class=\"pf0\"><span class=\"cf0\">Tatiana n\u00e3o chegou a conhecer a av\u00f3. Janete Clair morreu em 1983, dois anos antes de ela nascer. Mas a neta sempre sentiu orgulho da fam\u00edlia. \u201cEles ficaram marcados na hist\u00f3ria do nosso pa\u00eds e na hist\u00f3ria de muitas pessoas\u201d, diz.<\/span><\/p>\n<p><!--EndFragment --><\/p>\n","protected":false},"excerpt":{"rendered":"<p>A cantora, compositora e psic\u00f3loga, Tatiana Dias Gomes, de 40 anos, tinha apenas 13 anos quando o av\u00f4, o romancista, dramaturgo e autor de telenovelas Dias Gomes (1922-1999), morreu. Criador de alguns dos personagens mais populares da hist\u00f3ria da telenovela brasileira, seu av\u00f4 gostava muito de se fantasiar de Papai Noel nas comemora\u00e7\u00f5es do Natal [&hellip;]<\/p>\n","protected":false},"author":2,"featured_media":358924,"comment_status":"closed","ping_status":"closed","sticky":false,"template":"","format":"standard","meta":{"_acf_changed":false,"footnotes":""},"categories":[165],"tags":[],"class_list":["post-358923","post","type-post","status-publish","format-standard","has-post-thumbnail","hentry","category-nordeste"],"acf":[],"_links":{"self":[{"href":"https:\/\/www.notibras.com\/site\/wp-json\/wp\/v2\/posts\/358923","targetHints":{"allow":["GET"]}}],"collection":[{"href":"https:\/\/www.notibras.com\/site\/wp-json\/wp\/v2\/posts"}],"about":[{"href":"https:\/\/www.notibras.com\/site\/wp-json\/wp\/v2\/types\/post"}],"author":[{"embeddable":true,"href":"https:\/\/www.notibras.com\/site\/wp-json\/wp\/v2\/users\/2"}],"replies":[{"embeddable":true,"href":"https:\/\/www.notibras.com\/site\/wp-json\/wp\/v2\/comments?post=358923"}],"version-history":[{"count":1,"href":"https:\/\/www.notibras.com\/site\/wp-json\/wp\/v2\/posts\/358923\/revisions"}],"predecessor-version":[{"id":358925,"href":"https:\/\/www.notibras.com\/site\/wp-json\/wp\/v2\/posts\/358923\/revisions\/358925"}],"wp:featuredmedia":[{"embeddable":true,"href":"https:\/\/www.notibras.com\/site\/wp-json\/wp\/v2\/media\/358924"}],"wp:attachment":[{"href":"https:\/\/www.notibras.com\/site\/wp-json\/wp\/v2\/media?parent=358923"}],"wp:term":[{"taxonomy":"category","embeddable":true,"href":"https:\/\/www.notibras.com\/site\/wp-json\/wp\/v2\/categories?post=358923"},{"taxonomy":"post_tag","embeddable":true,"href":"https:\/\/www.notibras.com\/site\/wp-json\/wp\/v2\/tags?post=358923"}],"curies":[{"name":"wp","href":"https:\/\/api.w.org\/{rel}","templated":true}]}}