{"id":358926,"date":"2025-07-21T00:00:50","date_gmt":"2025-07-21T03:00:50","guid":{"rendered":"https:\/\/www.notibras.com\/site\/?p=358926"},"modified":"2025-07-21T10:25:50","modified_gmt":"2025-07-21T13:25:50","slug":"feira-nacional-de-artesanato-exalta-indigenas-em-olinda","status":"publish","type":"post","link":"https:\/\/www.notibras.com\/site\/feira-nacional-de-artesanato-exalta-indigenas-em-olinda\/","title":{"rendered":"Feira nacional de artesanato exalta ind\u00edgenas em Olinda"},"content":{"rendered":"<p><!--StartFragment --><\/p>\n<p class=\"pf0\"><span class=\"cf0\">A 25\u00aa edi\u00e7\u00e3o da Feira Nacional de Neg\u00f3cios de Artesanato (<\/span><span class=\"cf0\">Fenearte<\/span><span class=\"cf0\">) chegou ao fim neste domingo (20), no Pernambuco Centro de Conven\u00e7\u00f5es, em Olinda. Foi a \u00faltima oportunidade para o p\u00fablico percorrer 700 espa\u00e7os de comercializa\u00e7\u00e3o, al\u00e9m de aproveitar oficinas, desfiles de moda e atra\u00e7\u00f5es musicais.<\/span><\/p>\n<p class=\"pf0\"><span class=\"cf0\">Com o tema \u201cA Feira das Feiras\u201d, o evento come\u00e7ou no dia 9 de julho e evocou as feiras livres comuns no Norte e Nordeste do Brasil.<\/span><\/p>\n<p class=\"pf0\"><span class=\"cf0\">No ano passado, a feira movimentou R$ 108 milh\u00f5es, teve a circula\u00e7\u00e3o de cerca de 320 mil pessoas e aprova\u00e7\u00e3o do p\u00fablico de 98,6%. <\/span><\/p>\n<p class=\"pf0\"><span class=\"cf0\">Entre os artes\u00e3os que participaram do evento, havia representantes da Turquia, Jap\u00e3o, \u00c1frica do Sul e R\u00fassia. Do Brasil, o destaque \u00e9 a presen\u00e7a de diversas etnias ind\u00edgenas que comercializam trabalhos manuais e difundem culturas e saberes entre os visitantes da feira.<\/span><\/p>\n<p class=\"pf0\"><span class=\"cf0\">Ind\u00edgenas estavam distribu\u00eddos por todo o pavilh\u00e3o. As etnias de Pernambuco se concentraram na Rua 18: s\u00e3o os <\/span><span class=\"cf0\">Funil-\u00f4<\/span><span class=\"cf0\">, <\/span><span class=\"cf0\">Atikum<\/span><span class=\"cf0\">, <\/span><span class=\"cf0\">Xukuru<\/span><span class=\"cf0\">, <\/span><span class=\"cf0\">Pankar\u00e1<\/span><span class=\"cf0\">, <\/span><span class=\"cf0\">Kapinaw\u00e1<\/span><span class=\"cf0\">, <\/span><span class=\"cf0\">Kambiw\u00e1<\/span><span class=\"cf0\">, <\/span><span class=\"cf0\">Truk\u00e1<\/span><span class=\"cf0\"> e <\/span><span class=\"cf0\">Pankararu<\/span><span class=\"cf0\">.<\/span><\/p>\n<p class=\"pf0\"><span class=\"cf0\">O item mais vendido pelo artes\u00e3o Luiz Carlos Frederico \u00e9 o <\/span><span class=\"cf0\">fineho<\/span><span class=\"cf0\">, apito que reproduz sons de p\u00e1ssaros e \u00e9 produzido pela etnia <\/span><span class=\"cf0\">Funil-\u00f4<\/span><span class=\"cf0\">, de \u00c1guas Belas (PE).<\/span><\/p>\n<p class=\"pf0\"><span class=\"cf0\">\u201cIsso \u00e9 muito simb\u00f3lico para a gente, pois os p\u00e1ssaros t\u00eam uma representatividade muito importante na nossa cultura. S\u00e3o eles, por exemplo, que sinalizam quais frutos podemos comer na natureza. E apitar durante a <\/span><span class=\"cf0\">Fenearte<\/span><span class=\"cf0\"> \u00e9 uma forma de nos comunicarmos com eles, pedindo paz e harmonia para o evento\u201d, disse Luiz.<\/span><\/p>\n<p class=\"pf0\"><span class=\"cf0\">Maria da Sa\u00fade Batalha, da etnia <\/span><span class=\"cf0\">Pankararu<\/span><span class=\"cf0\">, de Petrol\u00e2ndia (PE), confecciona bijuterias ind\u00edgenas e comercializa roupas de cama, mesa, banho e redes em algod\u00e3o cru.<\/span><\/p>\n<p class=\"pf0\"><span class=\"cf0\">\u201cAinda n\u00e3o coloquei na ponta do l\u00e1pis, mas a renda sempre \u00e9 muito boa. Mais do que vender, o que mais me d\u00e1 prazer \u00e9 estar aqui representando meu povo. Quando apare\u00e7o na internet ou nas filmagens da imprensa, minha fam\u00edlia da aldeia me liga feliz, comemorando que sa\u00edmos em algum lugar. A minha maior felicidade \u00e9 poder trazer o nome e a tradi\u00e7\u00e3o do meu povo para o Recife e para outras regi\u00f5es\u201d, disse Maria.<\/span><\/p>\n<p class=\"pf0\"><span class=\"cf0\">Dilma Terena, do povo Terena, do Mato Grosso do Sul, exp\u00f4s pe\u00e7as em argila. Ela vendeu as 50 obras que trouxe para a feira.<\/span><\/p>\n<p class=\"pf0\"><span class=\"cf0\">\u201cEu n\u00e3o achava que ia vender tudo t\u00e3o r\u00e1pido assim. \u00c9 a primeira vez que saio do meu estado, que viajo de avi\u00e3o e que participo de uma feira desse tamanho. Estou muito feliz e espero voltar no pr\u00f3ximo ano\u201d, disse Dilma.<\/span><\/p>\n<p><!--EndFragment --><\/p>\n","protected":false},"excerpt":{"rendered":"<p>A 25\u00aa edi\u00e7\u00e3o da Feira Nacional de Neg\u00f3cios de Artesanato (Fenearte) chegou ao fim neste domingo (20), no Pernambuco Centro de Conven\u00e7\u00f5es, em Olinda. Foi a \u00faltima oportunidade para o p\u00fablico percorrer 700 espa\u00e7os de comercializa\u00e7\u00e3o, al\u00e9m de aproveitar oficinas, desfiles de moda e atra\u00e7\u00f5es musicais. Com o tema \u201cA Feira das Feiras\u201d, o evento [&hellip;]<\/p>\n","protected":false},"author":2,"featured_media":358927,"comment_status":"closed","ping_status":"closed","sticky":false,"template":"","format":"standard","meta":{"_acf_changed":false,"footnotes":""},"categories":[165],"tags":[],"class_list":["post-358926","post","type-post","status-publish","format-standard","has-post-thumbnail","hentry","category-nordeste"],"acf":[],"_links":{"self":[{"href":"https:\/\/www.notibras.com\/site\/wp-json\/wp\/v2\/posts\/358926","targetHints":{"allow":["GET"]}}],"collection":[{"href":"https:\/\/www.notibras.com\/site\/wp-json\/wp\/v2\/posts"}],"about":[{"href":"https:\/\/www.notibras.com\/site\/wp-json\/wp\/v2\/types\/post"}],"author":[{"embeddable":true,"href":"https:\/\/www.notibras.com\/site\/wp-json\/wp\/v2\/users\/2"}],"replies":[{"embeddable":true,"href":"https:\/\/www.notibras.com\/site\/wp-json\/wp\/v2\/comments?post=358926"}],"version-history":[{"count":1,"href":"https:\/\/www.notibras.com\/site\/wp-json\/wp\/v2\/posts\/358926\/revisions"}],"predecessor-version":[{"id":358928,"href":"https:\/\/www.notibras.com\/site\/wp-json\/wp\/v2\/posts\/358926\/revisions\/358928"}],"wp:featuredmedia":[{"embeddable":true,"href":"https:\/\/www.notibras.com\/site\/wp-json\/wp\/v2\/media\/358927"}],"wp:attachment":[{"href":"https:\/\/www.notibras.com\/site\/wp-json\/wp\/v2\/media?parent=358926"}],"wp:term":[{"taxonomy":"category","embeddable":true,"href":"https:\/\/www.notibras.com\/site\/wp-json\/wp\/v2\/categories?post=358926"},{"taxonomy":"post_tag","embeddable":true,"href":"https:\/\/www.notibras.com\/site\/wp-json\/wp\/v2\/tags?post=358926"}],"curies":[{"name":"wp","href":"https:\/\/api.w.org\/{rel}","templated":true}]}}