{"id":35902,"date":"2015-02-03T20:57:06","date_gmt":"2015-02-03T23:57:06","guid":{"rendered":"http:\/\/www.notibras.com\/site\/?p=35902"},"modified":"2015-02-03T21:07:46","modified_gmt":"2015-02-04T00:07:46","slug":"guimaraes-assume-lideranca-do-governo-para-recompor-base-na-camara","status":"publish","type":"post","link":"https:\/\/www.notibras.com\/site\/guimaraes-assume-lideranca-do-governo-para-recompor-base-na-camara\/","title":{"rendered":"Guimar\u00e3es assume lideran\u00e7a do Governo para recompor base do Planalto na C\u00e2mara"},"content":{"rendered":"<p>Novo l\u00edder do governo na C\u00e2mara, o deputado Jos\u00e9 Guimar\u00e3es (PT-CE) promete trabalha para recompor a base governista na C\u00e2mara. Ele disse que far\u00e1 seu trabalho para reorganizar a base \u201ccom devo\u00e7\u00e3o, esp\u00edrito p\u00fablico e sempre marcado pelo di\u00e1logo\u201d. Guimar\u00e3es informou que dialogar\u00e1 com a oposi\u00e7\u00e3o de forma respeitosa e propositiva.<\/p>\n<p>O l\u00edder afirmou que o trabalho de recomposi\u00e7\u00e3o da base ser\u00e1 em articula\u00e7\u00e3o permanente com o ministro Pepe Vargas, de Rela\u00e7\u00f5es Institucionais. Ele ressaltou que hoje j\u00e1 se reuniu com o novo presidente da C\u00e2mara, deputado Eduardo Cunha (PMDB-RJ), para iniciar o di\u00e1logo.<\/p>\n<p>Guimar\u00e3es destacou que trabalhar\u00e1 muito para recompor a base governista. \u201cFaremos todo o esfor\u00e7o para recompor as pontes e a base do governo. Para mim, a elei\u00e7\u00e3o da C\u00e2mara \u00e9 uma p\u00e1gina virada. Vamos pensar em um novo Parlamento, em uma nova rela\u00e7\u00e3o e em um novo Brasil\u201d, acrescentou.<\/p>\n<p>O novo l\u00edder salientou que n\u00e3o vai impor nada e que trabalhar\u00e1 pelo governo e pelo Parlamento. \u201cVou estender a m\u00e3o do dialogo. Este \u00e9 um ano duro, dif\u00edcil e temos de ter muita solidariedade entre a base\u201d.<\/p>\n<blockquote><p>De acordo com Guimar\u00e3es, o presidente Eduardo Cunha sinalizou positivamente sobre o papel dele como presidente. \u201cEle disse que \u00e9 presidente do Parlamento. Senti muita disposi\u00e7\u00e3o para o di\u00e1logo e \u00e9 isso que vou fazer\u201d.<\/p>\n<p>Jos\u00e9 Guimar\u00e3es, que substituiu o deputado Henrique Fontana (PT-RS), revelou que n\u00e3o tem condi\u00e7\u00f5es de precisar qual ser\u00e1 o tamanho da base governista, mas que atuar\u00e1 para que ela seja a maior poss\u00edvel.<\/p><\/blockquote>\n<p>Segundo ele, l\u00edderes de partidos da base que se uniram ao PMDB para forma\u00e7\u00e3o do bloco partid\u00e1rio afirmaram que s\u00e3o aliados do governo. \u201cEstou otimista e determinado a recompor a base\u201d.<\/p>\n<p><strong>Iolando Louren\u00e7o, ABr<\/strong><\/p>\n","protected":false},"excerpt":{"rendered":"<p>Novo l\u00edder do governo na C\u00e2mara, o deputado Jos\u00e9 Guimar\u00e3es (PT-CE) promete trabalha para recompor a base governista na C\u00e2mara. Ele disse que far\u00e1 seu trabalho para reorganizar a base \u201ccom devo\u00e7\u00e3o, esp\u00edrito p\u00fablico e sempre marcado pelo di\u00e1logo\u201d. Guimar\u00e3es informou que dialogar\u00e1 com a oposi\u00e7\u00e3o de forma respeitosa e propositiva. O l\u00edder afirmou que [&hellip;]<\/p>\n","protected":false},"author":2,"featured_media":35905,"comment_status":"open","ping_status":"closed","sticky":false,"template":"","format":"standard","meta":{"_acf_changed":false,"footnotes":""},"categories":[16],"tags":[],"class_list":["post-35902","post","type-post","status-publish","format-standard","has-post-thumbnail","hentry","category-brasil"],"acf":[],"yoast_head":"<!-- This site is optimized with the Yoast SEO plugin v27.2 - https:\/\/yoast.com\/product\/yoast-seo-wordpress\/ -->\n<title>Guimar\u00e3es assume lideran\u00e7a do Governo para recompor base do Planalto na C\u00e2mara - Notibras<\/title>\n<meta name=\"robots\" content=\"index, follow, max-snippet:-1, max-image-preview:large, max-video-preview:-1\" \/>\n<link rel=\"canonical\" href=\"https:\/\/www.notibras.com\/site\/guimaraes-assume-lideranca-do-governo-para-recompor-base-na-camara\/\" \/>\n<meta property=\"og:locale\" content=\"pt_BR\" \/>\n<meta property=\"og:type\" content=\"article\" \/>\n<meta property=\"og:title\" content=\"Guimar\u00e3es assume lideran\u00e7a do Governo para recompor base do Planalto na C\u00e2mara - Notibras\" \/>\n<meta property=\"og:description\" content=\"Novo l\u00edder do governo na C\u00e2mara, o deputado Jos\u00e9 Guimar\u00e3es (PT-CE) promete trabalha para recompor a base governista na C\u00e2mara. Ele disse que far\u00e1 seu trabalho para reorganizar a base \u201ccom devo\u00e7\u00e3o, esp\u00edrito p\u00fablico e sempre marcado pelo di\u00e1logo\u201d. Guimar\u00e3es informou que dialogar\u00e1 com a oposi\u00e7\u00e3o de forma respeitosa e propositiva. O l\u00edder afirmou que [&hellip;]\" \/>\n<meta property=\"og:url\" content=\"https:\/\/www.notibras.com\/site\/guimaraes-assume-lideranca-do-governo-para-recompor-base-na-camara\/\" \/>\n<meta property=\"og:site_name\" content=\"Notibras\" \/>\n<meta property=\"article:publisher\" content=\"https:\/\/www.facebook.com\/notibras\/\" \/>\n<meta property=\"article:published_time\" content=\"2015-02-03T23:57:06+00:00\" \/>\n<meta property=\"article:modified_time\" content=\"2015-02-04T00:07:46+00:00\" \/>\n<meta property=\"og:image\" content=\"https:\/\/www.notibras.com\/site\/wp-content\/uploads\/2015\/02\/li.jpg\" \/>\n\t<meta property=\"og:image:width\" content=\"400\" \/>\n\t<meta property=\"og:image:height\" content=\"300\" \/>\n\t<meta property=\"og:image:type\" content=\"image\/jpeg\" \/>\n<meta name=\"author\" content=\"Reda\u00e7\u00e3o\" \/>\n<meta name=\"twitter:card\" content=\"summary_large_image\" \/>\n<meta name=\"twitter:creator\" content=\"@Notibras\" \/>\n<meta name=\"twitter:site\" content=\"@Notibras\" \/>\n<meta name=\"twitter:label1\" content=\"Escrito por\" \/>\n\t<meta name=\"twitter:data1\" content=\"Reda\u00e7\u00e3o\" \/>\n\t<meta name=\"twitter:label2\" content=\"Est. tempo de leitura\" \/>\n\t<meta name=\"twitter:data2\" content=\"2 minutos\" \/>\n<script type=\"application\/ld+json\" class=\"yoast-schema-graph\">{\"@context\":\"https:\/\/schema.org\",\"@graph\":[{\"@type\":\"Article\",\"@id\":\"https:\/\/www.notibras.com\/site\/guimaraes-assume-lideranca-do-governo-para-recompor-base-na-camara\/#article\",\"isPartOf\":{\"@id\":\"https:\/\/www.notibras.com\/site\/guimaraes-assume-lideranca-do-governo-para-recompor-base-na-camara\/\"},\"author\":{\"name\":\"Reda\u00e7\u00e3o\",\"@id\":\"https:\/\/www.notibras.com\/site\/#\/schema\/person\/36ab0979449956132d3e5b517ea76ac8\"},\"headline\":\"Guimar\u00e3es assume lideran\u00e7a do Governo para recompor base do Planalto na C\u00e2mara\",\"datePublished\":\"2015-02-03T23:57:06+00:00\",\"dateModified\":\"2015-02-04T00:07:46+00:00\",\"mainEntityOfPage\":{\"@id\":\"https:\/\/www.notibras.com\/site\/guimaraes-assume-lideranca-do-governo-para-recompor-base-na-camara\/\"},\"wordCount\":332,\"commentCount\":0,\"publisher\":{\"@id\":\"https:\/\/www.notibras.com\/site\/#organization\"},\"image\":{\"@id\":\"https:\/\/www.notibras.com\/site\/guimaraes-assume-lideranca-do-governo-para-recompor-base-na-camara\/#primaryimage\"},\"thumbnailUrl\":\"https:\/\/www.notibras.com\/site\/wp-content\/uploads\/2015\/02\/li.jpg\",\"articleSection\":[\"Brasil\"],\"inLanguage\":\"pt-BR\",\"potentialAction\":[{\"@type\":\"CommentAction\",\"name\":\"Comment\",\"target\":[\"https:\/\/www.notibras.com\/site\/guimaraes-assume-lideranca-do-governo-para-recompor-base-na-camara\/#respond\"]}]},{\"@type\":\"WebPage\",\"@id\":\"https:\/\/www.notibras.com\/site\/guimaraes-assume-lideranca-do-governo-para-recompor-base-na-camara\/\",\"url\":\"https:\/\/www.notibras.com\/site\/guimaraes-assume-lideranca-do-governo-para-recompor-base-na-camara\/\",\"name\":\"Guimar\u00e3es assume lideran\u00e7a do Governo para recompor base do Planalto na C\u00e2mara - Notibras\",\"isPartOf\":{\"@id\":\"https:\/\/www.notibras.com\/site\/#website\"},\"primaryImageOfPage\":{\"@id\":\"https:\/\/www.notibras.com\/site\/guimaraes-assume-lideranca-do-governo-para-recompor-base-na-camara\/#primaryimage\"},\"image\":{\"@id\":\"https:\/\/www.notibras.com\/site\/guimaraes-assume-lideranca-do-governo-para-recompor-base-na-camara\/#primaryimage\"},\"thumbnailUrl\":\"https:\/\/www.notibras.com\/site\/wp-content\/uploads\/2015\/02\/li.jpg\",\"datePublished\":\"2015-02-03T23:57:06+00:00\",\"dateModified\":\"2015-02-04T00:07:46+00:00\",\"breadcrumb\":{\"@id\":\"https:\/\/www.notibras.com\/site\/guimaraes-assume-lideranca-do-governo-para-recompor-base-na-camara\/#breadcrumb\"},\"inLanguage\":\"pt-BR\",\"potentialAction\":[{\"@type\":\"ReadAction\",\"target\":[\"https:\/\/www.notibras.com\/site\/guimaraes-assume-lideranca-do-governo-para-recompor-base-na-camara\/\"]}]},{\"@type\":\"ImageObject\",\"inLanguage\":\"pt-BR\",\"@id\":\"https:\/\/www.notibras.com\/site\/guimaraes-assume-lideranca-do-governo-para-recompor-base-na-camara\/#primaryimage\",\"url\":\"https:\/\/www.notibras.com\/site\/wp-content\/uploads\/2015\/02\/li.jpg\",\"contentUrl\":\"https:\/\/www.notibras.com\/site\/wp-content\/uploads\/2015\/02\/li.jpg\",\"width\":400,\"height\":300},{\"@type\":\"BreadcrumbList\",\"@id\":\"https:\/\/www.notibras.com\/site\/guimaraes-assume-lideranca-do-governo-para-recompor-base-na-camara\/#breadcrumb\",\"itemListElement\":[{\"@type\":\"ListItem\",\"position\":1,\"name\":\"In\u00edcio\",\"item\":\"https:\/\/www.notibras.com\/site\/\"},{\"@type\":\"ListItem\",\"position\":2,\"name\":\"Guimar\u00e3es assume lideran\u00e7a do Governo para recompor base do Planalto na C\u00e2mara\"}]},{\"@type\":\"WebSite\",\"@id\":\"https:\/\/www.notibras.com\/site\/#website\",\"url\":\"https:\/\/www.notibras.com\/site\/\",\"name\":\"Notibras\",\"description\":\"Not\u00edcias de Bras\u00edlia, do Brasil e do Mundo\",\"publisher\":{\"@id\":\"https:\/\/www.notibras.com\/site\/#organization\"},\"potentialAction\":[{\"@type\":\"SearchAction\",\"target\":{\"@type\":\"EntryPoint\",\"urlTemplate\":\"https:\/\/www.notibras.com\/site\/?s={search_term_string}\"},\"query-input\":{\"@type\":\"PropertyValueSpecification\",\"valueRequired\":true,\"valueName\":\"search_term_string\"}}],\"inLanguage\":\"pt-BR\"},{\"@type\":\"Organization\",\"@id\":\"https:\/\/www.notibras.com\/site\/#organization\",\"name\":\"Grupo Notibras de Comunica\u00e7\u00e3o\",\"url\":\"https:\/\/www.notibras.com\/site\/\",\"logo\":{\"@type\":\"ImageObject\",\"inLanguage\":\"pt-BR\",\"@id\":\"https:\/\/www.notibras.com\/site\/#\/schema\/logo\/image\/\",\"url\":\"https:\/\/www.notibras.com\/site\/wp-content\/uploads\/2023\/01\/notibras23.png\",\"contentUrl\":\"https:\/\/www.notibras.com\/site\/wp-content\/uploads\/2023\/01\/notibras23.png\",\"width\":350,\"height\":87,\"caption\":\"Grupo Notibras de Comunica\u00e7\u00e3o\"},\"image\":{\"@id\":\"https:\/\/www.notibras.com\/site\/#\/schema\/logo\/image\/\"},\"sameAs\":[\"https:\/\/www.facebook.com\/notibras\/\",\"https:\/\/x.com\/Notibras\",\"https:\/\/www.instagram.com\/notibras\/\"]},{\"@type\":\"Person\",\"@id\":\"https:\/\/www.notibras.com\/site\/#\/schema\/person\/36ab0979449956132d3e5b517ea76ac8\",\"name\":\"Reda\u00e7\u00e3o\",\"image\":{\"@type\":\"ImageObject\",\"inLanguage\":\"pt-BR\",\"@id\":\"https:\/\/secure.gravatar.com\/avatar\/e0a867bdedb85fd243eadf09663511f96fc81e0720a4a42581f334ad4303aa6b?s=96&d=mm&r=g\",\"url\":\"https:\/\/secure.gravatar.com\/avatar\/e0a867bdedb85fd243eadf09663511f96fc81e0720a4a42581f334ad4303aa6b?s=96&d=mm&r=g\",\"contentUrl\":\"https:\/\/secure.gravatar.com\/avatar\/e0a867bdedb85fd243eadf09663511f96fc81e0720a4a42581f334ad4303aa6b?s=96&d=mm&r=g\",\"caption\":\"Reda\u00e7\u00e3o\"}}]}<\/script>\n<!-- \/ Yoast SEO plugin. -->","yoast_head_json":{"title":"Guimar\u00e3es assume lideran\u00e7a do Governo para recompor base do Planalto na C\u00e2mara - Notibras","robots":{"index":"index","follow":"follow","max-snippet":"max-snippet:-1","max-image-preview":"max-image-preview:large","max-video-preview":"max-video-preview:-1"},"canonical":"https:\/\/www.notibras.com\/site\/guimaraes-assume-lideranca-do-governo-para-recompor-base-na-camara\/","og_locale":"pt_BR","og_type":"article","og_title":"Guimar\u00e3es assume lideran\u00e7a do Governo para recompor base do Planalto na C\u00e2mara - Notibras","og_description":"Novo l\u00edder do governo na C\u00e2mara, o deputado Jos\u00e9 Guimar\u00e3es (PT-CE) promete trabalha para recompor a base governista na C\u00e2mara. Ele disse que far\u00e1 seu trabalho para reorganizar a base \u201ccom devo\u00e7\u00e3o, esp\u00edrito p\u00fablico e sempre marcado pelo di\u00e1logo\u201d. Guimar\u00e3es informou que dialogar\u00e1 com a oposi\u00e7\u00e3o de forma respeitosa e propositiva. O l\u00edder afirmou que [&hellip;]","og_url":"https:\/\/www.notibras.com\/site\/guimaraes-assume-lideranca-do-governo-para-recompor-base-na-camara\/","og_site_name":"Notibras","article_publisher":"https:\/\/www.facebook.com\/notibras\/","article_published_time":"2015-02-03T23:57:06+00:00","article_modified_time":"2015-02-04T00:07:46+00:00","og_image":[{"width":400,"height":300,"url":"https:\/\/www.notibras.com\/site\/wp-content\/uploads\/2015\/02\/li.jpg","type":"image\/jpeg"}],"author":"Reda\u00e7\u00e3o","twitter_card":"summary_large_image","twitter_creator":"@Notibras","twitter_site":"@Notibras","twitter_misc":{"Escrito por":"Reda\u00e7\u00e3o","Est. tempo de leitura":"2 minutos"},"schema":{"@context":"https:\/\/schema.org","@graph":[{"@type":"Article","@id":"https:\/\/www.notibras.com\/site\/guimaraes-assume-lideranca-do-governo-para-recompor-base-na-camara\/#article","isPartOf":{"@id":"https:\/\/www.notibras.com\/site\/guimaraes-assume-lideranca-do-governo-para-recompor-base-na-camara\/"},"author":{"name":"Reda\u00e7\u00e3o","@id":"https:\/\/www.notibras.com\/site\/#\/schema\/person\/36ab0979449956132d3e5b517ea76ac8"},"headline":"Guimar\u00e3es assume lideran\u00e7a do Governo para recompor base do Planalto na C\u00e2mara","datePublished":"2015-02-03T23:57:06+00:00","dateModified":"2015-02-04T00:07:46+00:00","mainEntityOfPage":{"@id":"https:\/\/www.notibras.com\/site\/guimaraes-assume-lideranca-do-governo-para-recompor-base-na-camara\/"},"wordCount":332,"commentCount":0,"publisher":{"@id":"https:\/\/www.notibras.com\/site\/#organization"},"image":{"@id":"https:\/\/www.notibras.com\/site\/guimaraes-assume-lideranca-do-governo-para-recompor-base-na-camara\/#primaryimage"},"thumbnailUrl":"https:\/\/www.notibras.com\/site\/wp-content\/uploads\/2015\/02\/li.jpg","articleSection":["Brasil"],"inLanguage":"pt-BR","potentialAction":[{"@type":"CommentAction","name":"Comment","target":["https:\/\/www.notibras.com\/site\/guimaraes-assume-lideranca-do-governo-para-recompor-base-na-camara\/#respond"]}]},{"@type":"WebPage","@id":"https:\/\/www.notibras.com\/site\/guimaraes-assume-lideranca-do-governo-para-recompor-base-na-camara\/","url":"https:\/\/www.notibras.com\/site\/guimaraes-assume-lideranca-do-governo-para-recompor-base-na-camara\/","name":"Guimar\u00e3es assume lideran\u00e7a do Governo para recompor base do Planalto na C\u00e2mara - Notibras","isPartOf":{"@id":"https:\/\/www.notibras.com\/site\/#website"},"primaryImageOfPage":{"@id":"https:\/\/www.notibras.com\/site\/guimaraes-assume-lideranca-do-governo-para-recompor-base-na-camara\/#primaryimage"},"image":{"@id":"https:\/\/www.notibras.com\/site\/guimaraes-assume-lideranca-do-governo-para-recompor-base-na-camara\/#primaryimage"},"thumbnailUrl":"https:\/\/www.notibras.com\/site\/wp-content\/uploads\/2015\/02\/li.jpg","datePublished":"2015-02-03T23:57:06+00:00","dateModified":"2015-02-04T00:07:46+00:00","breadcrumb":{"@id":"https:\/\/www.notibras.com\/site\/guimaraes-assume-lideranca-do-governo-para-recompor-base-na-camara\/#breadcrumb"},"inLanguage":"pt-BR","potentialAction":[{"@type":"ReadAction","target":["https:\/\/www.notibras.com\/site\/guimaraes-assume-lideranca-do-governo-para-recompor-base-na-camara\/"]}]},{"@type":"ImageObject","inLanguage":"pt-BR","@id":"https:\/\/www.notibras.com\/site\/guimaraes-assume-lideranca-do-governo-para-recompor-base-na-camara\/#primaryimage","url":"https:\/\/www.notibras.com\/site\/wp-content\/uploads\/2015\/02\/li.jpg","contentUrl":"https:\/\/www.notibras.com\/site\/wp-content\/uploads\/2015\/02\/li.jpg","width":400,"height":300},{"@type":"BreadcrumbList","@id":"https:\/\/www.notibras.com\/site\/guimaraes-assume-lideranca-do-governo-para-recompor-base-na-camara\/#breadcrumb","itemListElement":[{"@type":"ListItem","position":1,"name":"In\u00edcio","item":"https:\/\/www.notibras.com\/site\/"},{"@type":"ListItem","position":2,"name":"Guimar\u00e3es assume lideran\u00e7a do Governo para recompor base do Planalto na C\u00e2mara"}]},{"@type":"WebSite","@id":"https:\/\/www.notibras.com\/site\/#website","url":"https:\/\/www.notibras.com\/site\/","name":"Notibras","description":"Not\u00edcias de Bras\u00edlia, do Brasil e do Mundo","publisher":{"@id":"https:\/\/www.notibras.com\/site\/#organization"},"potentialAction":[{"@type":"SearchAction","target":{"@type":"EntryPoint","urlTemplate":"https:\/\/www.notibras.com\/site\/?s={search_term_string}"},"query-input":{"@type":"PropertyValueSpecification","valueRequired":true,"valueName":"search_term_string"}}],"inLanguage":"pt-BR"},{"@type":"Organization","@id":"https:\/\/www.notibras.com\/site\/#organization","name":"Grupo Notibras de Comunica\u00e7\u00e3o","url":"https:\/\/www.notibras.com\/site\/","logo":{"@type":"ImageObject","inLanguage":"pt-BR","@id":"https:\/\/www.notibras.com\/site\/#\/schema\/logo\/image\/","url":"https:\/\/www.notibras.com\/site\/wp-content\/uploads\/2023\/01\/notibras23.png","contentUrl":"https:\/\/www.notibras.com\/site\/wp-content\/uploads\/2023\/01\/notibras23.png","width":350,"height":87,"caption":"Grupo Notibras de Comunica\u00e7\u00e3o"},"image":{"@id":"https:\/\/www.notibras.com\/site\/#\/schema\/logo\/image\/"},"sameAs":["https:\/\/www.facebook.com\/notibras\/","https:\/\/x.com\/Notibras","https:\/\/www.instagram.com\/notibras\/"]},{"@type":"Person","@id":"https:\/\/www.notibras.com\/site\/#\/schema\/person\/36ab0979449956132d3e5b517ea76ac8","name":"Reda\u00e7\u00e3o","image":{"@type":"ImageObject","inLanguage":"pt-BR","@id":"https:\/\/secure.gravatar.com\/avatar\/e0a867bdedb85fd243eadf09663511f96fc81e0720a4a42581f334ad4303aa6b?s=96&d=mm&r=g","url":"https:\/\/secure.gravatar.com\/avatar\/e0a867bdedb85fd243eadf09663511f96fc81e0720a4a42581f334ad4303aa6b?s=96&d=mm&r=g","contentUrl":"https:\/\/secure.gravatar.com\/avatar\/e0a867bdedb85fd243eadf09663511f96fc81e0720a4a42581f334ad4303aa6b?s=96&d=mm&r=g","caption":"Reda\u00e7\u00e3o"}}]}},"amp_enabled":true,"_links":{"self":[{"href":"https:\/\/www.notibras.com\/site\/wp-json\/wp\/v2\/posts\/35902","targetHints":{"allow":["GET"]}}],"collection":[{"href":"https:\/\/www.notibras.com\/site\/wp-json\/wp\/v2\/posts"}],"about":[{"href":"https:\/\/www.notibras.com\/site\/wp-json\/wp\/v2\/types\/post"}],"author":[{"embeddable":true,"href":"https:\/\/www.notibras.com\/site\/wp-json\/wp\/v2\/users\/2"}],"replies":[{"embeddable":true,"href":"https:\/\/www.notibras.com\/site\/wp-json\/wp\/v2\/comments?post=35902"}],"version-history":[{"count":0,"href":"https:\/\/www.notibras.com\/site\/wp-json\/wp\/v2\/posts\/35902\/revisions"}],"wp:featuredmedia":[{"embeddable":true,"href":"https:\/\/www.notibras.com\/site\/wp-json\/wp\/v2\/media\/35905"}],"wp:attachment":[{"href":"https:\/\/www.notibras.com\/site\/wp-json\/wp\/v2\/media?parent=35902"}],"wp:term":[{"taxonomy":"category","embeddable":true,"href":"https:\/\/www.notibras.com\/site\/wp-json\/wp\/v2\/categories?post=35902"},{"taxonomy":"post_tag","embeddable":true,"href":"https:\/\/www.notibras.com\/site\/wp-json\/wp\/v2\/tags?post=35902"}],"curies":[{"name":"wp","href":"https:\/\/api.w.org\/{rel}","templated":true}]}}