{"id":359103,"date":"2025-07-23T07:24:09","date_gmt":"2025-07-23T10:24:09","guid":{"rendered":"https:\/\/www.notibras.com\/site\/?p=359103"},"modified":"2025-07-23T07:24:09","modified_gmt":"2025-07-23T10:24:09","slug":"atrasado-em-um-ano-maranhao-festeja-independencia","status":"publish","type":"post","link":"https:\/\/www.notibras.com\/site\/atrasado-em-um-ano-maranhao-festeja-independencia\/","title":{"rendered":"Atrasado em um ano, Maranh\u00e3o festeja independ\u00eancia"},"content":{"rendered":"<p><!--StartFragment --><\/p>\n<p class=\"pf0\"><span class=\"cf0\">O dia 28 de julho marca a ades\u00e3o do Maranh\u00e3o \u00e0 independ\u00eancia do Brasil, ocorrida em 1823, quase um ano depois da proclama\u00e7\u00e3o oficial. A data \u00e9 feriado, mas restrita ao estado. O Maranh\u00e3o foi o pen\u00faltimo estado a reconhecer a independ\u00eancia do pa\u00eds. O \u00faltimo foi o Par\u00e1, que aderiu somente em 15 de agosto de 1823.<\/span><\/p>\n<p class=\"pf0\"><span class=\"cf0\">O feriado foi institu\u00eddo em 2 de outubro de 1964 pelo ent\u00e3o governador Newton de Barros <\/span><span class=\"cf0\">Bello<\/span><span class=\"cf0\">, que sancionou a Lei n\u00ba 2457.<\/span><\/p>\n<p class=\"pf0\"><span class=\"cf0\">\u201c\u00c9 feriado estadual o dia 28 de julho, data que assinala a ades\u00e3o do Maranh\u00e3o \u00e0 independ\u00eancia\u201d, diz o artigo primeiro da lei.<\/span><\/p>\n<p class=\"pf0\"><span class=\"cf0\">Ao contr\u00e1rio da vis\u00e3o tradicional hist\u00f3rica de um rompimento singular e pac\u00edfico com Portugal, protagonizado por Dom Pedro I, o Maranh\u00e3o demorou em reconhecer a independ\u00eancia por causa dos fortes la\u00e7os que tinha com Portugal.<\/span><\/p>\n<p class=\"pf0\"><span class=\"cf0\">No per\u00edodo de 1751 a 1778, o Estado do Gr\u00e3o-Par\u00e1 e Maranh\u00e3o foi desmembrado da col\u00f4nia do Brasil e subordinava-se diretamente \u00e0 Coroa Portuguesa. Com uma localiza\u00e7\u00e3o geogr\u00e1fica mais pr\u00f3xima \u00e0 Europa, o acesso e comunica\u00e7\u00e3o mar\u00edtima com Lisboa eram muito mais f\u00e1ceis que com o Rio de Janeiro, a nova sede do Brasil.<\/span><\/p>\n<p class=\"pf0\"><span class=\"cf0\">Al\u00e9m disso, o Maranh\u00e3o mantinha um intenso fluxo comercial com os portugueses, bem como la\u00e7os pol\u00edticos.<\/span><\/p>\n<p class=\"pf0\"><span class=\"cf0\">Esse estreitamento das rela\u00e7\u00f5es com Lisboa foi um fator decisivo para a resist\u00eancia das elites maranhenses \u00e0 causa da independ\u00eancia, culminando com um movimento defendendo a manuten\u00e7\u00e3o do Maranh\u00e3o junto ao Imp\u00e9rio portugu\u00eas durante o processo pol\u00edtico que tornou o Brasil independente.<\/span><\/p>\n<p class=\"pf0\"><span class=\"cf0\">Somente em 1823, come\u00e7a a aparecer a ideia de \u201cades\u00e3o\u201d \u00e0 independ\u00eancia no estado. Contribui para essa mudan\u00e7a, o avan\u00e7o de tropas independentistas, vindas do Piau\u00ed e Cear\u00e1.<\/span><\/p>\n<p class=\"pf0\"><span class=\"cf0\">Houve embates, principalmente no interior do estado, nas regi\u00f5es de Caxias e S\u00e3o Jos\u00e9 dos Mat\u00f5es, entre as tropas fieis \u00e0 Portugal e os independentistas, gerando isolamento e desabastecimento na capital, S\u00e3o Lu\u00eds, que resistia.<\/span><\/p>\n<p class=\"pf0\"><span class=\"cf0\">O golpe final veio por mar, de onde se esperavam refor\u00e7os portugueses suficientes para manter o v\u00ednculo com Lisboa, por\u00e9m que nunca aportaram.<\/span><\/p>\n<p class=\"pf0\"><span class=\"cf0\">Quem conduziu o cerco foi o lend\u00e1rio <\/span><span class=\"cf0\">Lord<\/span><span class=\"cf0\"> Thomas Cochrane, um mercen\u00e1rio escoc\u00eas, contratado por Dom Pedro I para ajudar a organizar a Marinha brasileira.<\/span><\/p>\n<p class=\"pf0\"><span class=\"cf0\">Em 26 de julho, Lorde Cochrane chegou \u00e0 fortaleza de Santo Ant\u00f4nio da Barra, controlando o canal de acesso ao porto de S\u00e3o Lu\u00eds.<\/span><\/p>\n<p class=\"pf0\"><span class=\"cf0\">Para tanto, o marinheiro utilizou de um artif\u00edcio, trocou a bandeira hasteada do Imp\u00e9rio brasileiro na nau que comandava, por uma bandeira inglesa, a fim de gerar uma falsa impress\u00e3o, passando a ideia de ser um navio aliado.<\/span><\/p>\n<p class=\"pf0\"><span class=\"cf0\">O cerco estava completo. Utilizando-se da for\u00e7a militar, Cochrane exigia o fim da resist\u00eancia e o juramento do governo maranhense a Dom Pedro.<\/span><\/p>\n<p class=\"pf0\"><span class=\"cf0\">Dois dias depois, o Maranh\u00e3o reconheceria a independ\u00eancia do Brasil, sem que o almirante precisasse dar um tiro sequer.<\/span><\/p>\n<p class=\"pf0\"><span class=\"cf0\">Em raz\u00e3o de sua conquista, o mercen\u00e1rio foi aclamado com o t\u00edtulo de marqu\u00eas do Maranh\u00e3o.<\/span><\/p>\n<p><!--EndFragment --><\/p>\n","protected":false},"excerpt":{"rendered":"<p>O dia 28 de julho marca a ades\u00e3o do Maranh\u00e3o \u00e0 independ\u00eancia do Brasil, ocorrida em 1823, quase um ano depois da proclama\u00e7\u00e3o oficial. A data \u00e9 feriado, mas restrita ao estado. O Maranh\u00e3o foi o pen\u00faltimo estado a reconhecer a independ\u00eancia do pa\u00eds. O \u00faltimo foi o Par\u00e1, que aderiu somente em 15 de [&hellip;]<\/p>\n","protected":false},"author":2,"featured_media":359104,"comment_status":"closed","ping_status":"closed","sticky":false,"template":"","format":"standard","meta":{"_acf_changed":false,"footnotes":""},"categories":[165],"tags":[],"class_list":["post-359103","post","type-post","status-publish","format-standard","has-post-thumbnail","hentry","category-nordeste"],"acf":[],"_links":{"self":[{"href":"https:\/\/www.notibras.com\/site\/wp-json\/wp\/v2\/posts\/359103","targetHints":{"allow":["GET"]}}],"collection":[{"href":"https:\/\/www.notibras.com\/site\/wp-json\/wp\/v2\/posts"}],"about":[{"href":"https:\/\/www.notibras.com\/site\/wp-json\/wp\/v2\/types\/post"}],"author":[{"embeddable":true,"href":"https:\/\/www.notibras.com\/site\/wp-json\/wp\/v2\/users\/2"}],"replies":[{"embeddable":true,"href":"https:\/\/www.notibras.com\/site\/wp-json\/wp\/v2\/comments?post=359103"}],"version-history":[{"count":1,"href":"https:\/\/www.notibras.com\/site\/wp-json\/wp\/v2\/posts\/359103\/revisions"}],"predecessor-version":[{"id":359105,"href":"https:\/\/www.notibras.com\/site\/wp-json\/wp\/v2\/posts\/359103\/revisions\/359105"}],"wp:featuredmedia":[{"embeddable":true,"href":"https:\/\/www.notibras.com\/site\/wp-json\/wp\/v2\/media\/359104"}],"wp:attachment":[{"href":"https:\/\/www.notibras.com\/site\/wp-json\/wp\/v2\/media?parent=359103"}],"wp:term":[{"taxonomy":"category","embeddable":true,"href":"https:\/\/www.notibras.com\/site\/wp-json\/wp\/v2\/categories?post=359103"},{"taxonomy":"post_tag","embeddable":true,"href":"https:\/\/www.notibras.com\/site\/wp-json\/wp\/v2\/tags?post=359103"}],"curies":[{"name":"wp","href":"https:\/\/api.w.org\/{rel}","templated":true}]}}