{"id":359106,"date":"2025-07-23T00:31:54","date_gmt":"2025-07-23T03:31:54","guid":{"rendered":"https:\/\/www.notibras.com\/site\/?p=359106"},"modified":"2025-07-23T07:33:47","modified_gmt":"2025-07-23T10:33:47","slug":"povo-arranja-emprego-e-comeca-a-deixar-bolsa-familia","status":"publish","type":"post","link":"https:\/\/www.notibras.com\/site\/povo-arranja-emprego-e-comeca-a-deixar-bolsa-familia\/","title":{"rendered":"Povo arranja emprego e come\u00e7a a deixar Bolsa Fam\u00edlia"},"content":{"rendered":"<p><!--StartFragment --><\/p>\n<p class=\"pf0\"><span class=\"cf0\">Quase 1 milh\u00e3o de fam\u00edlias deixar\u00e3o de ser beneficiadas pelo Bolsa Fam\u00edlia, mas por um bom motivo: tiveram sua renda aumentada, superando a pobreza. De acordo com o Minist\u00e9rio do Desenvolvimento Social, no m\u00eas de julho foram 958 mil fam\u00edlias, o que corresponde a 3,5 milh\u00f5es de pessoas.<\/span><\/p>\n<p class=\"pf0\"><span class=\"cf0\">Entre os motivos para essa sa\u00edda, segundo o ministro do Desenvolvimento e Assist\u00eancia Social, Fam\u00edlia e Combate \u00e0 Fome, Wellington Dias, est\u00e3o empregos est\u00e1veis ou melhora da condi\u00e7\u00e3o financeira como empreendedores.<\/span><\/p>\n<p class=\"pf0\"><span class=\"cf0\">\u201cA maioria delas, 536 mil, cumpriu os 24 meses na regra de prote\u00e7\u00e3o. Elas atingiram prazo m\u00e1ximo de recebimento de 50% do valor que t\u00eam direito por terem alcan\u00e7ado uma renda per capita entre R$ 218 e meio sal\u00e1rio m\u00ednimo\u201d, disse o ministro nesta ter\u00e7a-feira (22). Mais da metade s\u00e3o nordestinos.<\/span><\/p>\n<p class=\"pf0\"><span class=\"cf0\">Segundo Dias, a ajuda a essas fam\u00edlias foi oferecida por meio de v\u00e1rios programas. \u201cA gente d\u00e1 a m\u00e3o para essas pessoas, para que possam se qualificar e para que possam estruturar um pequeno neg\u00f3cio. E por meio da renda de trabalho, como aconteceu com essas fam\u00edlias, 3,5 milh\u00f5es de pessoas que sa\u00edram da pobreza de janeiro deste ano para c\u00e1\u201d, acrescentou.<\/span><\/p>\n<p class=\"pf0\"><span class=\"cf0\">De acordo com o ministro, mais de 8,6 milh\u00f5es de pessoas superaram a pobreza desde o come\u00e7o do atual mandato do presidente Luiz In\u00e1cio Lula iniciado em 2023. \u201cS\u00e3o pessoas que sa\u00edram do Bolsa Fam\u00edlia a partir da renda. Estamos falando de quase 24 milh\u00f5es de brasileiros saindo da pobreza\u201d, disse.<\/span><\/p>\n<p class=\"pf0\"><span class=\"cf0\">O ministro lamentou as muitas situa\u00e7\u00f5es de preconceito contra os benefici\u00e1rios do programa, segundo ele, falsamente acusados de se acomodarem, deixando de buscar emprego.<\/span><\/p>\n<p class=\"pf0\"><span class=\"cf0\">Dias ressaltou que, para ter direito ao benef\u00edcio, as fam\u00edlias t\u00eam de cumprir algumas obriga\u00e7\u00f5es.<\/span><\/p>\n<p class=\"pf0\"><span class=\"cf0\">\u201cTemos tr\u00eas blocos de a\u00e7\u00f5es. O primeiro \u00e9 a educa\u00e7\u00e3o: quem recebe o Bolsa Fam\u00edlia precisa estar matriculado, estudando, frequentando escola, sendo aprovado. O segundo \u00e9 uma parceria com estados, munic\u00edpios e setor privado, com foco em qualifica\u00e7\u00e3o profissional. E o terceiro \u00e9 o apoio ao pequeno neg\u00f3cio, por meio de programas como o Acredita, o Pronaf e o <\/span><span class=\"cf0\">Agroamigo<\/span><span class=\"cf0\">\u201d, elencou o ministro.<\/span><\/p>\n<p class=\"pf0\"><span class=\"cf0\">Ele acrescenta que, na medida em que se abre a condi\u00e7\u00e3o de trabalhar, ganha-se condi\u00e7\u00e3o de sair do Bolsa Fam\u00edlia. \u201cMuitos est\u00e3o indo para classe m\u00e9dia, que est\u00e1 crescendo com [a entrada de] boa parte do p\u00fablico do Bolsa Fam\u00edlia, que est\u00e1 ascendendo\u201d, relatou.<\/span><\/p>\n<p><!--EndFragment --><\/p>\n","protected":false},"excerpt":{"rendered":"<p>Quase 1 milh\u00e3o de fam\u00edlias deixar\u00e3o de ser beneficiadas pelo Bolsa Fam\u00edlia, mas por um bom motivo: tiveram sua renda aumentada, superando a pobreza. De acordo com o Minist\u00e9rio do Desenvolvimento Social, no m\u00eas de julho foram 958 mil fam\u00edlias, o que corresponde a 3,5 milh\u00f5es de pessoas. Entre os motivos para essa sa\u00edda, segundo [&hellip;]<\/p>\n","protected":false},"author":2,"featured_media":334835,"comment_status":"closed","ping_status":"closed","sticky":false,"template":"","format":"standard","meta":{"_acf_changed":false,"footnotes":""},"categories":[165],"tags":[],"class_list":["post-359106","post","type-post","status-publish","format-standard","has-post-thumbnail","hentry","category-nordeste"],"acf":[],"_links":{"self":[{"href":"https:\/\/www.notibras.com\/site\/wp-json\/wp\/v2\/posts\/359106","targetHints":{"allow":["GET"]}}],"collection":[{"href":"https:\/\/www.notibras.com\/site\/wp-json\/wp\/v2\/posts"}],"about":[{"href":"https:\/\/www.notibras.com\/site\/wp-json\/wp\/v2\/types\/post"}],"author":[{"embeddable":true,"href":"https:\/\/www.notibras.com\/site\/wp-json\/wp\/v2\/users\/2"}],"replies":[{"embeddable":true,"href":"https:\/\/www.notibras.com\/site\/wp-json\/wp\/v2\/comments?post=359106"}],"version-history":[{"count":1,"href":"https:\/\/www.notibras.com\/site\/wp-json\/wp\/v2\/posts\/359106\/revisions"}],"predecessor-version":[{"id":359107,"href":"https:\/\/www.notibras.com\/site\/wp-json\/wp\/v2\/posts\/359106\/revisions\/359107"}],"wp:featuredmedia":[{"embeddable":true,"href":"https:\/\/www.notibras.com\/site\/wp-json\/wp\/v2\/media\/334835"}],"wp:attachment":[{"href":"https:\/\/www.notibras.com\/site\/wp-json\/wp\/v2\/media?parent=359106"}],"wp:term":[{"taxonomy":"category","embeddable":true,"href":"https:\/\/www.notibras.com\/site\/wp-json\/wp\/v2\/categories?post=359106"},{"taxonomy":"post_tag","embeddable":true,"href":"https:\/\/www.notibras.com\/site\/wp-json\/wp\/v2\/tags?post=359106"}],"curies":[{"name":"wp","href":"https:\/\/api.w.org\/{rel}","templated":true}]}}