{"id":359111,"date":"2025-07-23T00:47:27","date_gmt":"2025-07-23T03:47:27","guid":{"rendered":"https:\/\/www.notibras.com\/site\/?p=359111"},"modified":"2025-07-23T07:49:47","modified_gmt":"2025-07-23T10:49:47","slug":"tendencia-de-consumo-em-favelas-foge-de-estereotipo-da-pobreza-extrema","status":"publish","type":"post","link":"https:\/\/www.notibras.com\/site\/tendencia-de-consumo-em-favelas-foge-de-estereotipo-da-pobreza-extrema\/","title":{"rendered":"Tend\u00eancia de consumo em favelas foge de estere\u00f3tipo da pobreza extrema"},"content":{"rendered":"<p><!--StartFragment --><\/p>\n<p class=\"pf0\"><span class=\"cf0\">Pesquisa realizada em favelas de todo o pa\u00eds. em <\/span><span class=\"cf0\">fneoques<\/span><span class=\"cf0\"> no Nordeste, Rio e S\u00e3o Paulo, analisou percep\u00e7\u00f5es sobre consumo, condi\u00e7\u00f5es de vida e perspectivas dos moradores. Contrariando o estere\u00f3tipo de que s\u00e3o espa\u00e7os de pobreza, onde o pr\u00f3prio desejo pelo consumo enfrenta limita\u00e7\u00f5es, as respostas indicam um ambiente comercial pujante e alinhado \u00e0s principais marcas e plataformas utilizadas no restante do pa\u00eds.<\/span><\/p>\n<p class=\"pf0\"><span class=\"cf0\">O estudo ouviu 16 mil pessoas, com atua\u00e7\u00e3o de mil volunt\u00e1rios ligados \u00e0 Central \u00danica das Favelas (<\/span><span class=\"cf0\">Cufa<\/span><span class=\"cf0\">), e metodologia do instituto de pesquisas Data Favela.<\/span><\/p>\n<p class=\"pf0\"><span class=\"cf0\">Entre as percep\u00e7\u00f5es, a de que 83% dos entrevistados preferem produtos que ao mesmo tempo sejam baratos, mas tenham qualidade; 85% se sentem realizados quando conseguem juntar recursos para comprar um produto de acesso mais dif\u00edcil; e 78% se esfor\u00e7am para adquirir produtos cujo acesso n\u00e3o foi poss\u00edvel quando eram mais jovens, o que denota uma percep\u00e7\u00e3o do consumo como conquista e do acesso como direito e pertencimento.<\/span><\/p>\n<p class=\"pf0\"><span class=\"cf0\">A sensa\u00e7\u00e3o de frustra\u00e7\u00e3o tamb\u00e9m foi investigada pela pesquisa. E mais: 50% dos entrevistados consideraram j\u00e1 ter passado por situa\u00e7\u00e3o de constrangimento ou humilha\u00e7\u00e3o por n\u00e3o ter acesso a um produto, enquanto 62% se sentiram exclu\u00eddos porque n\u00e3o t\u00eam condi\u00e7\u00f5es financeiras de consumir um produto que est\u00e1 na moda.<\/span><\/p>\n<p class=\"pf0\"><span class=\"cf0\">Outro aspecto destacado pela pesquisa foi a percep\u00e7\u00e3o da import\u00e2ncia dos cuidados com a apar\u00eancia: 77% dos entrevistados disse se importar com a apar\u00eancia, 57% consideraram produtos cosm\u00e9ticos como itens de primeira necessidade e 37% disseram que ter boa apar\u00eancia \u00e9 um elemento positivo para melhores condi\u00e7\u00f5es profissionais.<\/span><\/p>\n<p class=\"pf0\"><span class=\"cf0\">A pesquisa tamb\u00e9m buscou a percep\u00e7\u00e3o sobre quais os principais anseios dos moradores: 19% t\u00eam como maior sonho melhores condi\u00e7\u00f5es de moradia e 18% mais acesso a hospitais e postos de sa\u00fade.<\/span><\/p>\n<p class=\"pf0\"><span class=\"cf0\">Outros 18% priorizaram mais seguran\u00e7a, enquanto 14% sonham com mais infraestrutura, como rede de esgoto e ilumina\u00e7\u00e3o. O item Respeito para os moradores foi prioridade para 9% dos ouvidos, enquanto o item op\u00e7\u00f5es de lazer ficou com 7%; mais escolas com 5% e mais op\u00e7\u00f5es de transporte, 4%. Cinco por cento priorizaram outros sonhos e 1% n\u00e3o definiu nenhum desejo como priorit\u00e1rio.<\/span><\/p>\n<p class=\"pf0\"><span class=\"cf0\">O consumo on-line \u00e9 realizado por seis em cada 10 moradores das favelas nas quais vivem no pa\u00eds cerca de 17 milh\u00f5es de pessoas com mais de 18 anos em 8% dos lares do pa\u00eds.<\/span><\/p>\n<p class=\"pf0\"><span class=\"cf0\">As principais plataformas preferidas s\u00e3o <\/span><span class=\"cf0\">Shopee<\/span><span class=\"cf0\">, Mercado Livre e <\/span><span class=\"cf0\">Shein<\/span><span class=\"cf0\">, com 78% de men\u00e7\u00f5es como sites em que os moradores da regi\u00e3o costumam comprar, com lideran\u00e7a consider\u00e1vel da primeira, usada por 40% dos entrevistados.<\/span><\/p>\n<p class=\"pf0\"><span class=\"cf0\">Quanto \u00e0s inten\u00e7\u00f5es de compras em um intervalo de seis meses, 70% dos moradores de favelas pretendem adquirir pe\u00e7as de vesti\u00e1rio, 60% desejam comprar itens de beleza e perfumaria e 51% somente produtos de beleza. Material de constru\u00e7\u00e3o est\u00e1 entre os desejos pr\u00f3ximos de 51% dos entrevistados, mesmo n\u00famero dos que t\u00eam pretens\u00e3o de adquirir eletrodom\u00e9sticos. J\u00e1 43% pretendem comprar eletr\u00f4nicos, enquanto 43% sonham consumir cursos diversos e 29% cursos de idiomas.<\/span><\/p>\n<p class=\"pf0\"><span class=\"cf0\">A pesquisa apurou ainda dificuldades em compras on-line. E mais: 60% dos entrevistados relataram ocorr\u00eancia de atrasos na entrega de encomendas, enquanto 20% n\u00e3o receberam encomendas, pois o endere\u00e7o n\u00e3o foi encontrado. Metade dos entrevistados disse ter recebido mensagens ou e-mails fraudulentos sobre encomendas. Um ter\u00e7o dos ouvidos caiu em golpes de mensagens ou e-mails. <\/span><\/p>\n<p><!--EndFragment --><\/p>\n","protected":false},"excerpt":{"rendered":"<p>Pesquisa realizada em favelas de todo o pa\u00eds. em fneoques no Nordeste, Rio e S\u00e3o Paulo, analisou percep\u00e7\u00f5es sobre consumo, condi\u00e7\u00f5es de vida e perspectivas dos moradores. Contrariando o estere\u00f3tipo de que s\u00e3o espa\u00e7os de pobreza, onde o pr\u00f3prio desejo pelo consumo enfrenta limita\u00e7\u00f5es, as respostas indicam um ambiente comercial pujante e alinhado \u00e0s principais [&hellip;]<\/p>\n","protected":false},"author":2,"featured_media":359112,"comment_status":"closed","ping_status":"closed","sticky":false,"template":"","format":"standard","meta":{"_acf_changed":false,"footnotes":""},"categories":[165],"tags":[],"class_list":["post-359111","post","type-post","status-publish","format-standard","has-post-thumbnail","hentry","category-nordeste"],"acf":[],"_links":{"self":[{"href":"https:\/\/www.notibras.com\/site\/wp-json\/wp\/v2\/posts\/359111","targetHints":{"allow":["GET"]}}],"collection":[{"href":"https:\/\/www.notibras.com\/site\/wp-json\/wp\/v2\/posts"}],"about":[{"href":"https:\/\/www.notibras.com\/site\/wp-json\/wp\/v2\/types\/post"}],"author":[{"embeddable":true,"href":"https:\/\/www.notibras.com\/site\/wp-json\/wp\/v2\/users\/2"}],"replies":[{"embeddable":true,"href":"https:\/\/www.notibras.com\/site\/wp-json\/wp\/v2\/comments?post=359111"}],"version-history":[{"count":1,"href":"https:\/\/www.notibras.com\/site\/wp-json\/wp\/v2\/posts\/359111\/revisions"}],"predecessor-version":[{"id":359113,"href":"https:\/\/www.notibras.com\/site\/wp-json\/wp\/v2\/posts\/359111\/revisions\/359113"}],"wp:featuredmedia":[{"embeddable":true,"href":"https:\/\/www.notibras.com\/site\/wp-json\/wp\/v2\/media\/359112"}],"wp:attachment":[{"href":"https:\/\/www.notibras.com\/site\/wp-json\/wp\/v2\/media?parent=359111"}],"wp:term":[{"taxonomy":"category","embeddable":true,"href":"https:\/\/www.notibras.com\/site\/wp-json\/wp\/v2\/categories?post=359111"},{"taxonomy":"post_tag","embeddable":true,"href":"https:\/\/www.notibras.com\/site\/wp-json\/wp\/v2\/tags?post=359111"}],"curies":[{"name":"wp","href":"https:\/\/api.w.org\/{rel}","templated":true}]}}