{"id":359181,"date":"2025-07-24T06:58:37","date_gmt":"2025-07-24T09:58:37","guid":{"rendered":"https:\/\/www.notibras.com\/site\/?p=359181"},"modified":"2025-07-24T06:58:37","modified_gmt":"2025-07-24T09:58:37","slug":"kim-jong-un-alerta-suas-tropas-para-guerra-real","status":"publish","type":"post","link":"https:\/\/www.notibras.com\/site\/kim-jong-un-alerta-suas-tropas-para-guerra-real\/","title":{"rendered":"Kim Jong-un alerta suas tropas para \u201cguerra real\u201d"},"content":{"rendered":"<p data-start=\"200\" data-end=\"438\">O l\u00edder norte-coreano Kim Jong-un instou suas for\u00e7as armadas a se prepararem para uma \u201cguerra real\u201d, durante uma demonstra\u00e7\u00e3o de disparos realizada entre unidades de artilharia, informou nesta quinta-feira (24) a m\u00eddia estatal de Pyongyang.<\/p>\n<p data-start=\"440\" data-end=\"879\">A declara\u00e7\u00e3o ocorre em meio ao crescente envolvimento da Coreia do Norte no conflito entre R\u00fassia e Ucr\u00e2nia. Segundo ag\u00eancias de intelig\u00eancia sul-coreanas e ocidentais, Pyongyang teria enviado mais de 10 mil soldados para a regi\u00e3o de Kursk, na R\u00fassia, al\u00e9m de proj\u00e9teis de artilharia, m\u00edsseis e sistemas de foguetes de longo alcance. Estima-se que cerca de 600 militares norte-coreanos tenham morrido em combate e milhares estejam feridos.<\/p>\n<p data-start=\"881\" data-end=\"1195\">Imagens veiculadas pela emissora estatal Korean Central Television mostraram os disparos sendo feitos em dire\u00e7\u00e3o ao mar. Kim foi registrado observando os exerc\u00edcios com bin\u00f3culos de um posto de observa\u00e7\u00e3o, acompanhado por dois oficiais militares. O local da atividade, realizada na quarta-feira, n\u00e3o foi divulgado.<\/p>\n<p data-start=\"1197\" data-end=\"1405\">De acordo com a Ag\u00eancia Central de Not\u00edcias da Coreia (KCNA), Kim exigiu que os soldados estivessem prontos para combater \u201ca qualquer momento\u201d e capazes de \u201caniquilar o inimigo em qualquer frente de batalha\u201d.<\/p>\n<p data-start=\"1407\" data-end=\"1780\">Nos \u00faltimos meses, o ditador norte-coreano tem intensificado o apoio \u00e0 R\u00fassia. Em conversas com o chanceler russo Sergei Lavrov, reafirmou o compromisso com Moscou na guerra da Ucr\u00e2nia. No ano passado, os dois pa\u00edses \u2013 ambos sob duras san\u00e7\u00f5es internacionais \u2013 assinaram um pacto militar com cl\u00e1usula de defesa m\u00fatua, durante visita do presidente Vladimir Putin a Pyongyang.<\/p>\n","protected":false},"excerpt":{"rendered":"<p>O l\u00edder norte-coreano Kim Jong-un instou suas for\u00e7as armadas a se prepararem para uma \u201cguerra real\u201d, durante uma demonstra\u00e7\u00e3o de disparos realizada entre unidades de artilharia, informou nesta quinta-feira (24) a m\u00eddia estatal de Pyongyang. A declara\u00e7\u00e3o ocorre em meio ao crescente envolvimento da Coreia do Norte no conflito entre R\u00fassia e Ucr\u00e2nia. Segundo ag\u00eancias [&hellip;]<\/p>\n","protected":false},"author":2,"featured_media":130987,"comment_status":"closed","ping_status":"closed","sticky":false,"template":"","format":"standard","meta":{"_acf_changed":false,"footnotes":""},"categories":[159],"tags":[],"class_list":["post-359181","post","type-post","status-publish","format-standard","has-post-thumbnail","hentry","category-apocalipse"],"acf":[],"yoast_head":"<!-- This site is optimized with the Yoast SEO plugin v27.2 - https:\/\/yoast.com\/product\/yoast-seo-wordpress\/ -->\n<title>Kim Jong-un alerta suas tropas para \u201cguerra real\u201d - Notibras<\/title>\n<meta name=\"robots\" content=\"index, follow, max-snippet:-1, max-image-preview:large, max-video-preview:-1\" \/>\n<link rel=\"canonical\" href=\"https:\/\/www.notibras.com\/site\/kim-jong-un-alerta-suas-tropas-para-guerra-real\/\" \/>\n<meta property=\"og:locale\" content=\"pt_BR\" \/>\n<meta property=\"og:type\" content=\"article\" \/>\n<meta property=\"og:title\" content=\"Kim Jong-un alerta suas tropas para \u201cguerra real\u201d - Notibras\" \/>\n<meta property=\"og:description\" content=\"O l\u00edder norte-coreano Kim Jong-un instou suas for\u00e7as armadas a se prepararem para uma \u201cguerra real\u201d, durante uma demonstra\u00e7\u00e3o de disparos realizada entre unidades de artilharia, informou nesta quinta-feira (24) a m\u00eddia estatal de Pyongyang. A declara\u00e7\u00e3o ocorre em meio ao crescente envolvimento da Coreia do Norte no conflito entre R\u00fassia e Ucr\u00e2nia. Segundo ag\u00eancias [&hellip;]\" \/>\n<meta property=\"og:url\" content=\"https:\/\/www.notibras.com\/site\/kim-jong-un-alerta-suas-tropas-para-guerra-real\/\" \/>\n<meta property=\"og:site_name\" content=\"Notibras\" \/>\n<meta property=\"article:publisher\" content=\"https:\/\/www.facebook.com\/notibras\/\" \/>\n<meta property=\"article:published_time\" content=\"2025-07-24T09:58:37+00:00\" \/>\n<meta property=\"og:image\" content=\"https:\/\/www.notibras.com\/site\/wp-content\/uploads\/2017\/03\/6mar2017-membro-da-forca-de-autodefesa-do-japao-e-unidade-de-misseis-pac-3-patriot-estao-posicionados-em-toquia-contra-o-disparo-de-misseis-da-coreia-do-norte-1488778862092_615x470.jpg\" \/>\n\t<meta property=\"og:image:width\" content=\"615\" \/>\n\t<meta property=\"og:image:height\" content=\"470\" \/>\n\t<meta property=\"og:image:type\" content=\"image\/jpeg\" \/>\n<meta name=\"author\" content=\"Reda\u00e7\u00e3o\" \/>\n<meta name=\"twitter:card\" content=\"summary_large_image\" \/>\n<meta name=\"twitter:creator\" content=\"@Notibras\" \/>\n<meta name=\"twitter:site\" content=\"@Notibras\" \/>\n<meta name=\"twitter:label1\" content=\"Escrito por\" \/>\n\t<meta name=\"twitter:data1\" content=\"Reda\u00e7\u00e3o\" \/>\n\t<meta name=\"twitter:label2\" content=\"Est. tempo de leitura\" \/>\n\t<meta name=\"twitter:data2\" content=\"2 minutos\" \/>\n<script type=\"application\/ld+json\" class=\"yoast-schema-graph\">{\"@context\":\"https:\/\/schema.org\",\"@graph\":[{\"@type\":\"Article\",\"@id\":\"https:\/\/www.notibras.com\/site\/kim-jong-un-alerta-suas-tropas-para-guerra-real\/#article\",\"isPartOf\":{\"@id\":\"https:\/\/www.notibras.com\/site\/kim-jong-un-alerta-suas-tropas-para-guerra-real\/\"},\"author\":{\"name\":\"Reda\u00e7\u00e3o\",\"@id\":\"https:\/\/www.notibras.com\/site\/#\/schema\/person\/36ab0979449956132d3e5b517ea76ac8\"},\"headline\":\"Kim Jong-un alerta suas tropas para \u201cguerra real\u201d\",\"datePublished\":\"2025-07-24T09:58:37+00:00\",\"mainEntityOfPage\":{\"@id\":\"https:\/\/www.notibras.com\/site\/kim-jong-un-alerta-suas-tropas-para-guerra-real\/\"},\"wordCount\":270,\"publisher\":{\"@id\":\"https:\/\/www.notibras.com\/site\/#organization\"},\"image\":{\"@id\":\"https:\/\/www.notibras.com\/site\/kim-jong-un-alerta-suas-tropas-para-guerra-real\/#primaryimage\"},\"thumbnailUrl\":\"https:\/\/www.notibras.com\/site\/wp-content\/uploads\/2017\/03\/6mar2017-membro-da-forca-de-autodefesa-do-japao-e-unidade-de-misseis-pac-3-patriot-estao-posicionados-em-toquia-contra-o-disparo-de-misseis-da-coreia-do-norte-1488778862092_615x470.jpg\",\"articleSection\":[\"Apocalipse\"],\"inLanguage\":\"pt-BR\"},{\"@type\":\"WebPage\",\"@id\":\"https:\/\/www.notibras.com\/site\/kim-jong-un-alerta-suas-tropas-para-guerra-real\/\",\"url\":\"https:\/\/www.notibras.com\/site\/kim-jong-un-alerta-suas-tropas-para-guerra-real\/\",\"name\":\"Kim Jong-un alerta suas tropas para \u201cguerra real\u201d - Notibras\",\"isPartOf\":{\"@id\":\"https:\/\/www.notibras.com\/site\/#website\"},\"primaryImageOfPage\":{\"@id\":\"https:\/\/www.notibras.com\/site\/kim-jong-un-alerta-suas-tropas-para-guerra-real\/#primaryimage\"},\"image\":{\"@id\":\"https:\/\/www.notibras.com\/site\/kim-jong-un-alerta-suas-tropas-para-guerra-real\/#primaryimage\"},\"thumbnailUrl\":\"https:\/\/www.notibras.com\/site\/wp-content\/uploads\/2017\/03\/6mar2017-membro-da-forca-de-autodefesa-do-japao-e-unidade-de-misseis-pac-3-patriot-estao-posicionados-em-toquia-contra-o-disparo-de-misseis-da-coreia-do-norte-1488778862092_615x470.jpg\",\"datePublished\":\"2025-07-24T09:58:37+00:00\",\"breadcrumb\":{\"@id\":\"https:\/\/www.notibras.com\/site\/kim-jong-un-alerta-suas-tropas-para-guerra-real\/#breadcrumb\"},\"inLanguage\":\"pt-BR\",\"potentialAction\":[{\"@type\":\"ReadAction\",\"target\":[\"https:\/\/www.notibras.com\/site\/kim-jong-un-alerta-suas-tropas-para-guerra-real\/\"]}]},{\"@type\":\"ImageObject\",\"inLanguage\":\"pt-BR\",\"@id\":\"https:\/\/www.notibras.com\/site\/kim-jong-un-alerta-suas-tropas-para-guerra-real\/#primaryimage\",\"url\":\"https:\/\/www.notibras.com\/site\/wp-content\/uploads\/2017\/03\/6mar2017-membro-da-forca-de-autodefesa-do-japao-e-unidade-de-misseis-pac-3-patriot-estao-posicionados-em-toquia-contra-o-disparo-de-misseis-da-coreia-do-norte-1488778862092_615x470.jpg\",\"contentUrl\":\"https:\/\/www.notibras.com\/site\/wp-content\/uploads\/2017\/03\/6mar2017-membro-da-forca-de-autodefesa-do-japao-e-unidade-de-misseis-pac-3-patriot-estao-posicionados-em-toquia-contra-o-disparo-de-misseis-da-coreia-do-norte-1488778862092_615x470.jpg\",\"width\":615,\"height\":470},{\"@type\":\"BreadcrumbList\",\"@id\":\"https:\/\/www.notibras.com\/site\/kim-jong-un-alerta-suas-tropas-para-guerra-real\/#breadcrumb\",\"itemListElement\":[{\"@type\":\"ListItem\",\"position\":1,\"name\":\"In\u00edcio\",\"item\":\"https:\/\/www.notibras.com\/site\/\"},{\"@type\":\"ListItem\",\"position\":2,\"name\":\"Kim Jong-un alerta suas tropas para \u201cguerra real\u201d\"}]},{\"@type\":\"WebSite\",\"@id\":\"https:\/\/www.notibras.com\/site\/#website\",\"url\":\"https:\/\/www.notibras.com\/site\/\",\"name\":\"Notibras\",\"description\":\"Not\u00edcias de Bras\u00edlia, do Brasil e do Mundo\",\"publisher\":{\"@id\":\"https:\/\/www.notibras.com\/site\/#organization\"},\"potentialAction\":[{\"@type\":\"SearchAction\",\"target\":{\"@type\":\"EntryPoint\",\"urlTemplate\":\"https:\/\/www.notibras.com\/site\/?s={search_term_string}\"},\"query-input\":{\"@type\":\"PropertyValueSpecification\",\"valueRequired\":true,\"valueName\":\"search_term_string\"}}],\"inLanguage\":\"pt-BR\"},{\"@type\":\"Organization\",\"@id\":\"https:\/\/www.notibras.com\/site\/#organization\",\"name\":\"Grupo Notibras de Comunica\u00e7\u00e3o\",\"url\":\"https:\/\/www.notibras.com\/site\/\",\"logo\":{\"@type\":\"ImageObject\",\"inLanguage\":\"pt-BR\",\"@id\":\"https:\/\/www.notibras.com\/site\/#\/schema\/logo\/image\/\",\"url\":\"https:\/\/www.notibras.com\/site\/wp-content\/uploads\/2023\/01\/notibras23.png\",\"contentUrl\":\"https:\/\/www.notibras.com\/site\/wp-content\/uploads\/2023\/01\/notibras23.png\",\"width\":350,\"height\":87,\"caption\":\"Grupo Notibras de Comunica\u00e7\u00e3o\"},\"image\":{\"@id\":\"https:\/\/www.notibras.com\/site\/#\/schema\/logo\/image\/\"},\"sameAs\":[\"https:\/\/www.facebook.com\/notibras\/\",\"https:\/\/x.com\/Notibras\",\"https:\/\/www.instagram.com\/notibras\/\"]},{\"@type\":\"Person\",\"@id\":\"https:\/\/www.notibras.com\/site\/#\/schema\/person\/36ab0979449956132d3e5b517ea76ac8\",\"name\":\"Reda\u00e7\u00e3o\",\"image\":{\"@type\":\"ImageObject\",\"inLanguage\":\"pt-BR\",\"@id\":\"https:\/\/secure.gravatar.com\/avatar\/e0a867bdedb85fd243eadf09663511f96fc81e0720a4a42581f334ad4303aa6b?s=96&d=mm&r=g\",\"url\":\"https:\/\/secure.gravatar.com\/avatar\/e0a867bdedb85fd243eadf09663511f96fc81e0720a4a42581f334ad4303aa6b?s=96&d=mm&r=g\",\"contentUrl\":\"https:\/\/secure.gravatar.com\/avatar\/e0a867bdedb85fd243eadf09663511f96fc81e0720a4a42581f334ad4303aa6b?s=96&d=mm&r=g\",\"caption\":\"Reda\u00e7\u00e3o\"}}]}<\/script>\n<!-- \/ Yoast SEO plugin. -->","yoast_head_json":{"title":"Kim Jong-un alerta suas tropas para \u201cguerra real\u201d - Notibras","robots":{"index":"index","follow":"follow","max-snippet":"max-snippet:-1","max-image-preview":"max-image-preview:large","max-video-preview":"max-video-preview:-1"},"canonical":"https:\/\/www.notibras.com\/site\/kim-jong-un-alerta-suas-tropas-para-guerra-real\/","og_locale":"pt_BR","og_type":"article","og_title":"Kim Jong-un alerta suas tropas para \u201cguerra real\u201d - Notibras","og_description":"O l\u00edder norte-coreano Kim Jong-un instou suas for\u00e7as armadas a se prepararem para uma \u201cguerra real\u201d, durante uma demonstra\u00e7\u00e3o de disparos realizada entre unidades de artilharia, informou nesta quinta-feira (24) a m\u00eddia estatal de Pyongyang. A declara\u00e7\u00e3o ocorre em meio ao crescente envolvimento da Coreia do Norte no conflito entre R\u00fassia e Ucr\u00e2nia. Segundo ag\u00eancias [&hellip;]","og_url":"https:\/\/www.notibras.com\/site\/kim-jong-un-alerta-suas-tropas-para-guerra-real\/","og_site_name":"Notibras","article_publisher":"https:\/\/www.facebook.com\/notibras\/","article_published_time":"2025-07-24T09:58:37+00:00","og_image":[{"width":615,"height":470,"url":"https:\/\/www.notibras.com\/site\/wp-content\/uploads\/2017\/03\/6mar2017-membro-da-forca-de-autodefesa-do-japao-e-unidade-de-misseis-pac-3-patriot-estao-posicionados-em-toquia-contra-o-disparo-de-misseis-da-coreia-do-norte-1488778862092_615x470.jpg","type":"image\/jpeg"}],"author":"Reda\u00e7\u00e3o","twitter_card":"summary_large_image","twitter_creator":"@Notibras","twitter_site":"@Notibras","twitter_misc":{"Escrito por":"Reda\u00e7\u00e3o","Est. tempo de leitura":"2 minutos"},"schema":{"@context":"https:\/\/schema.org","@graph":[{"@type":"Article","@id":"https:\/\/www.notibras.com\/site\/kim-jong-un-alerta-suas-tropas-para-guerra-real\/#article","isPartOf":{"@id":"https:\/\/www.notibras.com\/site\/kim-jong-un-alerta-suas-tropas-para-guerra-real\/"},"author":{"name":"Reda\u00e7\u00e3o","@id":"https:\/\/www.notibras.com\/site\/#\/schema\/person\/36ab0979449956132d3e5b517ea76ac8"},"headline":"Kim Jong-un alerta suas tropas para \u201cguerra real\u201d","datePublished":"2025-07-24T09:58:37+00:00","mainEntityOfPage":{"@id":"https:\/\/www.notibras.com\/site\/kim-jong-un-alerta-suas-tropas-para-guerra-real\/"},"wordCount":270,"publisher":{"@id":"https:\/\/www.notibras.com\/site\/#organization"},"image":{"@id":"https:\/\/www.notibras.com\/site\/kim-jong-un-alerta-suas-tropas-para-guerra-real\/#primaryimage"},"thumbnailUrl":"https:\/\/www.notibras.com\/site\/wp-content\/uploads\/2017\/03\/6mar2017-membro-da-forca-de-autodefesa-do-japao-e-unidade-de-misseis-pac-3-patriot-estao-posicionados-em-toquia-contra-o-disparo-de-misseis-da-coreia-do-norte-1488778862092_615x470.jpg","articleSection":["Apocalipse"],"inLanguage":"pt-BR"},{"@type":"WebPage","@id":"https:\/\/www.notibras.com\/site\/kim-jong-un-alerta-suas-tropas-para-guerra-real\/","url":"https:\/\/www.notibras.com\/site\/kim-jong-un-alerta-suas-tropas-para-guerra-real\/","name":"Kim Jong-un alerta suas tropas para \u201cguerra real\u201d - Notibras","isPartOf":{"@id":"https:\/\/www.notibras.com\/site\/#website"},"primaryImageOfPage":{"@id":"https:\/\/www.notibras.com\/site\/kim-jong-un-alerta-suas-tropas-para-guerra-real\/#primaryimage"},"image":{"@id":"https:\/\/www.notibras.com\/site\/kim-jong-un-alerta-suas-tropas-para-guerra-real\/#primaryimage"},"thumbnailUrl":"https:\/\/www.notibras.com\/site\/wp-content\/uploads\/2017\/03\/6mar2017-membro-da-forca-de-autodefesa-do-japao-e-unidade-de-misseis-pac-3-patriot-estao-posicionados-em-toquia-contra-o-disparo-de-misseis-da-coreia-do-norte-1488778862092_615x470.jpg","datePublished":"2025-07-24T09:58:37+00:00","breadcrumb":{"@id":"https:\/\/www.notibras.com\/site\/kim-jong-un-alerta-suas-tropas-para-guerra-real\/#breadcrumb"},"inLanguage":"pt-BR","potentialAction":[{"@type":"ReadAction","target":["https:\/\/www.notibras.com\/site\/kim-jong-un-alerta-suas-tropas-para-guerra-real\/"]}]},{"@type":"ImageObject","inLanguage":"pt-BR","@id":"https:\/\/www.notibras.com\/site\/kim-jong-un-alerta-suas-tropas-para-guerra-real\/#primaryimage","url":"https:\/\/www.notibras.com\/site\/wp-content\/uploads\/2017\/03\/6mar2017-membro-da-forca-de-autodefesa-do-japao-e-unidade-de-misseis-pac-3-patriot-estao-posicionados-em-toquia-contra-o-disparo-de-misseis-da-coreia-do-norte-1488778862092_615x470.jpg","contentUrl":"https:\/\/www.notibras.com\/site\/wp-content\/uploads\/2017\/03\/6mar2017-membro-da-forca-de-autodefesa-do-japao-e-unidade-de-misseis-pac-3-patriot-estao-posicionados-em-toquia-contra-o-disparo-de-misseis-da-coreia-do-norte-1488778862092_615x470.jpg","width":615,"height":470},{"@type":"BreadcrumbList","@id":"https:\/\/www.notibras.com\/site\/kim-jong-un-alerta-suas-tropas-para-guerra-real\/#breadcrumb","itemListElement":[{"@type":"ListItem","position":1,"name":"In\u00edcio","item":"https:\/\/www.notibras.com\/site\/"},{"@type":"ListItem","position":2,"name":"Kim Jong-un alerta suas tropas para \u201cguerra real\u201d"}]},{"@type":"WebSite","@id":"https:\/\/www.notibras.com\/site\/#website","url":"https:\/\/www.notibras.com\/site\/","name":"Notibras","description":"Not\u00edcias de Bras\u00edlia, do Brasil e do Mundo","publisher":{"@id":"https:\/\/www.notibras.com\/site\/#organization"},"potentialAction":[{"@type":"SearchAction","target":{"@type":"EntryPoint","urlTemplate":"https:\/\/www.notibras.com\/site\/?s={search_term_string}"},"query-input":{"@type":"PropertyValueSpecification","valueRequired":true,"valueName":"search_term_string"}}],"inLanguage":"pt-BR"},{"@type":"Organization","@id":"https:\/\/www.notibras.com\/site\/#organization","name":"Grupo Notibras de Comunica\u00e7\u00e3o","url":"https:\/\/www.notibras.com\/site\/","logo":{"@type":"ImageObject","inLanguage":"pt-BR","@id":"https:\/\/www.notibras.com\/site\/#\/schema\/logo\/image\/","url":"https:\/\/www.notibras.com\/site\/wp-content\/uploads\/2023\/01\/notibras23.png","contentUrl":"https:\/\/www.notibras.com\/site\/wp-content\/uploads\/2023\/01\/notibras23.png","width":350,"height":87,"caption":"Grupo Notibras de Comunica\u00e7\u00e3o"},"image":{"@id":"https:\/\/www.notibras.com\/site\/#\/schema\/logo\/image\/"},"sameAs":["https:\/\/www.facebook.com\/notibras\/","https:\/\/x.com\/Notibras","https:\/\/www.instagram.com\/notibras\/"]},{"@type":"Person","@id":"https:\/\/www.notibras.com\/site\/#\/schema\/person\/36ab0979449956132d3e5b517ea76ac8","name":"Reda\u00e7\u00e3o","image":{"@type":"ImageObject","inLanguage":"pt-BR","@id":"https:\/\/secure.gravatar.com\/avatar\/e0a867bdedb85fd243eadf09663511f96fc81e0720a4a42581f334ad4303aa6b?s=96&d=mm&r=g","url":"https:\/\/secure.gravatar.com\/avatar\/e0a867bdedb85fd243eadf09663511f96fc81e0720a4a42581f334ad4303aa6b?s=96&d=mm&r=g","contentUrl":"https:\/\/secure.gravatar.com\/avatar\/e0a867bdedb85fd243eadf09663511f96fc81e0720a4a42581f334ad4303aa6b?s=96&d=mm&r=g","caption":"Reda\u00e7\u00e3o"}}]}},"amp_enabled":true,"_links":{"self":[{"href":"https:\/\/www.notibras.com\/site\/wp-json\/wp\/v2\/posts\/359181","targetHints":{"allow":["GET"]}}],"collection":[{"href":"https:\/\/www.notibras.com\/site\/wp-json\/wp\/v2\/posts"}],"about":[{"href":"https:\/\/www.notibras.com\/site\/wp-json\/wp\/v2\/types\/post"}],"author":[{"embeddable":true,"href":"https:\/\/www.notibras.com\/site\/wp-json\/wp\/v2\/users\/2"}],"replies":[{"embeddable":true,"href":"https:\/\/www.notibras.com\/site\/wp-json\/wp\/v2\/comments?post=359181"}],"version-history":[{"count":1,"href":"https:\/\/www.notibras.com\/site\/wp-json\/wp\/v2\/posts\/359181\/revisions"}],"predecessor-version":[{"id":359182,"href":"https:\/\/www.notibras.com\/site\/wp-json\/wp\/v2\/posts\/359181\/revisions\/359182"}],"wp:featuredmedia":[{"embeddable":true,"href":"https:\/\/www.notibras.com\/site\/wp-json\/wp\/v2\/media\/130987"}],"wp:attachment":[{"href":"https:\/\/www.notibras.com\/site\/wp-json\/wp\/v2\/media?parent=359181"}],"wp:term":[{"taxonomy":"category","embeddable":true,"href":"https:\/\/www.notibras.com\/site\/wp-json\/wp\/v2\/categories?post=359181"},{"taxonomy":"post_tag","embeddable":true,"href":"https:\/\/www.notibras.com\/site\/wp-json\/wp\/v2\/tags?post=359181"}],"curies":[{"name":"wp","href":"https:\/\/api.w.org\/{rel}","templated":true}]}}