{"id":359313,"date":"2025-07-25T00:30:31","date_gmt":"2025-07-25T03:30:31","guid":{"rendered":"https:\/\/www.notibras.com\/site\/?p=359313"},"modified":"2025-07-25T02:34:13","modified_gmt":"2025-07-25T05:34:13","slug":"vereadores-recepcionam-imagem-de-nossa-senhora-das-neves","status":"publish","type":"post","link":"https:\/\/www.notibras.com\/site\/vereadores-recepcionam-imagem-de-nossa-senhora-das-neves\/","title":{"rendered":"Vereadores recepcionam imagem de Nossa Senhora das Neves"},"content":{"rendered":"<p class=\"v1MsoNormal\">Com o ambiente lotado por vereadores, servidores e fi\u00e9is da comunidade, a C\u00e2mara Municipal de Jo\u00e3o Pessoa\u00a0 recebeu nesta quinta-feira (24), a imagem peregrina da padroeira da Para\u00edba e da capital, Nossa Senhora das Neves. Na oportunidade, o Padre Allan Karlos, p\u00e1roco da Catedral Bas\u00edlica de Nossa Senhora das Neves, celebrou uma missa no Plen\u00e1rio Senador Humberto Lucena. O evento integra as festividades da celebra\u00e7\u00e3o dos 440 de hist\u00f3ria, f\u00e9 e tradi\u00e7\u00e3o de Jo\u00e3o Pessoa.<\/p>\n<p class=\"v1MsoNormal\">A imagem peregrina, que est\u00e1 passando por v\u00e1rias institui\u00e7\u00f5es p\u00fablicas e par\u00f3quias, chegou ao plen\u00e1rio pelas m\u00e3os do presidente da Casa, Dinho Dowsley (PSD). &#8220;Para a Casa \u00e9 uma ben\u00e7\u00e3o a gente receber essa imagem, pedindo paz, sa\u00fade e sabedoria para a gente administr\u00e1-la&#8221;, comentou o presidente. Dinho fez quest\u00e3o de registrar o empenho do vereador Raoni Mendes (DC) em solicitar a abertura da CMJP, mesmo no recesso parlamentar, para receber a imagem de Nossa Senhora das Neves.<\/p>\n<p class=\"v1MsoNormal\">O vereador Dam\u00e1sio Franca (PP), refor\u00e7ou o estado de gra\u00e7a do momento. &#8220;\u00c9 muita ben\u00e7\u00e3o a C\u00e2mara estar recebendo a imagem de Nossa Senhora das Neves, um momento de entregar nossas vidas e nossos mandatos a Deus e \u00e0 Nossa Senhora. Com certeza ela vai usar nossas vidas como instrumento para fazer o que for melhor para a nossa cidade&#8221;, sentiu.<\/p>\n<p class=\"v1MsoNormal\">O vereador Carl\u00e3o (PL) classificou o momento como um sinal divino. &#8220;A gente precisa entender os sinais de Deus nas nossas vidas. Onde est\u00e1 Maria, ali est\u00e1 Jesus. Maria nos trouxe a salva\u00e7\u00e3o, nos trouxe a esperan\u00e7a. Atrav\u00e9s do seu ventre, ela trouxe pra n\u00f3s a oportunidade de cair e levantar novamente, \u00e9 isso o que o seu filho Jesus nos ensinou. Ent\u00e3o, a presen\u00e7a de Maria, \u00e9 a presen\u00e7a viva do pr\u00f3prio Cristo. Foi pelo ventre de Maria que nos veio a grande esperan\u00e7a, a boa nova da humanidade&#8221;, revelou.<\/p>\n<p class=\"v1MsoNormal\">Os vereadores F\u00e1bio Carneiro (Solidariedade), Guguinha Moov jampa (PSD), Lu\u00eds da Padaria (Agir), Mikika Leit\u00e3o (Republicanos), Milanez Neto (MDB) e Wamberto Ulysses (Republicanos) tamb\u00e9m participaram da celebra\u00e7\u00e3o.<\/p>\n","protected":false},"excerpt":{"rendered":"<p>Com o ambiente lotado por vereadores, servidores e fi\u00e9is da comunidade, a C\u00e2mara Municipal de Jo\u00e3o Pessoa\u00a0 recebeu nesta quinta-feira (24), a imagem peregrina da padroeira da Para\u00edba e da capital, Nossa Senhora das Neves. Na oportunidade, o Padre Allan Karlos, p\u00e1roco da Catedral Bas\u00edlica de Nossa Senhora das Neves, celebrou uma missa no Plen\u00e1rio [&hellip;]<\/p>\n","protected":false},"author":2,"featured_media":359314,"comment_status":"closed","ping_status":"closed","sticky":false,"template":"","format":"standard","meta":{"_acf_changed":false,"footnotes":""},"categories":[165],"tags":[],"class_list":["post-359313","post","type-post","status-publish","format-standard","has-post-thumbnail","hentry","category-nordeste"],"acf":[],"_links":{"self":[{"href":"https:\/\/www.notibras.com\/site\/wp-json\/wp\/v2\/posts\/359313","targetHints":{"allow":["GET"]}}],"collection":[{"href":"https:\/\/www.notibras.com\/site\/wp-json\/wp\/v2\/posts"}],"about":[{"href":"https:\/\/www.notibras.com\/site\/wp-json\/wp\/v2\/types\/post"}],"author":[{"embeddable":true,"href":"https:\/\/www.notibras.com\/site\/wp-json\/wp\/v2\/users\/2"}],"replies":[{"embeddable":true,"href":"https:\/\/www.notibras.com\/site\/wp-json\/wp\/v2\/comments?post=359313"}],"version-history":[{"count":1,"href":"https:\/\/www.notibras.com\/site\/wp-json\/wp\/v2\/posts\/359313\/revisions"}],"predecessor-version":[{"id":359315,"href":"https:\/\/www.notibras.com\/site\/wp-json\/wp\/v2\/posts\/359313\/revisions\/359315"}],"wp:featuredmedia":[{"embeddable":true,"href":"https:\/\/www.notibras.com\/site\/wp-json\/wp\/v2\/media\/359314"}],"wp:attachment":[{"href":"https:\/\/www.notibras.com\/site\/wp-json\/wp\/v2\/media?parent=359313"}],"wp:term":[{"taxonomy":"category","embeddable":true,"href":"https:\/\/www.notibras.com\/site\/wp-json\/wp\/v2\/categories?post=359313"},{"taxonomy":"post_tag","embeddable":true,"href":"https:\/\/www.notibras.com\/site\/wp-json\/wp\/v2\/tags?post=359313"}],"curies":[{"name":"wp","href":"https:\/\/api.w.org\/{rel}","templated":true}]}}