{"id":359316,"date":"2025-07-25T02:39:47","date_gmt":"2025-07-25T05:39:47","guid":{"rendered":"https:\/\/www.notibras.com\/site\/?p=359316"},"modified":"2025-07-25T02:42:24","modified_gmt":"2025-07-25T05:42:24","slug":"do-oxente-ao-arretado-linguagem-e-a-alma-do-povo","status":"publish","type":"post","link":"https:\/\/www.notibras.com\/site\/do-oxente-ao-arretado-linguagem-e-a-alma-do-povo\/","title":{"rendered":"Do &#8220;Oxente&#8221; ao &#8220;Arretado&#8221;, linguagem \u00e9 a alma do povo"},"content":{"rendered":"<p>O Brasil \u00e9 um pa\u00eds de muitas riquezas: naturais, culturais e humanas. E no Nordeste, essa riqueza pulsa mais forte \u2014 no calor do povo, na generosidade das palavras, na for\u00e7a de quem transforma a luta em poesia, e na f\u00e9 que embala os dias mais dif\u00edceis. O cora\u00e7\u00e3o do brasileiro bate forte, mas o do nordestino tem um compasso especial: feito de amor, resist\u00eancia e encantamento.<\/p>\n<p>Em cada canto do Nordeste, da caatinga ao litoral, encontramos um povo que sorri mesmo diante da seca, que acolhe mesmo com pouco, que canta para esquecer a dor e dan\u00e7a para celebrar a vida. \u00c9 um cora\u00e7\u00e3o que n\u00e3o se esconde, que se mostra na forma de hospitalidade, de um prato dividido, de uma rede estendida para o descanso. E h\u00e1 a linguagem.<\/p>\n<p>A l\u00edngua nordestina \u00e9 um reflexo v\u00edvido da alma de um povo. &#8220;Oxente!&#8221;, &#8220;arretado!&#8221;, &#8220;danado&#8221; e &#8220;cabra da peste&#8221; s\u00e3o apenas algumas das express\u00f5es que revelam o calor humano e a for\u00e7a do Nordeste. Cada palavra tem sua hist\u00f3ria, sua origem, e, principalmente, sua emo\u00e7\u00e3o, que vem da terra quente, do sol escaldante e das ventanias do sert\u00e3o.<\/p>\n<p>O &#8220;oxente&#8221;, por exemplo, traduz uma surpresa descomplicada, um espanto que nasce da simplicidade da vida no Nordeste, como se o c\u00e9u e a terra se unissem para compartilhar um segredo. \u00c9 o grito de quem v\u00ea algo al\u00e9m do normal, mas sem perder a alegria do momento. No fundo, \u00e9 um modo de vida: &#8220;Oxente, \u00e9 isso mesmo? N\u00e3o tem erro n\u00e3o!&#8221;<\/p>\n<p>J\u00e1 o &#8220;arretado&#8221; tem a for\u00e7a de quem desafia a vida, de quem resiste \u00e0 seca e \u00e0 luta di\u00e1ria, e, ao mesmo tempo, exala orgulho. Algo &#8220;arretado&#8221; n\u00e3o \u00e9 apenas bom, \u00e9 excepcional, \u00e9 digno de aplauso. E quem \u00e9 &#8220;arretado&#8221; carrega dentro de si uma energia contagiante, dif\u00edcil de ser contida. Em um lugar onde a vida n\u00e3o para, ser arretado \u00e9 uma condi\u00e7\u00e3o de sobreviv\u00eancia e afirma\u00e7\u00e3o.<\/p>\n<p>A l\u00edngua nordestina \u00e9 uma das mais puras e resilientes do Brasil, preservando palavras e sotaques que, \u00e0s vezes, se perdem em outras regi\u00f5es. Nela, o &#8220;povo&#8221; \u00e9 transformado em &#8220;mestre&#8221;, pois a sabedoria do dia a dia n\u00e3o \u00e9 aprendida em escolas, mas na viv\u00eancia. Cada express\u00e3o carrega o peso da hist\u00f3ria, das lutas, dos amores e das adversidades. Ao falar, o nordestino n\u00e3o s\u00f3 comunica, mas tamb\u00e9m transmite um peda\u00e7o de sua pr\u00f3pria alma.<\/p>\n<p>Na fala do nordestino, o que parece ser simples, na verdade, \u00e9 uma grande explos\u00e3o de sentimentos. Um simples &#8220;\u00f4xe&#8221; pode ser tanto uma sauda\u00e7\u00e3o quanto uma afirma\u00e7\u00e3o do cotidiano. Assim, a l\u00edngua se torna uma janela para a cultura, um grito de resist\u00eancia e uma marca indel\u00e9vel da identidade nordestina.<\/p>\n<p>\u00c9 imposs\u00edvel n\u00e3o perceber o quanto a fala do Nordeste \u00e9 &#8220;arretada&#8221;. Ela \u00e9 um reflexo n\u00e3o s\u00f3 da terra, mas de um povo que jamais se curvou diante das dificuldades. O &#8220;oxente&#8221; \u00e9 a surpresa, o &#8220;arretado&#8221; \u00e9 a for\u00e7a. E no meio disso, o nordestino vai criando, com a l\u00edngua, a mais bela das hist\u00f3rias.<\/p>\n","protected":false},"excerpt":{"rendered":"<p>O Brasil \u00e9 um pa\u00eds de muitas riquezas: naturais, culturais e humanas. E no Nordeste, essa riqueza pulsa mais forte \u2014 no calor do povo, na generosidade das palavras, na for\u00e7a de quem transforma a luta em poesia, e na f\u00e9 que embala os dias mais dif\u00edceis. O cora\u00e7\u00e3o do brasileiro bate forte, mas o [&hellip;]<\/p>\n","protected":false},"author":2,"featured_media":359317,"comment_status":"closed","ping_status":"closed","sticky":false,"template":"","format":"standard","meta":{"_acf_changed":false,"footnotes":""},"categories":[165],"tags":[],"class_list":["post-359316","post","type-post","status-publish","format-standard","has-post-thumbnail","hentry","category-nordeste"],"acf":[],"_links":{"self":[{"href":"https:\/\/www.notibras.com\/site\/wp-json\/wp\/v2\/posts\/359316","targetHints":{"allow":["GET"]}}],"collection":[{"href":"https:\/\/www.notibras.com\/site\/wp-json\/wp\/v2\/posts"}],"about":[{"href":"https:\/\/www.notibras.com\/site\/wp-json\/wp\/v2\/types\/post"}],"author":[{"embeddable":true,"href":"https:\/\/www.notibras.com\/site\/wp-json\/wp\/v2\/users\/2"}],"replies":[{"embeddable":true,"href":"https:\/\/www.notibras.com\/site\/wp-json\/wp\/v2\/comments?post=359316"}],"version-history":[{"count":4,"href":"https:\/\/www.notibras.com\/site\/wp-json\/wp\/v2\/posts\/359316\/revisions"}],"predecessor-version":[{"id":359321,"href":"https:\/\/www.notibras.com\/site\/wp-json\/wp\/v2\/posts\/359316\/revisions\/359321"}],"wp:featuredmedia":[{"embeddable":true,"href":"https:\/\/www.notibras.com\/site\/wp-json\/wp\/v2\/media\/359317"}],"wp:attachment":[{"href":"https:\/\/www.notibras.com\/site\/wp-json\/wp\/v2\/media?parent=359316"}],"wp:term":[{"taxonomy":"category","embeddable":true,"href":"https:\/\/www.notibras.com\/site\/wp-json\/wp\/v2\/categories?post=359316"},{"taxonomy":"post_tag","embeddable":true,"href":"https:\/\/www.notibras.com\/site\/wp-json\/wp\/v2\/tags?post=359316"}],"curies":[{"name":"wp","href":"https:\/\/api.w.org\/{rel}","templated":true}]}}