{"id":359380,"date":"2025-07-25T18:29:23","date_gmt":"2025-07-25T21:29:23","guid":{"rendered":"https:\/\/www.notibras.com\/site\/?p=359380"},"modified":"2025-07-25T18:30:42","modified_gmt":"2025-07-25T21:30:42","slug":"ira-desafia-americanos-e-judeus-e-mantem-usinas-para-enriquecer-uranio","status":"publish","type":"post","link":"https:\/\/www.notibras.com\/site\/ira-desafia-americanos-e-judeus-e-mantem-usinas-para-enriquecer-uranio\/","title":{"rendered":"Ir\u00e3 desafia americanos e judeus e mant\u00e9m usinas para enriquecer ur\u00e2nio"},"content":{"rendered":"<p><!--StartFragment --><\/p>\n<p class=\"pf0\"><span class=\"cf0\">Teer\u00e3 declarou nesta sexta,25, seu direito de continuar o enriquecimento de ur\u00e2nio. E advertiu os Estados Unidos e Israel sobre eventuais novos bombardeios a suas usinas.<\/span><\/p>\n<p class=\"pf0\"><span class=\"cf0\">O an\u00fancio foi feito \u00e0 Alemanha, Fran\u00e7a e Inglaterra, em reuni\u00e3o realizada em Istambul, Turquia, revelou o vice-ministro das Rela\u00e7\u00f5es Exteriores iraniano, <\/span><span class=\"cf0\">Majid<\/span> <span class=\"cf0\">Takht<\/span> <span class=\"cf0\">Ravanchi<\/span><span class=\"cf0\">.<\/span><\/p>\n<p class=\"pf0\"><span class=\"cf0\">Mais cedo, o Ir\u00e3 e tr\u00eas pa\u00edses europeus realizaram negocia\u00e7\u00f5es nucleares. Esta reuni\u00e3o ocorreu pela primeira vez desde o conflito <\/span><span class=\"cf0\">Ir\u00e3-Israel<\/span><span class=\"cf0\">, que durou 12 dias.<\/span><\/p>\n<p class=\"pf0\"><span class=\"cf0\">&#8220;Discutimos nossos direitos sob o TNP [Tratado de N\u00e3o Prolifera\u00e7\u00e3o de Armas Nucleares], incluindo o enriquecimento de ur\u00e2nio, que vai continuar nos n\u00edveis que desejarmos&#8221;, disse <\/span><span class=\"cf0\">Takht<\/span> <span class=\"cf0\">Ravanchi<\/span><span class=\"cf0\">.<\/span><\/p>\n<p><!--EndFragment --><\/p>\n","protected":false},"excerpt":{"rendered":"<p>Teer\u00e3 declarou nesta sexta,25, seu direito de continuar o enriquecimento de ur\u00e2nio. E advertiu os Estados Unidos e Israel sobre eventuais novos bombardeios a suas usinas. O an\u00fancio foi feito \u00e0 Alemanha, Fran\u00e7a e Inglaterra, em reuni\u00e3o realizada em Istambul, Turquia, revelou o vice-ministro das Rela\u00e7\u00f5es Exteriores iraniano, Majid Takht Ravanchi. Mais cedo, o Ir\u00e3 [&hellip;]<\/p>\n","protected":false},"author":2,"featured_media":359381,"comment_status":"closed","ping_status":"closed","sticky":false,"template":"","format":"standard","meta":{"_acf_changed":false,"footnotes":""},"categories":[159],"tags":[95],"class_list":["post-359380","post","type-post","status-publish","format-standard","has-post-thumbnail","hentry","category-apocalipse","tag-capa"],"acf":[],"yoast_head":"<!-- This site is optimized with the Yoast SEO plugin v27.2 - https:\/\/yoast.com\/product\/yoast-seo-wordpress\/ -->\n<title>Ir\u00e3 desafia americanos e judeus e mant\u00e9m usinas para enriquecer ur\u00e2nio - Notibras<\/title>\n<meta name=\"robots\" content=\"index, follow, max-snippet:-1, max-image-preview:large, max-video-preview:-1\" \/>\n<link rel=\"canonical\" href=\"https:\/\/www.notibras.com\/site\/ira-desafia-americanos-e-judeus-e-mantem-usinas-para-enriquecer-uranio\/\" \/>\n<meta property=\"og:locale\" content=\"pt_BR\" \/>\n<meta property=\"og:type\" content=\"article\" \/>\n<meta property=\"og:title\" content=\"Ir\u00e3 desafia americanos e judeus e mant\u00e9m usinas para enriquecer ur\u00e2nio - Notibras\" \/>\n<meta property=\"og:description\" content=\"Teer\u00e3 declarou nesta sexta,25, seu direito de continuar o enriquecimento de ur\u00e2nio. E advertiu os Estados Unidos e Israel sobre eventuais novos bombardeios a suas usinas. O an\u00fancio foi feito \u00e0 Alemanha, Fran\u00e7a e Inglaterra, em reuni\u00e3o realizada em Istambul, Turquia, revelou o vice-ministro das Rela\u00e7\u00f5es Exteriores iraniano, Majid Takht Ravanchi. Mais cedo, o Ir\u00e3 [&hellip;]\" \/>\n<meta property=\"og:url\" content=\"https:\/\/www.notibras.com\/site\/ira-desafia-americanos-e-judeus-e-mantem-usinas-para-enriquecer-uranio\/\" \/>\n<meta property=\"og:site_name\" content=\"Notibras\" \/>\n<meta property=\"article:publisher\" content=\"https:\/\/www.facebook.com\/notibras\/\" \/>\n<meta property=\"article:published_time\" content=\"2025-07-25T21:29:23+00:00\" \/>\n<meta property=\"article:modified_time\" content=\"2025-07-25T21:30:42+00:00\" \/>\n<meta property=\"og:image\" content=\"https:\/\/www.notibras.com\/site\/wp-content\/uploads\/2025\/07\/1100494978_0_0_2831_1592_1920x0_80_0_0_1bffa43f01d331fbdb406d7fb94d5df3.jpg-1.webp\" \/>\n\t<meta property=\"og:image:width\" content=\"1920\" \/>\n\t<meta property=\"og:image:height\" content=\"1079\" \/>\n\t<meta property=\"og:image:type\" content=\"image\/webp\" \/>\n<meta name=\"author\" content=\"Reda\u00e7\u00e3o\" \/>\n<meta name=\"twitter:card\" content=\"summary_large_image\" \/>\n<meta name=\"twitter:creator\" content=\"@Notibras\" \/>\n<meta name=\"twitter:site\" content=\"@Notibras\" \/>\n<meta name=\"twitter:label1\" content=\"Escrito por\" \/>\n\t<meta name=\"twitter:data1\" content=\"Reda\u00e7\u00e3o\" \/>\n\t<meta name=\"twitter:label2\" content=\"Est. tempo de leitura\" \/>\n\t<meta name=\"twitter:data2\" content=\"1 minuto\" \/>\n<script type=\"application\/ld+json\" class=\"yoast-schema-graph\">{\"@context\":\"https:\/\/schema.org\",\"@graph\":[{\"@type\":\"Article\",\"@id\":\"https:\/\/www.notibras.com\/site\/ira-desafia-americanos-e-judeus-e-mantem-usinas-para-enriquecer-uranio\/#article\",\"isPartOf\":{\"@id\":\"https:\/\/www.notibras.com\/site\/ira-desafia-americanos-e-judeus-e-mantem-usinas-para-enriquecer-uranio\/\"},\"author\":{\"name\":\"Reda\u00e7\u00e3o\",\"@id\":\"https:\/\/www.notibras.com\/site\/#\/schema\/person\/36ab0979449956132d3e5b517ea76ac8\"},\"headline\":\"Ir\u00e3 desafia americanos e judeus e mant\u00e9m usinas para enriquecer ur\u00e2nio\",\"datePublished\":\"2025-07-25T21:29:23+00:00\",\"dateModified\":\"2025-07-25T21:30:42+00:00\",\"mainEntityOfPage\":{\"@id\":\"https:\/\/www.notibras.com\/site\/ira-desafia-americanos-e-judeus-e-mantem-usinas-para-enriquecer-uranio\/\"},\"wordCount\":129,\"publisher\":{\"@id\":\"https:\/\/www.notibras.com\/site\/#organization\"},\"image\":{\"@id\":\"https:\/\/www.notibras.com\/site\/ira-desafia-americanos-e-judeus-e-mantem-usinas-para-enriquecer-uranio\/#primaryimage\"},\"thumbnailUrl\":\"https:\/\/www.notibras.com\/site\/wp-content\/uploads\/2025\/07\/1100494978_0_0_2831_1592_1920x0_80_0_0_1bffa43f01d331fbdb406d7fb94d5df3.jpg-1.webp\",\"keywords\":[\"capa\"],\"articleSection\":[\"Apocalipse\"],\"inLanguage\":\"pt-BR\"},{\"@type\":\"WebPage\",\"@id\":\"https:\/\/www.notibras.com\/site\/ira-desafia-americanos-e-judeus-e-mantem-usinas-para-enriquecer-uranio\/\",\"url\":\"https:\/\/www.notibras.com\/site\/ira-desafia-americanos-e-judeus-e-mantem-usinas-para-enriquecer-uranio\/\",\"name\":\"Ir\u00e3 desafia americanos e judeus e mant\u00e9m usinas para enriquecer ur\u00e2nio - Notibras\",\"isPartOf\":{\"@id\":\"https:\/\/www.notibras.com\/site\/#website\"},\"primaryImageOfPage\":{\"@id\":\"https:\/\/www.notibras.com\/site\/ira-desafia-americanos-e-judeus-e-mantem-usinas-para-enriquecer-uranio\/#primaryimage\"},\"image\":{\"@id\":\"https:\/\/www.notibras.com\/site\/ira-desafia-americanos-e-judeus-e-mantem-usinas-para-enriquecer-uranio\/#primaryimage\"},\"thumbnailUrl\":\"https:\/\/www.notibras.com\/site\/wp-content\/uploads\/2025\/07\/1100494978_0_0_2831_1592_1920x0_80_0_0_1bffa43f01d331fbdb406d7fb94d5df3.jpg-1.webp\",\"datePublished\":\"2025-07-25T21:29:23+00:00\",\"dateModified\":\"2025-07-25T21:30:42+00:00\",\"breadcrumb\":{\"@id\":\"https:\/\/www.notibras.com\/site\/ira-desafia-americanos-e-judeus-e-mantem-usinas-para-enriquecer-uranio\/#breadcrumb\"},\"inLanguage\":\"pt-BR\",\"potentialAction\":[{\"@type\":\"ReadAction\",\"target\":[\"https:\/\/www.notibras.com\/site\/ira-desafia-americanos-e-judeus-e-mantem-usinas-para-enriquecer-uranio\/\"]}]},{\"@type\":\"ImageObject\",\"inLanguage\":\"pt-BR\",\"@id\":\"https:\/\/www.notibras.com\/site\/ira-desafia-americanos-e-judeus-e-mantem-usinas-para-enriquecer-uranio\/#primaryimage\",\"url\":\"https:\/\/www.notibras.com\/site\/wp-content\/uploads\/2025\/07\/1100494978_0_0_2831_1592_1920x0_80_0_0_1bffa43f01d331fbdb406d7fb94d5df3.jpg-1.webp\",\"contentUrl\":\"https:\/\/www.notibras.com\/site\/wp-content\/uploads\/2025\/07\/1100494978_0_0_2831_1592_1920x0_80_0_0_1bffa43f01d331fbdb406d7fb94d5df3.jpg-1.webp\",\"width\":1920,\"height\":1079},{\"@type\":\"BreadcrumbList\",\"@id\":\"https:\/\/www.notibras.com\/site\/ira-desafia-americanos-e-judeus-e-mantem-usinas-para-enriquecer-uranio\/#breadcrumb\",\"itemListElement\":[{\"@type\":\"ListItem\",\"position\":1,\"name\":\"In\u00edcio\",\"item\":\"https:\/\/www.notibras.com\/site\/\"},{\"@type\":\"ListItem\",\"position\":2,\"name\":\"Ir\u00e3 desafia americanos e judeus e mant\u00e9m usinas para enriquecer ur\u00e2nio\"}]},{\"@type\":\"WebSite\",\"@id\":\"https:\/\/www.notibras.com\/site\/#website\",\"url\":\"https:\/\/www.notibras.com\/site\/\",\"name\":\"Notibras\",\"description\":\"Not\u00edcias de Bras\u00edlia, do Brasil e do Mundo\",\"publisher\":{\"@id\":\"https:\/\/www.notibras.com\/site\/#organization\"},\"potentialAction\":[{\"@type\":\"SearchAction\",\"target\":{\"@type\":\"EntryPoint\",\"urlTemplate\":\"https:\/\/www.notibras.com\/site\/?s={search_term_string}\"},\"query-input\":{\"@type\":\"PropertyValueSpecification\",\"valueRequired\":true,\"valueName\":\"search_term_string\"}}],\"inLanguage\":\"pt-BR\"},{\"@type\":\"Organization\",\"@id\":\"https:\/\/www.notibras.com\/site\/#organization\",\"name\":\"Grupo Notibras de Comunica\u00e7\u00e3o\",\"url\":\"https:\/\/www.notibras.com\/site\/\",\"logo\":{\"@type\":\"ImageObject\",\"inLanguage\":\"pt-BR\",\"@id\":\"https:\/\/www.notibras.com\/site\/#\/schema\/logo\/image\/\",\"url\":\"https:\/\/www.notibras.com\/site\/wp-content\/uploads\/2023\/01\/notibras23.png\",\"contentUrl\":\"https:\/\/www.notibras.com\/site\/wp-content\/uploads\/2023\/01\/notibras23.png\",\"width\":350,\"height\":87,\"caption\":\"Grupo Notibras de Comunica\u00e7\u00e3o\"},\"image\":{\"@id\":\"https:\/\/www.notibras.com\/site\/#\/schema\/logo\/image\/\"},\"sameAs\":[\"https:\/\/www.facebook.com\/notibras\/\",\"https:\/\/x.com\/Notibras\",\"https:\/\/www.instagram.com\/notibras\/\"]},{\"@type\":\"Person\",\"@id\":\"https:\/\/www.notibras.com\/site\/#\/schema\/person\/36ab0979449956132d3e5b517ea76ac8\",\"name\":\"Reda\u00e7\u00e3o\",\"image\":{\"@type\":\"ImageObject\",\"inLanguage\":\"pt-BR\",\"@id\":\"https:\/\/secure.gravatar.com\/avatar\/e0a867bdedb85fd243eadf09663511f96fc81e0720a4a42581f334ad4303aa6b?s=96&d=mm&r=g\",\"url\":\"https:\/\/secure.gravatar.com\/avatar\/e0a867bdedb85fd243eadf09663511f96fc81e0720a4a42581f334ad4303aa6b?s=96&d=mm&r=g\",\"contentUrl\":\"https:\/\/secure.gravatar.com\/avatar\/e0a867bdedb85fd243eadf09663511f96fc81e0720a4a42581f334ad4303aa6b?s=96&d=mm&r=g\",\"caption\":\"Reda\u00e7\u00e3o\"}}]}<\/script>\n<!-- \/ Yoast SEO plugin. -->","yoast_head_json":{"title":"Ir\u00e3 desafia americanos e judeus e mant\u00e9m usinas para enriquecer ur\u00e2nio - Notibras","robots":{"index":"index","follow":"follow","max-snippet":"max-snippet:-1","max-image-preview":"max-image-preview:large","max-video-preview":"max-video-preview:-1"},"canonical":"https:\/\/www.notibras.com\/site\/ira-desafia-americanos-e-judeus-e-mantem-usinas-para-enriquecer-uranio\/","og_locale":"pt_BR","og_type":"article","og_title":"Ir\u00e3 desafia americanos e judeus e mant\u00e9m usinas para enriquecer ur\u00e2nio - Notibras","og_description":"Teer\u00e3 declarou nesta sexta,25, seu direito de continuar o enriquecimento de ur\u00e2nio. E advertiu os Estados Unidos e Israel sobre eventuais novos bombardeios a suas usinas. O an\u00fancio foi feito \u00e0 Alemanha, Fran\u00e7a e Inglaterra, em reuni\u00e3o realizada em Istambul, Turquia, revelou o vice-ministro das Rela\u00e7\u00f5es Exteriores iraniano, Majid Takht Ravanchi. Mais cedo, o Ir\u00e3 [&hellip;]","og_url":"https:\/\/www.notibras.com\/site\/ira-desafia-americanos-e-judeus-e-mantem-usinas-para-enriquecer-uranio\/","og_site_name":"Notibras","article_publisher":"https:\/\/www.facebook.com\/notibras\/","article_published_time":"2025-07-25T21:29:23+00:00","article_modified_time":"2025-07-25T21:30:42+00:00","og_image":[{"width":1920,"height":1079,"url":"https:\/\/www.notibras.com\/site\/wp-content\/uploads\/2025\/07\/1100494978_0_0_2831_1592_1920x0_80_0_0_1bffa43f01d331fbdb406d7fb94d5df3.jpg-1.webp","type":"image\/webp"}],"author":"Reda\u00e7\u00e3o","twitter_card":"summary_large_image","twitter_creator":"@Notibras","twitter_site":"@Notibras","twitter_misc":{"Escrito por":"Reda\u00e7\u00e3o","Est. tempo de leitura":"1 minuto"},"schema":{"@context":"https:\/\/schema.org","@graph":[{"@type":"Article","@id":"https:\/\/www.notibras.com\/site\/ira-desafia-americanos-e-judeus-e-mantem-usinas-para-enriquecer-uranio\/#article","isPartOf":{"@id":"https:\/\/www.notibras.com\/site\/ira-desafia-americanos-e-judeus-e-mantem-usinas-para-enriquecer-uranio\/"},"author":{"name":"Reda\u00e7\u00e3o","@id":"https:\/\/www.notibras.com\/site\/#\/schema\/person\/36ab0979449956132d3e5b517ea76ac8"},"headline":"Ir\u00e3 desafia americanos e judeus e mant\u00e9m usinas para enriquecer ur\u00e2nio","datePublished":"2025-07-25T21:29:23+00:00","dateModified":"2025-07-25T21:30:42+00:00","mainEntityOfPage":{"@id":"https:\/\/www.notibras.com\/site\/ira-desafia-americanos-e-judeus-e-mantem-usinas-para-enriquecer-uranio\/"},"wordCount":129,"publisher":{"@id":"https:\/\/www.notibras.com\/site\/#organization"},"image":{"@id":"https:\/\/www.notibras.com\/site\/ira-desafia-americanos-e-judeus-e-mantem-usinas-para-enriquecer-uranio\/#primaryimage"},"thumbnailUrl":"https:\/\/www.notibras.com\/site\/wp-content\/uploads\/2025\/07\/1100494978_0_0_2831_1592_1920x0_80_0_0_1bffa43f01d331fbdb406d7fb94d5df3.jpg-1.webp","keywords":["capa"],"articleSection":["Apocalipse"],"inLanguage":"pt-BR"},{"@type":"WebPage","@id":"https:\/\/www.notibras.com\/site\/ira-desafia-americanos-e-judeus-e-mantem-usinas-para-enriquecer-uranio\/","url":"https:\/\/www.notibras.com\/site\/ira-desafia-americanos-e-judeus-e-mantem-usinas-para-enriquecer-uranio\/","name":"Ir\u00e3 desafia americanos e judeus e mant\u00e9m usinas para enriquecer ur\u00e2nio - Notibras","isPartOf":{"@id":"https:\/\/www.notibras.com\/site\/#website"},"primaryImageOfPage":{"@id":"https:\/\/www.notibras.com\/site\/ira-desafia-americanos-e-judeus-e-mantem-usinas-para-enriquecer-uranio\/#primaryimage"},"image":{"@id":"https:\/\/www.notibras.com\/site\/ira-desafia-americanos-e-judeus-e-mantem-usinas-para-enriquecer-uranio\/#primaryimage"},"thumbnailUrl":"https:\/\/www.notibras.com\/site\/wp-content\/uploads\/2025\/07\/1100494978_0_0_2831_1592_1920x0_80_0_0_1bffa43f01d331fbdb406d7fb94d5df3.jpg-1.webp","datePublished":"2025-07-25T21:29:23+00:00","dateModified":"2025-07-25T21:30:42+00:00","breadcrumb":{"@id":"https:\/\/www.notibras.com\/site\/ira-desafia-americanos-e-judeus-e-mantem-usinas-para-enriquecer-uranio\/#breadcrumb"},"inLanguage":"pt-BR","potentialAction":[{"@type":"ReadAction","target":["https:\/\/www.notibras.com\/site\/ira-desafia-americanos-e-judeus-e-mantem-usinas-para-enriquecer-uranio\/"]}]},{"@type":"ImageObject","inLanguage":"pt-BR","@id":"https:\/\/www.notibras.com\/site\/ira-desafia-americanos-e-judeus-e-mantem-usinas-para-enriquecer-uranio\/#primaryimage","url":"https:\/\/www.notibras.com\/site\/wp-content\/uploads\/2025\/07\/1100494978_0_0_2831_1592_1920x0_80_0_0_1bffa43f01d331fbdb406d7fb94d5df3.jpg-1.webp","contentUrl":"https:\/\/www.notibras.com\/site\/wp-content\/uploads\/2025\/07\/1100494978_0_0_2831_1592_1920x0_80_0_0_1bffa43f01d331fbdb406d7fb94d5df3.jpg-1.webp","width":1920,"height":1079},{"@type":"BreadcrumbList","@id":"https:\/\/www.notibras.com\/site\/ira-desafia-americanos-e-judeus-e-mantem-usinas-para-enriquecer-uranio\/#breadcrumb","itemListElement":[{"@type":"ListItem","position":1,"name":"In\u00edcio","item":"https:\/\/www.notibras.com\/site\/"},{"@type":"ListItem","position":2,"name":"Ir\u00e3 desafia americanos e judeus e mant\u00e9m usinas para enriquecer ur\u00e2nio"}]},{"@type":"WebSite","@id":"https:\/\/www.notibras.com\/site\/#website","url":"https:\/\/www.notibras.com\/site\/","name":"Notibras","description":"Not\u00edcias de Bras\u00edlia, do Brasil e do Mundo","publisher":{"@id":"https:\/\/www.notibras.com\/site\/#organization"},"potentialAction":[{"@type":"SearchAction","target":{"@type":"EntryPoint","urlTemplate":"https:\/\/www.notibras.com\/site\/?s={search_term_string}"},"query-input":{"@type":"PropertyValueSpecification","valueRequired":true,"valueName":"search_term_string"}}],"inLanguage":"pt-BR"},{"@type":"Organization","@id":"https:\/\/www.notibras.com\/site\/#organization","name":"Grupo Notibras de Comunica\u00e7\u00e3o","url":"https:\/\/www.notibras.com\/site\/","logo":{"@type":"ImageObject","inLanguage":"pt-BR","@id":"https:\/\/www.notibras.com\/site\/#\/schema\/logo\/image\/","url":"https:\/\/www.notibras.com\/site\/wp-content\/uploads\/2023\/01\/notibras23.png","contentUrl":"https:\/\/www.notibras.com\/site\/wp-content\/uploads\/2023\/01\/notibras23.png","width":350,"height":87,"caption":"Grupo Notibras de Comunica\u00e7\u00e3o"},"image":{"@id":"https:\/\/www.notibras.com\/site\/#\/schema\/logo\/image\/"},"sameAs":["https:\/\/www.facebook.com\/notibras\/","https:\/\/x.com\/Notibras","https:\/\/www.instagram.com\/notibras\/"]},{"@type":"Person","@id":"https:\/\/www.notibras.com\/site\/#\/schema\/person\/36ab0979449956132d3e5b517ea76ac8","name":"Reda\u00e7\u00e3o","image":{"@type":"ImageObject","inLanguage":"pt-BR","@id":"https:\/\/secure.gravatar.com\/avatar\/e0a867bdedb85fd243eadf09663511f96fc81e0720a4a42581f334ad4303aa6b?s=96&d=mm&r=g","url":"https:\/\/secure.gravatar.com\/avatar\/e0a867bdedb85fd243eadf09663511f96fc81e0720a4a42581f334ad4303aa6b?s=96&d=mm&r=g","contentUrl":"https:\/\/secure.gravatar.com\/avatar\/e0a867bdedb85fd243eadf09663511f96fc81e0720a4a42581f334ad4303aa6b?s=96&d=mm&r=g","caption":"Reda\u00e7\u00e3o"}}]}},"amp_enabled":true,"_links":{"self":[{"href":"https:\/\/www.notibras.com\/site\/wp-json\/wp\/v2\/posts\/359380","targetHints":{"allow":["GET"]}}],"collection":[{"href":"https:\/\/www.notibras.com\/site\/wp-json\/wp\/v2\/posts"}],"about":[{"href":"https:\/\/www.notibras.com\/site\/wp-json\/wp\/v2\/types\/post"}],"author":[{"embeddable":true,"href":"https:\/\/www.notibras.com\/site\/wp-json\/wp\/v2\/users\/2"}],"replies":[{"embeddable":true,"href":"https:\/\/www.notibras.com\/site\/wp-json\/wp\/v2\/comments?post=359380"}],"version-history":[{"count":3,"href":"https:\/\/www.notibras.com\/site\/wp-json\/wp\/v2\/posts\/359380\/revisions"}],"predecessor-version":[{"id":359384,"href":"https:\/\/www.notibras.com\/site\/wp-json\/wp\/v2\/posts\/359380\/revisions\/359384"}],"wp:featuredmedia":[{"embeddable":true,"href":"https:\/\/www.notibras.com\/site\/wp-json\/wp\/v2\/media\/359381"}],"wp:attachment":[{"href":"https:\/\/www.notibras.com\/site\/wp-json\/wp\/v2\/media?parent=359380"}],"wp:term":[{"taxonomy":"category","embeddable":true,"href":"https:\/\/www.notibras.com\/site\/wp-json\/wp\/v2\/categories?post=359380"},{"taxonomy":"post_tag","embeddable":true,"href":"https:\/\/www.notibras.com\/site\/wp-json\/wp\/v2\/tags?post=359380"}],"curies":[{"name":"wp","href":"https:\/\/api.w.org\/{rel}","templated":true}]}}