{"id":359385,"date":"2025-07-26T00:44:55","date_gmt":"2025-07-26T03:44:55","guid":{"rendered":"https:\/\/www.notibras.com\/site\/?p=359385"},"modified":"2025-07-25T19:46:40","modified_gmt":"2025-07-25T22:46:40","slug":"filipeia-frederica-parahyba-e-seus-440-anos-de-fundacao","status":"publish","type":"post","link":"https:\/\/www.notibras.com\/site\/filipeia-frederica-parahyba-e-seus-440-anos-de-fundacao\/","title":{"rendered":"Filipeia, Frederica, Parahyba e seus 440 anos de funda\u00e7\u00e3o"},"content":{"rendered":"<p><!--StartFragment --><\/p>\n<p class=\"pf0\"><span class=\"cf0\">No dia 5 de agosto, Jo\u00e3o Pessoa, capital da Para\u00edba, completa 440 anos de funda\u00e7\u00e3o. Quarta cidade mais antiga do Brasil, ela n\u00e3o apenas resiste ao tempo <\/span><span class=\"cf1\">\u2014 ela celebra o tempo. Sua hist<\/span><span class=\"cf0\">\u00f3ria se revela em ruas de pedra, fachadas coloniais, igrejas barrocas e no sotaque arrastado e doce de seu povo. Mais que uma data, os 440 anos marcam uma afirma\u00e7\u00e3o da identidade cultural, hist\u00f3rica e urbana de uma das capitais mais encantadoras do Nordeste.<\/span><\/p>\n<p class=\"pf0\"><span class=\"cf0\">Fundada em 1585 com o nome de Cidade Real de Nossa Senhora das Neves, a capital paraibana recebeu diferentes nomes ao longo dos s\u00e9culos: Filipeia de Nossa Senhora das Neves (em homenagem ao rei Filipe II, durante a Uni\u00e3o Ib\u00e9rica), <\/span><span class=\"cf0\">Frederica<\/span><span class=\"cf0\"> (sob o dom\u00ednio holand\u00eas), <\/span><span class=\"cf0\">Parahyba<\/span><span class=\"cf0\"> (durante o Imp\u00e9rio) e finalmente Jo\u00e3o Pessoa, em 1930, ap\u00f3s o assassinato do ent\u00e3o presidente da Para\u00edba e candidato \u00e0 vice-presid\u00eancia da Rep\u00fablica, Jo\u00e3o Pessoa Cavalcanti de Albuquerque.<\/span><\/p>\n<p class=\"pf0\"><span class=\"cf0\">\u201cCada nome guarda uma camada da nossa hist\u00f3ria <\/span><span class=\"cf1\">\u2014 dos tempos coloniais <\/span><span class=\"cf0\">\u00e0 luta republicana. A cidade carrega a mem\u00f3ria do Brasil em suas esquinas\u201d, destaca a historiadora Denise Lins, da UFPB.<\/span><\/p>\n<p class=\"pf0\"><span class=\"cf0\">O Centro Hist\u00f3rico de Jo\u00e3o Pessoa, tombado pelo IPHAN, \u00e9 um dos maiores e mais bem preservados do pa\u00eds. Entre as joias arquitet\u00f4nicas est\u00e3o o Conjunto S\u00e3o Francisco, o Mosteiro de S\u00e3o Bento, o Hotel Globo e o Antigo Pa\u00e7o Municipal, que ser\u00e1 restaurado para virar um novo centro cultural at\u00e9 2026.<\/span><\/p>\n<p class=\"pf0\"><span class=\"cf0\">Nos \u00faltimos anos, o centro tem vivido um renascimento: novos caf\u00e9s, galerias, projetos de arte urbana e festivais culturais v\u00eam ocupando os casar\u00f5es coloniais com criatividade e respeito \u00e0 mem\u00f3ria.<\/span><\/p>\n<p class=\"pf0\"><span class=\"cf0\">As celebra\u00e7\u00f5es dos 440 anos re\u00fanem uma programa\u00e7\u00e3o vasta que inclui shows musicais, cortejos de maracatu, feiras de literatura, exibi\u00e7\u00f5es de filmes paraibanos e apresenta\u00e7\u00f5es de grupos ind\u00edgenas e quilombolas. A festa n\u00e3o \u00e9 apenas comemora\u00e7\u00e3o <\/span><span class=\"cf1\">\u2014 <\/span><span class=\"cf0\">\u00e9 afirma\u00e7\u00e3o de pertencimento.<\/span><\/p>\n<p class=\"pf0\"><span class=\"cf0\">Grupos culturais como o <\/span><span class=\"cf0\">Piollin<\/span><span class=\"cf0\">, o Quinteto da Para\u00edba, a Orquestra Sinf\u00f4nica da UFPB e as escolas de samba de Mandacaru tamb\u00e9m participam dos festejos. \u201cJo\u00e3o Pessoa tem um p\u00e9 no passado, outro no palco, e a alma nas ruas\u201d, resume o m\u00fasico Chico Limeira.<\/span><\/p>\n<p class=\"pf0\"><span class=\"cf0\">Jo\u00e3o Pessoa \u00e9 tamb\u00e9m conhecida por ser a cidade onde o sol nasce primeiro nas Am\u00e9ricas, j\u00e1 que o Ponto Extremo Oriental, na Ponta do Seixas, \u00e9 o mais oriental do continente. Esse marco geogr\u00e1fico virou s\u00edmbolo do slogan tur\u00edstico da cidade: \u201cJo\u00e3o Pessoa: onde o Brasil come\u00e7a\u201d.<\/span><\/p>\n<p class=\"pf0\"><span class=\"cf0\">Ali perto, a Esta\u00e7\u00e3o Cabo Branco, projetada por Oscar Niemeyer, representa a fus\u00e3o entre ci\u00eancia, arte e paisagem natural <\/span><span class=\"cf1\">\u2014 um exemplo de como o moderno pode dialogar com o hist<\/span><span class=\"cf0\">\u00f3rico.<\/span><\/p>\n<p class=\"pf0\"><span class=\"cf0\">A Secretaria de Educa\u00e7\u00e3o da cidade promove a\u00e7\u00f5es educativas nas escolas durante o m\u00eas de agosto, com aulas tem\u00e1ticas sobre os nomes hist\u00f3ricos da cidade, encena\u00e7\u00f5es teatrais com personagens como Jo\u00e3o Pessoa, Frei Martinho e os \u00edndios potiguaras, e passeios culturais guiados por estudantes.<\/span><\/p>\n<p class=\"pf0\"><span class=\"cf0\">\u201c\u00c9 importante que nossas crian\u00e7as saibam que moram em uma cidade antiga e rica de sentido. Elas precisam amar Jo\u00e3o Pessoa com consci\u00eancia\u201d, diz a professora Francisca Dantas, da rede municipal.<\/span><\/p>\n<p class=\"pf0\"><span class=\"cf0\">Em tempos de apagamento cultural e pressa urbana, Jo\u00e3o Pessoa d\u00e1 um exemplo raro de equil\u00edbrio: uma cidade que cresce com os p\u00e9s na hist\u00f3ria, que moderniza sem demolir, que valoriza o que a faz \u00fanica <\/span><span class=\"cf1\">\u2014 sua ancestralidade, seu povo, sua mem<\/span><span class=\"cf0\">\u00f3ria.<\/span><\/p>\n<p class=\"pf0\"><span class=\"cf0\">Aos 440 anos, ela segue firme como capital da delicadeza, do sol, da cultura e da resist\u00eancia. Um lugar onde cada esquina conta uma hist\u00f3ria, e cada hist\u00f3ria \u00e9 um convite para ficar um pouco mais.<\/span><\/p>\n<p><!--EndFragment --><\/p>\n","protected":false},"excerpt":{"rendered":"<p>No dia 5 de agosto, Jo\u00e3o Pessoa, capital da Para\u00edba, completa 440 anos de funda\u00e7\u00e3o. Quarta cidade mais antiga do Brasil, ela n\u00e3o apenas resiste ao tempo \u2014 ela celebra o tempo. Sua hist\u00f3ria se revela em ruas de pedra, fachadas coloniais, igrejas barrocas e no sotaque arrastado e doce de seu povo. Mais que [&hellip;]<\/p>\n","protected":false},"author":2,"featured_media":359387,"comment_status":"closed","ping_status":"closed","sticky":false,"template":"","format":"standard","meta":{"_acf_changed":false,"footnotes":""},"categories":[165],"tags":[],"class_list":["post-359385","post","type-post","status-publish","format-standard","has-post-thumbnail","hentry","category-nordeste"],"acf":[],"_links":{"self":[{"href":"https:\/\/www.notibras.com\/site\/wp-json\/wp\/v2\/posts\/359385","targetHints":{"allow":["GET"]}}],"collection":[{"href":"https:\/\/www.notibras.com\/site\/wp-json\/wp\/v2\/posts"}],"about":[{"href":"https:\/\/www.notibras.com\/site\/wp-json\/wp\/v2\/types\/post"}],"author":[{"embeddable":true,"href":"https:\/\/www.notibras.com\/site\/wp-json\/wp\/v2\/users\/2"}],"replies":[{"embeddable":true,"href":"https:\/\/www.notibras.com\/site\/wp-json\/wp\/v2\/comments?post=359385"}],"version-history":[{"count":2,"href":"https:\/\/www.notibras.com\/site\/wp-json\/wp\/v2\/posts\/359385\/revisions"}],"predecessor-version":[{"id":359389,"href":"https:\/\/www.notibras.com\/site\/wp-json\/wp\/v2\/posts\/359385\/revisions\/359389"}],"wp:featuredmedia":[{"embeddable":true,"href":"https:\/\/www.notibras.com\/site\/wp-json\/wp\/v2\/media\/359387"}],"wp:attachment":[{"href":"https:\/\/www.notibras.com\/site\/wp-json\/wp\/v2\/media?parent=359385"}],"wp:term":[{"taxonomy":"category","embeddable":true,"href":"https:\/\/www.notibras.com\/site\/wp-json\/wp\/v2\/categories?post=359385"},{"taxonomy":"post_tag","embeddable":true,"href":"https:\/\/www.notibras.com\/site\/wp-json\/wp\/v2\/tags?post=359385"}],"curies":[{"name":"wp","href":"https:\/\/api.w.org\/{rel}","templated":true}]}}