{"id":359390,"date":"2025-07-26T00:40:02","date_gmt":"2025-07-26T03:40:02","guid":{"rendered":"https:\/\/www.notibras.com\/site\/?p=359390"},"modified":"2025-07-25T19:53:32","modified_gmt":"2025-07-25T22:53:32","slug":"quem-esquece-de-onde-veio-nao-sabe-para-onde-vai","status":"publish","type":"post","link":"https:\/\/www.notibras.com\/site\/quem-esquece-de-onde-veio-nao-sabe-para-onde-vai\/","title":{"rendered":"Quem esquece de onde veio, n\u00e3o sabe para onde vai&#8230;"},"content":{"rendered":"<p>A vida no nordeste tem cheiro de terra quente, de sol que castiga, mas tamb\u00e9m de esperan\u00e7a que nasce nas brechas de cada amanhecer. Aqui, o suor se mistura com a coragem, e o riso, mesmo apertado, se faz presente. Somos filhos de um ch\u00e3o que j\u00e1 viu dor, mas tamb\u00e9m resili\u00eancia, de um povo que n\u00e3o se deixa abater pelas intemp\u00e9ries, mas que, com cada batalha, se fortalece ainda mais.<\/p>\n<p>Quem esquece de onde veio n\u00e3o sabe para onde vai, e o nordestino carrega no peito essa sabedoria de quem nunca se distancia das ra\u00edzes. Nossos av\u00f3s, que labutavam na ro\u00e7a, que enfrentavam a seca com a coragem de quem sabia que a vida, apesar de tudo, seguiria em frente. \u00c9 preciso lembrar de onde viemos para entender a for\u00e7a que nos move, para saber que, no calor do sert\u00e3o ou na brisa quente do litoral, somos feitos de hist\u00f3ria, cultura e luta.<\/p>\n<p>A vida nordestina \u00e9 dura. S\u00e3o horas de trabalho pesado, enfrentando a seca implac\u00e1vel ou a chuva que chega tarde, quando j\u00e1 n\u00e3o h\u00e1 mais esperan\u00e7a para a planta\u00e7\u00e3o. Mas \u00e9 tamb\u00e9m um grito de liberdade, uma dan\u00e7a no ritmo do forr\u00f3, uma comida feita com o sabor da alma, que une fam\u00edlias e fortalece la\u00e7os. Na luta, sabemos que temos a for\u00e7a do povo que resistiu aos ventos mais fortes, \u00e0s mais longas estiagens, e que se ergue novamente quando a adversidade chama.<\/p>\n<p>O nordeste n\u00e3o \u00e9 s\u00f3 dificuldade, \u00e9 tamb\u00e9m alegria que brota do ch\u00e3o rachado, \u00e9 a beleza do mar que beija a terra e da serra que acolhe os olhos com suas paisagens serenas. Somos resist\u00eancia e encantamento, porque nossa luta \u00e9 marcada por uma paix\u00e3o que, mesmo nas maiores prova\u00e7\u00f5es, nunca se apaga.<\/p>\n<p>Assim, quem esquece de onde veio, perde a conex\u00e3o com o que realmente importa: a for\u00e7a das ra\u00edzes, a sabedoria dos antigos, o orgulho de ser nordestino, a f\u00e9 que nos guia. N\u00f3s, nordestinos, somos a prova viva de que, mesmo nas condi\u00e7\u00f5es mais dif\u00edceis, a vida sempre encontra um jeito de seguir. Afinal, a vida \u00e9 dura, mas somos mais duros ainda. E \u00e9 isso que nos faz t\u00e3o \u00fanicos.<\/p>\n<p>E, ao olhar para o horizonte, com o sol se pondo atr\u00e1s do sert\u00e3o, entendemos que n\u00e3o importa onde a vida nos leve, sempre saberemos o valor de nossa terra, de nossa gente. Somos nordeste, somos for\u00e7a, somos o Brasil que n\u00e3o desiste, n\u00e3o se rende.<\/p>\n","protected":false},"excerpt":{"rendered":"<p>A vida no nordeste tem cheiro de terra quente, de sol que castiga, mas tamb\u00e9m de esperan\u00e7a que nasce nas brechas de cada amanhecer. Aqui, o suor se mistura com a coragem, e o riso, mesmo apertado, se faz presente. Somos filhos de um ch\u00e3o que j\u00e1 viu dor, mas tamb\u00e9m resili\u00eancia, de um povo [&hellip;]<\/p>\n","protected":false},"author":2,"featured_media":359391,"comment_status":"closed","ping_status":"closed","sticky":false,"template":"","format":"standard","meta":{"_acf_changed":false,"footnotes":""},"categories":[165],"tags":[],"class_list":["post-359390","post","type-post","status-publish","format-standard","has-post-thumbnail","hentry","category-nordeste"],"acf":[],"_links":{"self":[{"href":"https:\/\/www.notibras.com\/site\/wp-json\/wp\/v2\/posts\/359390","targetHints":{"allow":["GET"]}}],"collection":[{"href":"https:\/\/www.notibras.com\/site\/wp-json\/wp\/v2\/posts"}],"about":[{"href":"https:\/\/www.notibras.com\/site\/wp-json\/wp\/v2\/types\/post"}],"author":[{"embeddable":true,"href":"https:\/\/www.notibras.com\/site\/wp-json\/wp\/v2\/users\/2"}],"replies":[{"embeddable":true,"href":"https:\/\/www.notibras.com\/site\/wp-json\/wp\/v2\/comments?post=359390"}],"version-history":[{"count":1,"href":"https:\/\/www.notibras.com\/site\/wp-json\/wp\/v2\/posts\/359390\/revisions"}],"predecessor-version":[{"id":359392,"href":"https:\/\/www.notibras.com\/site\/wp-json\/wp\/v2\/posts\/359390\/revisions\/359392"}],"wp:featuredmedia":[{"embeddable":true,"href":"https:\/\/www.notibras.com\/site\/wp-json\/wp\/v2\/media\/359391"}],"wp:attachment":[{"href":"https:\/\/www.notibras.com\/site\/wp-json\/wp\/v2\/media?parent=359390"}],"wp:term":[{"taxonomy":"category","embeddable":true,"href":"https:\/\/www.notibras.com\/site\/wp-json\/wp\/v2\/categories?post=359390"},{"taxonomy":"post_tag","embeddable":true,"href":"https:\/\/www.notibras.com\/site\/wp-json\/wp\/v2\/tags?post=359390"}],"curies":[{"name":"wp","href":"https:\/\/api.w.org\/{rel}","templated":true}]}}