{"id":359393,"date":"2025-07-26T01:24:50","date_gmt":"2025-07-26T04:24:50","guid":{"rendered":"https:\/\/www.notibras.com\/site\/?p=359393"},"modified":"2025-07-25T20:26:14","modified_gmt":"2025-07-25T23:26:14","slug":"europa-se-rende-a-trump-o-bufao-verborragico","status":"publish","type":"post","link":"https:\/\/www.notibras.com\/site\/europa-se-rende-a-trump-o-bufao-verborragico\/","title":{"rendered":"Europa se rende a Trump, o buf\u00e3o-verborr\u00e1gico"},"content":{"rendered":"<p>Donald Trump, o buf\u00e3o verborr\u00e1gico, em seus desvarios afirmava quando candidato que ao se tornar presidente dos EUA encerraria a guerra entre R\u00fassia e Ucr\u00e2nia em 24 horas. Bem, l\u00e1 se v\u00e3o mais de 4.300 horas e a guerra continua firme e forte. Pelo jeito, como disse l\u00e1 atr\u00e1s o nosso craque Garrincha, ele n\u00e3o \u201ccombinou com os russos\u201d, e Putin faz ouvidos moucos a idiotia de Trump. Mas algo parece ter mudado, e isto \u00e9 a inten\u00e7\u00e3o do laranj\u00e3o norte-americano, que agora afirma que enviar\u00e1 armas americanas para Zelensky, contribuindo para a continuidade da mortandade nesta guerra sem sentido.<\/p>\n<p>\u00c9 prov\u00e1vel que Trump tenha mudado de ideia, e de lado, ap\u00f3s alguma conversa com os senhores da guerra dos EUA, \u00e1vidos por vender armas e, obviamente, lucrar com o infort\u00fanio e a desgra\u00e7a dos outros. O fato \u00e9 que o \u201ctaxativo\u201d presidente disse que armas americanas ser\u00e3o enviadas \u00e0 Ucr\u00e2nia, mas a um custo para o cidad\u00e3o contribuinte da Europa que, ao fim e ao cabo, \u00e9 quem pagar\u00e1 esta conta.<\/p>\n<p>Infelizmente entra em cena a cr\u00f4nica subservi\u00eancia europeia aos desejos do governo dos EUA, que se pensava em decl\u00ednio ap\u00f3s as loucuras comerciais de Trump contra a Uni\u00e3o Europeia. A sociedade europeia, que em geral paga altas cargas tributarias que garantem pol\u00edticas p\u00fablicas eficientes e mitigadoras dos desequil\u00edbrios inerentes ao capitalismo, pagar\u00e1 esta conta aos amigos de Trump. Estes produzir\u00e3o as armas e as entregar\u00e3o \u00e0 Ucr\u00e2nia. E o boleto vai para a sociedade europeia.<\/p>\n<p>Mestre este Trump, ajuda os amigos, e por conseguinte a si pr\u00f3prio, satisfaz os desvarios de Zelensky e manda a conta para a Europa, assustada com um del\u00edrio de que a R\u00fassia est\u00e1 ali na esquina a espreitar para invadi-la. De quebra piora a vida do povo europeu, que ver\u00e1 dinheiro que poderia ser investido na garantia de seu estado de bem-estar social ser direcionado para a continuidade de uma guerra que n\u00e3o lhe diz respeito e n\u00e3o ter\u00e1 vencedores, e ainda contribui para jogar o continente nas m\u00e3os da extrema direita europeia (desejo supremo de Trump) que sabidamente faz discursos agressivos (s\u00f3 discursos) contra a piora da condi\u00e7\u00e3o de vida do povo.<\/p>\n<p>Para piorar, capitaneados pelo ultradireitista Mark Rutte, Secret\u00e1rio Geral da obsoleta OTAN, a Uni\u00e3o Europeia decidiu que seus membros ter\u00e3o que elevar seus gastos em defesa (leia se preparar para guerra) a no m\u00ednimo 2% do PIB j\u00e1 nos pr\u00f3ximos anos, tendo que chegar num futuro de m\u00e9dio prazo (2035) a 5% do PIB de cada pa\u00eds-membro. Considerando que a maioria dos pa\u00edses europeus j\u00e1 tem uma d\u00edvida p\u00fablica pr\u00f3xima ou mais alta do que seu PIB, e que o Banco Central Europeu segue a cartilha neoliberal de austeridade a todo custo, n\u00e3o fica dif\u00edcil imaginar quem pagar\u00e1 a conta destas decis\u00f5es: as pol\u00edticas p\u00fablicas que fizeram da Europa exemplo de sociedade desenvolvida e preocupada com a estabilidade social e com a melhora cont\u00ednua da qualidade de vida de seu povo.<\/p>\n<p>Infelizmente aquela Europa moderna e socialmente justa caminha para uma piora da condi\u00e7\u00e3o de vida de seus habitantes, com desigualdade social a se elevar e a qualidade de vida a se deteriorar. E tudo por causa da expans\u00e3o desenfreada de uma organiza\u00e7\u00e3o militar que perdeu sua condi\u00e7\u00e3o de exist\u00eancia com a derrocada do regime sovi\u00e9tico (foi criada para se contrapor a uma poss\u00edvel expans\u00e3o sovi\u00e9tica), a famigerada OTAN, que cercou a R\u00fassia atendendo ao del\u00edrio dos EUA em se hegemonizar \u201cad aeternum\u201d como os donos do mundo.<\/p>\n<p>A vida do povo norte-americano piora, a vida do povo europeu tende a piorar, a guerra grassa como uma praga, e Trump se diverte taxando o mundo, inclusive os fi\u00e9is e d\u00f3ceis parceiros que o obedecem.<\/p>\n<p>\u00c9 triste!<\/p>\n<p>&#8230;&#8230;&#8230;&#8230;&#8230;&#8230;&#8230;&#8230;.<\/p>\n<p><strong>Antonio Eust\u00e1quio \u00e9 correspondente de Notibras na Europa<\/strong><\/p>\n","protected":false},"excerpt":{"rendered":"<p>Donald Trump, o buf\u00e3o verborr\u00e1gico, em seus desvarios afirmava quando candidato que ao se tornar presidente dos EUA encerraria a guerra entre R\u00fassia e Ucr\u00e2nia em 24 horas. Bem, l\u00e1 se v\u00e3o mais de 4.300 horas e a guerra continua firme e forte. Pelo jeito, como disse l\u00e1 atr\u00e1s o nosso craque Garrincha, ele n\u00e3o [&hellip;]<\/p>\n","protected":false},"author":2,"featured_media":359394,"comment_status":"closed","ping_status":"closed","sticky":false,"template":"","format":"standard","meta":{"_acf_changed":false,"footnotes":""},"categories":[159],"tags":[],"class_list":["post-359393","post","type-post","status-publish","format-standard","has-post-thumbnail","hentry","category-apocalipse"],"acf":[],"yoast_head":"<!-- This site is optimized with the Yoast SEO plugin v27.2 - https:\/\/yoast.com\/product\/yoast-seo-wordpress\/ -->\n<title>Europa se rende a Trump, o buf\u00e3o-verborr\u00e1gico - Notibras<\/title>\n<meta name=\"robots\" content=\"index, follow, max-snippet:-1, max-image-preview:large, max-video-preview:-1\" \/>\n<link rel=\"canonical\" href=\"https:\/\/www.notibras.com\/site\/europa-se-rende-a-trump-o-bufao-verborragico\/\" \/>\n<meta property=\"og:locale\" content=\"pt_BR\" \/>\n<meta property=\"og:type\" content=\"article\" \/>\n<meta property=\"og:title\" content=\"Europa se rende a Trump, o buf\u00e3o-verborr\u00e1gico - Notibras\" \/>\n<meta property=\"og:description\" content=\"Donald Trump, o buf\u00e3o verborr\u00e1gico, em seus desvarios afirmava quando candidato que ao se tornar presidente dos EUA encerraria a guerra entre R\u00fassia e Ucr\u00e2nia em 24 horas. Bem, l\u00e1 se v\u00e3o mais de 4.300 horas e a guerra continua firme e forte. Pelo jeito, como disse l\u00e1 atr\u00e1s o nosso craque Garrincha, ele n\u00e3o [&hellip;]\" \/>\n<meta property=\"og:url\" content=\"https:\/\/www.notibras.com\/site\/europa-se-rende-a-trump-o-bufao-verborragico\/\" \/>\n<meta property=\"og:site_name\" content=\"Notibras\" \/>\n<meta property=\"article:publisher\" content=\"https:\/\/www.facebook.com\/notibras\/\" \/>\n<meta property=\"article:published_time\" content=\"2025-07-26T04:24:50+00:00\" \/>\n<meta property=\"og:image\" content=\"https:\/\/www.notibras.com\/site\/wp-content\/uploads\/2025\/07\/AA1Jj28o.jpg\" \/>\n\t<meta property=\"og:image:width\" content=\"659\" \/>\n\t<meta property=\"og:image:height\" content=\"435\" \/>\n\t<meta property=\"og:image:type\" content=\"image\/jpeg\" \/>\n<meta name=\"author\" content=\"Reda\u00e7\u00e3o\" \/>\n<meta name=\"twitter:card\" content=\"summary_large_image\" \/>\n<meta name=\"twitter:creator\" content=\"@Notibras\" \/>\n<meta name=\"twitter:site\" content=\"@Notibras\" \/>\n<meta name=\"twitter:label1\" content=\"Escrito por\" \/>\n\t<meta name=\"twitter:data1\" content=\"Reda\u00e7\u00e3o\" \/>\n\t<meta name=\"twitter:label2\" content=\"Est. tempo de leitura\" \/>\n\t<meta name=\"twitter:data2\" content=\"4 minutos\" \/>\n<script type=\"application\/ld+json\" class=\"yoast-schema-graph\">{\"@context\":\"https:\/\/schema.org\",\"@graph\":[{\"@type\":\"Article\",\"@id\":\"https:\/\/www.notibras.com\/site\/europa-se-rende-a-trump-o-bufao-verborragico\/#article\",\"isPartOf\":{\"@id\":\"https:\/\/www.notibras.com\/site\/europa-se-rende-a-trump-o-bufao-verborragico\/\"},\"author\":{\"name\":\"Reda\u00e7\u00e3o\",\"@id\":\"https:\/\/www.notibras.com\/site\/#\/schema\/person\/36ab0979449956132d3e5b517ea76ac8\"},\"headline\":\"Europa se rende a Trump, o buf\u00e3o-verborr\u00e1gico\",\"datePublished\":\"2025-07-26T04:24:50+00:00\",\"mainEntityOfPage\":{\"@id\":\"https:\/\/www.notibras.com\/site\/europa-se-rende-a-trump-o-bufao-verborragico\/\"},\"wordCount\":685,\"publisher\":{\"@id\":\"https:\/\/www.notibras.com\/site\/#organization\"},\"image\":{\"@id\":\"https:\/\/www.notibras.com\/site\/europa-se-rende-a-trump-o-bufao-verborragico\/#primaryimage\"},\"thumbnailUrl\":\"https:\/\/www.notibras.com\/site\/wp-content\/uploads\/2025\/07\/AA1Jj28o.jpg\",\"articleSection\":[\"Apocalipse\"],\"inLanguage\":\"pt-BR\"},{\"@type\":\"WebPage\",\"@id\":\"https:\/\/www.notibras.com\/site\/europa-se-rende-a-trump-o-bufao-verborragico\/\",\"url\":\"https:\/\/www.notibras.com\/site\/europa-se-rende-a-trump-o-bufao-verborragico\/\",\"name\":\"Europa se rende a Trump, o buf\u00e3o-verborr\u00e1gico - Notibras\",\"isPartOf\":{\"@id\":\"https:\/\/www.notibras.com\/site\/#website\"},\"primaryImageOfPage\":{\"@id\":\"https:\/\/www.notibras.com\/site\/europa-se-rende-a-trump-o-bufao-verborragico\/#primaryimage\"},\"image\":{\"@id\":\"https:\/\/www.notibras.com\/site\/europa-se-rende-a-trump-o-bufao-verborragico\/#primaryimage\"},\"thumbnailUrl\":\"https:\/\/www.notibras.com\/site\/wp-content\/uploads\/2025\/07\/AA1Jj28o.jpg\",\"datePublished\":\"2025-07-26T04:24:50+00:00\",\"breadcrumb\":{\"@id\":\"https:\/\/www.notibras.com\/site\/europa-se-rende-a-trump-o-bufao-verborragico\/#breadcrumb\"},\"inLanguage\":\"pt-BR\",\"potentialAction\":[{\"@type\":\"ReadAction\",\"target\":[\"https:\/\/www.notibras.com\/site\/europa-se-rende-a-trump-o-bufao-verborragico\/\"]}]},{\"@type\":\"ImageObject\",\"inLanguage\":\"pt-BR\",\"@id\":\"https:\/\/www.notibras.com\/site\/europa-se-rende-a-trump-o-bufao-verborragico\/#primaryimage\",\"url\":\"https:\/\/www.notibras.com\/site\/wp-content\/uploads\/2025\/07\/AA1Jj28o.jpg\",\"contentUrl\":\"https:\/\/www.notibras.com\/site\/wp-content\/uploads\/2025\/07\/AA1Jj28o.jpg\",\"width\":659,\"height\":435},{\"@type\":\"BreadcrumbList\",\"@id\":\"https:\/\/www.notibras.com\/site\/europa-se-rende-a-trump-o-bufao-verborragico\/#breadcrumb\",\"itemListElement\":[{\"@type\":\"ListItem\",\"position\":1,\"name\":\"In\u00edcio\",\"item\":\"https:\/\/www.notibras.com\/site\/\"},{\"@type\":\"ListItem\",\"position\":2,\"name\":\"Europa se rende a Trump, o buf\u00e3o-verborr\u00e1gico\"}]},{\"@type\":\"WebSite\",\"@id\":\"https:\/\/www.notibras.com\/site\/#website\",\"url\":\"https:\/\/www.notibras.com\/site\/\",\"name\":\"Notibras\",\"description\":\"Not\u00edcias de Bras\u00edlia, do Brasil e do Mundo\",\"publisher\":{\"@id\":\"https:\/\/www.notibras.com\/site\/#organization\"},\"potentialAction\":[{\"@type\":\"SearchAction\",\"target\":{\"@type\":\"EntryPoint\",\"urlTemplate\":\"https:\/\/www.notibras.com\/site\/?s={search_term_string}\"},\"query-input\":{\"@type\":\"PropertyValueSpecification\",\"valueRequired\":true,\"valueName\":\"search_term_string\"}}],\"inLanguage\":\"pt-BR\"},{\"@type\":\"Organization\",\"@id\":\"https:\/\/www.notibras.com\/site\/#organization\",\"name\":\"Grupo Notibras de Comunica\u00e7\u00e3o\",\"url\":\"https:\/\/www.notibras.com\/site\/\",\"logo\":{\"@type\":\"ImageObject\",\"inLanguage\":\"pt-BR\",\"@id\":\"https:\/\/www.notibras.com\/site\/#\/schema\/logo\/image\/\",\"url\":\"https:\/\/www.notibras.com\/site\/wp-content\/uploads\/2023\/01\/notibras23.png\",\"contentUrl\":\"https:\/\/www.notibras.com\/site\/wp-content\/uploads\/2023\/01\/notibras23.png\",\"width\":350,\"height\":87,\"caption\":\"Grupo Notibras de Comunica\u00e7\u00e3o\"},\"image\":{\"@id\":\"https:\/\/www.notibras.com\/site\/#\/schema\/logo\/image\/\"},\"sameAs\":[\"https:\/\/www.facebook.com\/notibras\/\",\"https:\/\/x.com\/Notibras\",\"https:\/\/www.instagram.com\/notibras\/\"]},{\"@type\":\"Person\",\"@id\":\"https:\/\/www.notibras.com\/site\/#\/schema\/person\/36ab0979449956132d3e5b517ea76ac8\",\"name\":\"Reda\u00e7\u00e3o\",\"image\":{\"@type\":\"ImageObject\",\"inLanguage\":\"pt-BR\",\"@id\":\"https:\/\/secure.gravatar.com\/avatar\/e0a867bdedb85fd243eadf09663511f96fc81e0720a4a42581f334ad4303aa6b?s=96&d=mm&r=g\",\"url\":\"https:\/\/secure.gravatar.com\/avatar\/e0a867bdedb85fd243eadf09663511f96fc81e0720a4a42581f334ad4303aa6b?s=96&d=mm&r=g\",\"contentUrl\":\"https:\/\/secure.gravatar.com\/avatar\/e0a867bdedb85fd243eadf09663511f96fc81e0720a4a42581f334ad4303aa6b?s=96&d=mm&r=g\",\"caption\":\"Reda\u00e7\u00e3o\"}}]}<\/script>\n<!-- \/ Yoast SEO plugin. -->","yoast_head_json":{"title":"Europa se rende a Trump, o buf\u00e3o-verborr\u00e1gico - Notibras","robots":{"index":"index","follow":"follow","max-snippet":"max-snippet:-1","max-image-preview":"max-image-preview:large","max-video-preview":"max-video-preview:-1"},"canonical":"https:\/\/www.notibras.com\/site\/europa-se-rende-a-trump-o-bufao-verborragico\/","og_locale":"pt_BR","og_type":"article","og_title":"Europa se rende a Trump, o buf\u00e3o-verborr\u00e1gico - Notibras","og_description":"Donald Trump, o buf\u00e3o verborr\u00e1gico, em seus desvarios afirmava quando candidato que ao se tornar presidente dos EUA encerraria a guerra entre R\u00fassia e Ucr\u00e2nia em 24 horas. Bem, l\u00e1 se v\u00e3o mais de 4.300 horas e a guerra continua firme e forte. Pelo jeito, como disse l\u00e1 atr\u00e1s o nosso craque Garrincha, ele n\u00e3o [&hellip;]","og_url":"https:\/\/www.notibras.com\/site\/europa-se-rende-a-trump-o-bufao-verborragico\/","og_site_name":"Notibras","article_publisher":"https:\/\/www.facebook.com\/notibras\/","article_published_time":"2025-07-26T04:24:50+00:00","og_image":[{"width":659,"height":435,"url":"https:\/\/www.notibras.com\/site\/wp-content\/uploads\/2025\/07\/AA1Jj28o.jpg","type":"image\/jpeg"}],"author":"Reda\u00e7\u00e3o","twitter_card":"summary_large_image","twitter_creator":"@Notibras","twitter_site":"@Notibras","twitter_misc":{"Escrito por":"Reda\u00e7\u00e3o","Est. tempo de leitura":"4 minutos"},"schema":{"@context":"https:\/\/schema.org","@graph":[{"@type":"Article","@id":"https:\/\/www.notibras.com\/site\/europa-se-rende-a-trump-o-bufao-verborragico\/#article","isPartOf":{"@id":"https:\/\/www.notibras.com\/site\/europa-se-rende-a-trump-o-bufao-verborragico\/"},"author":{"name":"Reda\u00e7\u00e3o","@id":"https:\/\/www.notibras.com\/site\/#\/schema\/person\/36ab0979449956132d3e5b517ea76ac8"},"headline":"Europa se rende a Trump, o buf\u00e3o-verborr\u00e1gico","datePublished":"2025-07-26T04:24:50+00:00","mainEntityOfPage":{"@id":"https:\/\/www.notibras.com\/site\/europa-se-rende-a-trump-o-bufao-verborragico\/"},"wordCount":685,"publisher":{"@id":"https:\/\/www.notibras.com\/site\/#organization"},"image":{"@id":"https:\/\/www.notibras.com\/site\/europa-se-rende-a-trump-o-bufao-verborragico\/#primaryimage"},"thumbnailUrl":"https:\/\/www.notibras.com\/site\/wp-content\/uploads\/2025\/07\/AA1Jj28o.jpg","articleSection":["Apocalipse"],"inLanguage":"pt-BR"},{"@type":"WebPage","@id":"https:\/\/www.notibras.com\/site\/europa-se-rende-a-trump-o-bufao-verborragico\/","url":"https:\/\/www.notibras.com\/site\/europa-se-rende-a-trump-o-bufao-verborragico\/","name":"Europa se rende a Trump, o buf\u00e3o-verborr\u00e1gico - Notibras","isPartOf":{"@id":"https:\/\/www.notibras.com\/site\/#website"},"primaryImageOfPage":{"@id":"https:\/\/www.notibras.com\/site\/europa-se-rende-a-trump-o-bufao-verborragico\/#primaryimage"},"image":{"@id":"https:\/\/www.notibras.com\/site\/europa-se-rende-a-trump-o-bufao-verborragico\/#primaryimage"},"thumbnailUrl":"https:\/\/www.notibras.com\/site\/wp-content\/uploads\/2025\/07\/AA1Jj28o.jpg","datePublished":"2025-07-26T04:24:50+00:00","breadcrumb":{"@id":"https:\/\/www.notibras.com\/site\/europa-se-rende-a-trump-o-bufao-verborragico\/#breadcrumb"},"inLanguage":"pt-BR","potentialAction":[{"@type":"ReadAction","target":["https:\/\/www.notibras.com\/site\/europa-se-rende-a-trump-o-bufao-verborragico\/"]}]},{"@type":"ImageObject","inLanguage":"pt-BR","@id":"https:\/\/www.notibras.com\/site\/europa-se-rende-a-trump-o-bufao-verborragico\/#primaryimage","url":"https:\/\/www.notibras.com\/site\/wp-content\/uploads\/2025\/07\/AA1Jj28o.jpg","contentUrl":"https:\/\/www.notibras.com\/site\/wp-content\/uploads\/2025\/07\/AA1Jj28o.jpg","width":659,"height":435},{"@type":"BreadcrumbList","@id":"https:\/\/www.notibras.com\/site\/europa-se-rende-a-trump-o-bufao-verborragico\/#breadcrumb","itemListElement":[{"@type":"ListItem","position":1,"name":"In\u00edcio","item":"https:\/\/www.notibras.com\/site\/"},{"@type":"ListItem","position":2,"name":"Europa se rende a Trump, o buf\u00e3o-verborr\u00e1gico"}]},{"@type":"WebSite","@id":"https:\/\/www.notibras.com\/site\/#website","url":"https:\/\/www.notibras.com\/site\/","name":"Notibras","description":"Not\u00edcias de Bras\u00edlia, do Brasil e do Mundo","publisher":{"@id":"https:\/\/www.notibras.com\/site\/#organization"},"potentialAction":[{"@type":"SearchAction","target":{"@type":"EntryPoint","urlTemplate":"https:\/\/www.notibras.com\/site\/?s={search_term_string}"},"query-input":{"@type":"PropertyValueSpecification","valueRequired":true,"valueName":"search_term_string"}}],"inLanguage":"pt-BR"},{"@type":"Organization","@id":"https:\/\/www.notibras.com\/site\/#organization","name":"Grupo Notibras de Comunica\u00e7\u00e3o","url":"https:\/\/www.notibras.com\/site\/","logo":{"@type":"ImageObject","inLanguage":"pt-BR","@id":"https:\/\/www.notibras.com\/site\/#\/schema\/logo\/image\/","url":"https:\/\/www.notibras.com\/site\/wp-content\/uploads\/2023\/01\/notibras23.png","contentUrl":"https:\/\/www.notibras.com\/site\/wp-content\/uploads\/2023\/01\/notibras23.png","width":350,"height":87,"caption":"Grupo Notibras de Comunica\u00e7\u00e3o"},"image":{"@id":"https:\/\/www.notibras.com\/site\/#\/schema\/logo\/image\/"},"sameAs":["https:\/\/www.facebook.com\/notibras\/","https:\/\/x.com\/Notibras","https:\/\/www.instagram.com\/notibras\/"]},{"@type":"Person","@id":"https:\/\/www.notibras.com\/site\/#\/schema\/person\/36ab0979449956132d3e5b517ea76ac8","name":"Reda\u00e7\u00e3o","image":{"@type":"ImageObject","inLanguage":"pt-BR","@id":"https:\/\/secure.gravatar.com\/avatar\/e0a867bdedb85fd243eadf09663511f96fc81e0720a4a42581f334ad4303aa6b?s=96&d=mm&r=g","url":"https:\/\/secure.gravatar.com\/avatar\/e0a867bdedb85fd243eadf09663511f96fc81e0720a4a42581f334ad4303aa6b?s=96&d=mm&r=g","contentUrl":"https:\/\/secure.gravatar.com\/avatar\/e0a867bdedb85fd243eadf09663511f96fc81e0720a4a42581f334ad4303aa6b?s=96&d=mm&r=g","caption":"Reda\u00e7\u00e3o"}}]}},"amp_enabled":true,"_links":{"self":[{"href":"https:\/\/www.notibras.com\/site\/wp-json\/wp\/v2\/posts\/359393","targetHints":{"allow":["GET"]}}],"collection":[{"href":"https:\/\/www.notibras.com\/site\/wp-json\/wp\/v2\/posts"}],"about":[{"href":"https:\/\/www.notibras.com\/site\/wp-json\/wp\/v2\/types\/post"}],"author":[{"embeddable":true,"href":"https:\/\/www.notibras.com\/site\/wp-json\/wp\/v2\/users\/2"}],"replies":[{"embeddable":true,"href":"https:\/\/www.notibras.com\/site\/wp-json\/wp\/v2\/comments?post=359393"}],"version-history":[{"count":1,"href":"https:\/\/www.notibras.com\/site\/wp-json\/wp\/v2\/posts\/359393\/revisions"}],"predecessor-version":[{"id":359395,"href":"https:\/\/www.notibras.com\/site\/wp-json\/wp\/v2\/posts\/359393\/revisions\/359395"}],"wp:featuredmedia":[{"embeddable":true,"href":"https:\/\/www.notibras.com\/site\/wp-json\/wp\/v2\/media\/359394"}],"wp:attachment":[{"href":"https:\/\/www.notibras.com\/site\/wp-json\/wp\/v2\/media?parent=359393"}],"wp:term":[{"taxonomy":"category","embeddable":true,"href":"https:\/\/www.notibras.com\/site\/wp-json\/wp\/v2\/categories?post=359393"},{"taxonomy":"post_tag","embeddable":true,"href":"https:\/\/www.notibras.com\/site\/wp-json\/wp\/v2\/tags?post=359393"}],"curies":[{"name":"wp","href":"https:\/\/api.w.org\/{rel}","templated":true}]}}