{"id":359468,"date":"2025-07-28T02:00:04","date_gmt":"2025-07-28T05:00:04","guid":{"rendered":"https:\/\/www.notibras.com\/site\/?p=359468"},"modified":"2025-07-28T11:53:30","modified_gmt":"2025-07-28T14:53:30","slug":"afranio-mais-do-que-penetra-e-o-rei-da-inconveniencia","status":"publish","type":"post","link":"https:\/\/www.notibras.com\/site\/afranio-mais-do-que-penetra-e-o-rei-da-inconveniencia\/","title":{"rendered":"Afr\u00e2nio, mais do que penetra, \u00e9 o rei da inconveni\u00eancia"},"content":{"rendered":"<p>Afr\u00e2nio \u00e9 um tipo a ser estudado. N\u00e3o porque tenha algum dom que possa al\u00e7\u00e1-lo \u00e0 condi\u00e7\u00e3o de em\u00e9rito em qualquer \u00e1rea. Bem, esquece o que acabei de escrever, j\u00e1 que o mundo est\u00e1 repleto por imbecis que cospem asneiras como se entendessem de economia, hist\u00f3ria, ecologia e at\u00e9 vacina.<\/p>\n<p>Recomecemos, ent\u00e3o, com aquele tipo que at\u00e9 poderia ser estudado, caso a falta de assuntos importantes fosse alarmante. Afr\u00e2nio Santos de Almeida, 44 anos de quase total inutilidade. N\u00e3o! N\u00e3o sejamos t\u00e3o cru\u00e9is com o pobre sujeito.<\/p>\n<p>Que tal 44 anos de uma vida regada de sofrimento? Gosto desse contraste, como se regar algo fosse digno de pensamentos saborosos que nem&#8230; Sorvete de morango? Hum&#8230; N\u00e3o.<\/p>\n<p>Afr\u00e2nio Santos de Almeida, tamb\u00e9m conhecido apenas como Afr\u00e2nio, carrega a sina de ser desagrad\u00e1vel. Sim! Desagradabil\u00edssimo! Verdadeiro cr\u00e1pula! N\u00e3o necessariamente um cr\u00e1pula de verdade. N\u00e3o! Creio que a palavra mais adequada seja&#8230;<\/p>\n<p>Inconveniente! Isso! Penso que tal vern\u00e1culo define perfeitamente o nosso amigo&#8230; Amigo? Hum&#8230; N\u00e3o! No m\u00e1ximo, personagem de cr\u00f4nica ou conto, dependendo do contexto. Prefiro algo mais frio como, por exemplo, <em>persona non grata<\/em>.<\/p>\n<p>Pois l\u00e1 estava o Afr\u00e2nio no apartamento do Wenceslau Ara\u00fajo, Editor-Chefe do <strong>Notibras<\/strong>, localizado no Sudoeste. Sinceramente, n\u00e3o sei quem franqueou a entrada do&#8230; Inconveniente! Isso!<\/p>\n<p>Tamb\u00e9m n\u00e3o sei como \u00e9 que o Wenceslau permitiu que o Afr\u00e2nio adentrasse no recinto. Talvez tenha sido levado por algu\u00e9m ou, ent\u00e3o, encontrou a porta do apartamento aberta e decidiu entrar, provavelmente atra\u00eddo pela boa m\u00fasica ou pelo cheiro inconfund\u00edvel de sardinha frita e cerveja. Aqui vale um adendo, j\u00e1 que sardinha frita \u00e9 algo que o anfitri\u00e3o sempre faz quest\u00e3o de fornecer aos convidados, talvez por remeter aos mais tradicionais botecos da sua cidade natal, o Rio de Janeiro.<\/p>\n<p>Pois l\u00e1 est\u00e1vamos n\u00f3s confortavelmente acomodados em cadeiras na varanda, quando o Afr\u00e2nio, que ningu\u00e9m conhecia at\u00e9 ent\u00e3o, chegou com um copo de cerveja na m\u00e3o e lambendo as pontas dos dedos logo ap\u00f3s dar a derradeira dentada no afamado peixe que vive em cardumes. Jos\u00e9 Seabra, o Chefe, com seu costumeiro modo sorridente de fazer amizade, logo convidou o, a partir daquele instante, novo amigo. Certamente n\u00e3o sabia que, na verdade, tratava-se de um penetra.<\/p>\n<p>Marta Nobre, Maria Am\u00e1lia Alcoforado, Armando Cardoso, Mathuzal\u00e9m J\u00fanior, Daniel Marchi, Cec\u00edlia Baumann (Ceci), Dona Irene e eu faz\u00edamos parte do grupo que festejava mais um anivers\u00e1rio do Wenceslau. Afr\u00e2nio at\u00e9 tentou passar uma cantada na Ceci, mas foi elegantemente mandado para um lugar pr\u00f3ximo a Netuno.<\/p>\n<p>A conversa prosseguiu, at\u00e9 que o Mathuzal\u00e9m falou que estava namorando. Sim, isso mesmo! Todos felicitamos o nosso companheiro de trabalho, at\u00e9 que o Afr\u00e2nio, ele mesmo, come\u00e7ou um interl\u00fadio pra l\u00e1 de sem-no\u00e7\u00e3o com o agora apaixonado.<\/p>\n<p>\u2014 \u00c9 bonita?<\/p>\n<p>\u2014 \u00c9 bonita, sim, mas o que me chamou mais a aten\u00e7\u00e3o nela foi a intelig\u00eancia.<\/p>\n<p>\u2014 E como \u00e9 essa intelig\u00eancia dela? Alta, baixa, gorda, magra?<\/p>\n<p>\u2026\u2026\u2026\u2026\u2026\u2026\u2026\u2026\u2026\u2026\u2026\u2026<\/p>\n<p><strong>Eduardo Mart\u00ednez \u00e9 autor do livro \u201957 Contos e Cr\u00f4nicas por um Autor Muito Velho\u2019<\/strong><\/p>\n<p><strong>Compre aqui<\/strong>\u00a0<img decoding=\"async\" class=\"emoji\" role=\"img\" draggable=\"false\" src=\"https:\/\/s.w.org\/images\/core\/emoji\/16.0.1\/svg\/1f447-1f3ff.svg\" alt=\"&#x1f447;&#x1f3ff;\" \/><\/p>\n<p><a href=\"https:\/\/www.joanineditora.com.br\/57-contos-e-cronicas-por-um-autor-muito-velho\">https:\/\/www.joanineditora.com.br\/57-contos-e-cronicas-por-um-autor-muito-velho<\/a><\/p>\n","protected":false},"excerpt":{"rendered":"<p>Afr\u00e2nio \u00e9 um tipo a ser estudado. N\u00e3o porque tenha algum dom que possa al\u00e7\u00e1-lo \u00e0 condi\u00e7\u00e3o de em\u00e9rito em qualquer \u00e1rea. Bem, esquece o que acabei de escrever, j\u00e1 que o mundo est\u00e1 repleto por imbecis que cospem asneiras como se entendessem de economia, hist\u00f3ria, ecologia e at\u00e9 vacina. Recomecemos, ent\u00e3o, com aquele tipo [&hellip;]<\/p>\n","protected":false},"author":21,"featured_media":359469,"comment_status":"closed","ping_status":"closed","sticky":false,"template":"","format":"standard","meta":{"_acf_changed":false,"footnotes":""},"categories":[161],"tags":[],"class_list":["post-359468","post","type-post","status-publish","format-standard","has-post-thumbnail","hentry","category-quadradinho-em-foco"],"acf":[],"_links":{"self":[{"href":"https:\/\/www.notibras.com\/site\/wp-json\/wp\/v2\/posts\/359468","targetHints":{"allow":["GET"]}}],"collection":[{"href":"https:\/\/www.notibras.com\/site\/wp-json\/wp\/v2\/posts"}],"about":[{"href":"https:\/\/www.notibras.com\/site\/wp-json\/wp\/v2\/types\/post"}],"author":[{"embeddable":true,"href":"https:\/\/www.notibras.com\/site\/wp-json\/wp\/v2\/users\/21"}],"replies":[{"embeddable":true,"href":"https:\/\/www.notibras.com\/site\/wp-json\/wp\/v2\/comments?post=359468"}],"version-history":[{"count":6,"href":"https:\/\/www.notibras.com\/site\/wp-json\/wp\/v2\/posts\/359468\/revisions"}],"predecessor-version":[{"id":359541,"href":"https:\/\/www.notibras.com\/site\/wp-json\/wp\/v2\/posts\/359468\/revisions\/359541"}],"wp:featuredmedia":[{"embeddable":true,"href":"https:\/\/www.notibras.com\/site\/wp-json\/wp\/v2\/media\/359469"}],"wp:attachment":[{"href":"https:\/\/www.notibras.com\/site\/wp-json\/wp\/v2\/media?parent=359468"}],"wp:term":[{"taxonomy":"category","embeddable":true,"href":"https:\/\/www.notibras.com\/site\/wp-json\/wp\/v2\/categories?post=359468"},{"taxonomy":"post_tag","embeddable":true,"href":"https:\/\/www.notibras.com\/site\/wp-json\/wp\/v2\/tags?post=359468"}],"curies":[{"name":"wp","href":"https:\/\/api.w.org\/{rel}","templated":true}]}}