{"id":359474,"date":"2025-07-27T05:48:40","date_gmt":"2025-07-27T08:48:40","guid":{"rendered":"https:\/\/www.notibras.com\/site\/?p=359474"},"modified":"2025-07-27T08:53:27","modified_gmt":"2025-07-27T11:53:27","slug":"tarifaco-de-trump-deixa-produtor-nordestino-engasgado-com-frutas","status":"publish","type":"post","link":"https:\/\/www.notibras.com\/site\/tarifaco-de-trump-deixa-produtor-nordestino-engasgado-com-frutas\/","title":{"rendered":"Tarifa\u00e7o de Trump deixa produtor nordestino engasgado com frutas"},"content":{"rendered":"<p data-start=\"409\" data-end=\"880\">O que antes era motivo de orgulho e prosperidade, hoje virou sin\u00f4nimo de preju\u00edzo e frustra\u00e7\u00e3o. Ap\u00f3s o tarifa\u00e7o de 50% imposto por Donald Trump sobre produtos brasileiros, o setor fruticultor do Nordeste vive uma crise sem precedentes. A medida, vista como uma retalia\u00e7\u00e3o disfar\u00e7ada de pol\u00edtica econ\u00f4mica, afetou em cheio estados como Bahia, Pernambuco e Rio Grande do Norte, onde mangas, uvas e mel\u00f5es antes embarcados para os Estados Unidos agora apodrecem nos pomares.<\/p>\n<p data-start=\"882\" data-end=\"1187\">&#8220;\u00c9 uma trag\u00e9dia anunciada. A gente investe em tecnologia, em irriga\u00e7\u00e3o, cumpre as exig\u00eancias sanit\u00e1rias e ambientais, e de uma hora para outra o principal mercado fecha a porta na nossa cara&#8221;, desabafa Jo\u00e3o Nogueira, produtor de mel\u00e3o em Mossor\u00f3 (RN), que perdeu cerca de 40% da safra nas \u00faltimas semanas.<\/p>\n<p data-start=\"1189\" data-end=\"1516\">Segundo a Associa\u00e7\u00e3o Brasileira dos Produtores Exportadores de Frutas e Derivados (Abrafrutas), os preju\u00edzos ultrapassam R$ 1,2 bilh\u00e3o em apenas dois meses. O setor, que vinha crescendo em ritmo acelerado, agora enfrenta demiss\u00f5es em massa, desperd\u00edcio de toneladas de alimentos e o risco de colapso de toda a cadeia produtiva.<\/p>\n<p data-start=\"1518\" data-end=\"1832\">As frutas, antes acomodadas em c\u00e2maras refrigeradas para exporta\u00e7\u00e3o, agora lotam galp\u00f5es sem destino. A solu\u00e7\u00e3o de vend\u00ea-las no mercado interno esbarra na capacidade limitada de absor\u00e7\u00e3o e na queda dos pre\u00e7os. Em algumas feiras do sert\u00e3o, a manga \u00e9 vendida por centavos. E mesmo assim, n\u00e3o h\u00e1 consumo que d\u00ea vaz\u00e3o.<\/p>\n<p data-start=\"1834\" data-end=\"2045\">&#8220;O que Trump fez foi um tiro no pr\u00f3prio p\u00e9 \u2013 e no nosso est\u00f4mago&#8221;, critica o economista rural Gilberto Mota. &#8220;Os Estados Unidos perdem produtos de qualidade, e n\u00f3s perdemos renda, empregos e dignidade no campo.&#8221;<\/p>\n<p data-start=\"2047\" data-end=\"2320\">Nos bastidores, o Itamaraty tenta reverter a decis\u00e3o, mas as negocia\u00e7\u00f5es esbarram na narrativa trumpista de &#8220;prote\u00e7\u00e3o da economia americana&#8221;. Para produtores nordestinos, no entanto, n\u00e3o h\u00e1 nada mais perverso do que a pol\u00edtica internacional quando se mistura com ideologia.<\/p>\n<p data-start=\"2322\" data-end=\"2461\">&#8220;Quem plantou esperan\u00e7a agora colhe abandono&#8221;, resume Nogueira. &#8220;E o povo do campo segue engasgado com as frutas que n\u00e3o pode mais vender.&#8221;<\/p>\n","protected":false},"excerpt":{"rendered":"<p>O que antes era motivo de orgulho e prosperidade, hoje virou sin\u00f4nimo de preju\u00edzo e frustra\u00e7\u00e3o. Ap\u00f3s o tarifa\u00e7o de 50% imposto por Donald Trump sobre produtos brasileiros, o setor fruticultor do Nordeste vive uma crise sem precedentes. A medida, vista como uma retalia\u00e7\u00e3o disfar\u00e7ada de pol\u00edtica econ\u00f4mica, afetou em cheio estados como Bahia, Pernambuco [&hellip;]<\/p>\n","protected":false},"author":2,"featured_media":359475,"comment_status":"closed","ping_status":"closed","sticky":false,"template":"","format":"standard","meta":{"_acf_changed":false,"footnotes":""},"categories":[165],"tags":[],"class_list":["post-359474","post","type-post","status-publish","format-standard","has-post-thumbnail","hentry","category-nordeste"],"acf":[],"_links":{"self":[{"href":"https:\/\/www.notibras.com\/site\/wp-json\/wp\/v2\/posts\/359474","targetHints":{"allow":["GET"]}}],"collection":[{"href":"https:\/\/www.notibras.com\/site\/wp-json\/wp\/v2\/posts"}],"about":[{"href":"https:\/\/www.notibras.com\/site\/wp-json\/wp\/v2\/types\/post"}],"author":[{"embeddable":true,"href":"https:\/\/www.notibras.com\/site\/wp-json\/wp\/v2\/users\/2"}],"replies":[{"embeddable":true,"href":"https:\/\/www.notibras.com\/site\/wp-json\/wp\/v2\/comments?post=359474"}],"version-history":[{"count":2,"href":"https:\/\/www.notibras.com\/site\/wp-json\/wp\/v2\/posts\/359474\/revisions"}],"predecessor-version":[{"id":359477,"href":"https:\/\/www.notibras.com\/site\/wp-json\/wp\/v2\/posts\/359474\/revisions\/359477"}],"wp:featuredmedia":[{"embeddable":true,"href":"https:\/\/www.notibras.com\/site\/wp-json\/wp\/v2\/media\/359475"}],"wp:attachment":[{"href":"https:\/\/www.notibras.com\/site\/wp-json\/wp\/v2\/media?parent=359474"}],"wp:term":[{"taxonomy":"category","embeddable":true,"href":"https:\/\/www.notibras.com\/site\/wp-json\/wp\/v2\/categories?post=359474"},{"taxonomy":"post_tag","embeddable":true,"href":"https:\/\/www.notibras.com\/site\/wp-json\/wp\/v2\/tags?post=359474"}],"curies":[{"name":"wp","href":"https:\/\/api.w.org\/{rel}","templated":true}]}}