{"id":359484,"date":"2025-07-27T07:12:17","date_gmt":"2025-07-27T10:12:17","guid":{"rendered":"https:\/\/www.notibras.com\/site\/?p=359484"},"modified":"2025-07-27T09:14:20","modified_gmt":"2025-07-27T12:14:20","slug":"russia-so-para-guerra-ficando-com-1-3-da-ucrania","status":"publish","type":"post","link":"https:\/\/www.notibras.com\/site\/russia-so-para-guerra-ficando-com-1-3-da-ucrania\/","title":{"rendered":"R\u00fassia s\u00f3 para guerra ficando com 1\/3 da Ucr\u00e2nia"},"content":{"rendered":"<p><!--StartFragment --><\/p>\n<p class=\"pf0\"><span class=\"cf0\">A R\u00fassia precisa garantir que os objetivos da opera\u00e7\u00e3o militar especial na Ucr\u00e2nia sejam alcan\u00e7ados antes de determinar os princ\u00edpios da futura coopera\u00e7\u00e3o entre Moscou e Kiev, disse o porta-voz do Kremlin, Dmitry <\/span><span class=\"cf0\">Peskov<\/span><span class=\"cf0\">, no domingo.<\/span><\/p>\n<p class=\"pf0\"><span class=\"cf0\">Peskov<\/span><span class=\"cf0\">, respondendo a uma pergunta sobre os princ\u00edpios nos quais a futura intera\u00e7\u00e3o de Moscou com Kiev ser\u00e1 baseada, disse que essa quest\u00e3o \u00e9 muito te\u00f3rica no momento.<\/span><\/p>\n<p class=\"pf0\"><span class=\"cf0\">&#8220;Isso \u00e9 muito te\u00f3rico no momento. Primeiro, precisamos resolver a situa\u00e7\u00e3o e depois considerar como as rela\u00e7\u00f5es ser\u00e3o constru\u00eddas&#8221;, disse <\/span><span class=\"cf0\">Peskov<\/span><span class=\"cf0\"> aos rep\u00f3rteres.<\/span><\/p>\n<p class=\"pf0\"><span class=\"cf0\">A R\u00fassia favorece meios pol\u00edticos e diplom\u00e1ticos para resolver o conflito ucraniano, no entanto, a opera\u00e7\u00e3o militar especial come\u00e7ou quando tais meios foram rejeitados por Kiev e pelo Ocidente, acrescentou o porta-voz do Kremlin, Dmitry <\/span><span class=\"cf0\">Peskov<\/span><span class=\"cf0\">.<\/span><\/p>\n<p class=\"pf0\"><span class=\"cf0\">&#8220;Temos afirmado repetidamente que preferimos alcan\u00e7ar isso por meios pol\u00edticos e diplom\u00e1ticos. A opera\u00e7\u00e3o militar especial continua em circunst\u00e2ncias em que esses meios se tornaram imposs\u00edveis, quando todas as propostas de di\u00e1logo foram rejeitadas tanto pela Ucr\u00e2nia quanto pelo Ocidente. Se conseguirmos avan\u00e7ar para um acordo diplom\u00e1tico, esta ser\u00e1 a op\u00e7\u00e3o preferencial para n\u00f3s&#8221;, disse <\/span><span class=\"cf0\">Peskov<\/span><span class=\"cf0\"> a rep\u00f3rteres.<\/span><\/p>\n<p><!--EndFragment --><\/p>\n","protected":false},"excerpt":{"rendered":"<p>A R\u00fassia precisa garantir que os objetivos da opera\u00e7\u00e3o militar especial na Ucr\u00e2nia sejam alcan\u00e7ados antes de determinar os princ\u00edpios da futura coopera\u00e7\u00e3o entre Moscou e Kiev, disse o porta-voz do Kremlin, Dmitry Peskov, no domingo. Peskov, respondendo a uma pergunta sobre os princ\u00edpios nos quais a futura intera\u00e7\u00e3o de Moscou com Kiev ser\u00e1 baseada, [&hellip;]<\/p>\n","protected":false},"author":2,"featured_media":359485,"comment_status":"closed","ping_status":"closed","sticky":false,"template":"","format":"standard","meta":{"_acf_changed":false,"footnotes":""},"categories":[159],"tags":[],"class_list":["post-359484","post","type-post","status-publish","format-standard","has-post-thumbnail","hentry","category-apocalipse"],"acf":[],"yoast_head":"<!-- This site is optimized with the Yoast SEO plugin v27.2 - https:\/\/yoast.com\/product\/yoast-seo-wordpress\/ -->\n<title>R\u00fassia s\u00f3 para guerra ficando com 1\/3 da Ucr\u00e2nia - Notibras<\/title>\n<meta name=\"robots\" content=\"index, follow, max-snippet:-1, max-image-preview:large, max-video-preview:-1\" \/>\n<link rel=\"canonical\" href=\"https:\/\/www.notibras.com\/site\/russia-so-para-guerra-ficando-com-1-3-da-ucrania\/\" \/>\n<meta property=\"og:locale\" content=\"pt_BR\" \/>\n<meta property=\"og:type\" content=\"article\" \/>\n<meta property=\"og:title\" content=\"R\u00fassia s\u00f3 para guerra ficando com 1\/3 da Ucr\u00e2nia - Notibras\" \/>\n<meta property=\"og:description\" content=\"A R\u00fassia precisa garantir que os objetivos da opera\u00e7\u00e3o militar especial na Ucr\u00e2nia sejam alcan\u00e7ados antes de determinar os princ\u00edpios da futura coopera\u00e7\u00e3o entre Moscou e Kiev, disse o porta-voz do Kremlin, Dmitry Peskov, no domingo. Peskov, respondendo a uma pergunta sobre os princ\u00edpios nos quais a futura intera\u00e7\u00e3o de Moscou com Kiev ser\u00e1 baseada, [&hellip;]\" \/>\n<meta property=\"og:url\" content=\"https:\/\/www.notibras.com\/site\/russia-so-para-guerra-ficando-com-1-3-da-ucrania\/\" \/>\n<meta property=\"og:site_name\" content=\"Notibras\" \/>\n<meta property=\"article:publisher\" content=\"https:\/\/www.facebook.com\/notibras\/\" \/>\n<meta property=\"article:published_time\" content=\"2025-07-27T10:12:17+00:00\" \/>\n<meta property=\"article:modified_time\" content=\"2025-07-27T12:14:20+00:00\" \/>\n<meta property=\"og:image\" content=\"https:\/\/www.notibras.com\/site\/wp-content\/uploads\/2025\/07\/1121186680_0_0_3290_2048_1440x900_80_0_1_1f4137a8bc4f073a2e61fd64b946b914.jpg.webp\" \/>\n\t<meta property=\"og:image:width\" content=\"1440\" \/>\n\t<meta property=\"og:image:height\" content=\"896\" \/>\n\t<meta property=\"og:image:type\" content=\"image\/webp\" \/>\n<meta name=\"author\" content=\"Reda\u00e7\u00e3o\" \/>\n<meta name=\"twitter:card\" content=\"summary_large_image\" \/>\n<meta name=\"twitter:creator\" content=\"@Notibras\" \/>\n<meta name=\"twitter:site\" content=\"@Notibras\" \/>\n<meta name=\"twitter:label1\" content=\"Escrito por\" \/>\n\t<meta name=\"twitter:data1\" content=\"Reda\u00e7\u00e3o\" \/>\n\t<meta name=\"twitter:label2\" content=\"Est. tempo de leitura\" \/>\n\t<meta name=\"twitter:data2\" content=\"2 minutos\" \/>\n<script type=\"application\/ld+json\" class=\"yoast-schema-graph\">{\"@context\":\"https:\/\/schema.org\",\"@graph\":[{\"@type\":\"Article\",\"@id\":\"https:\/\/www.notibras.com\/site\/russia-so-para-guerra-ficando-com-1-3-da-ucrania\/#article\",\"isPartOf\":{\"@id\":\"https:\/\/www.notibras.com\/site\/russia-so-para-guerra-ficando-com-1-3-da-ucrania\/\"},\"author\":{\"name\":\"Reda\u00e7\u00e3o\",\"@id\":\"https:\/\/www.notibras.com\/site\/#\/schema\/person\/36ab0979449956132d3e5b517ea76ac8\"},\"headline\":\"R\u00fassia s\u00f3 para guerra ficando com 1\/3 da Ucr\u00e2nia\",\"datePublished\":\"2025-07-27T10:12:17+00:00\",\"dateModified\":\"2025-07-27T12:14:20+00:00\",\"mainEntityOfPage\":{\"@id\":\"https:\/\/www.notibras.com\/site\/russia-so-para-guerra-ficando-com-1-3-da-ucrania\/\"},\"wordCount\":223,\"publisher\":{\"@id\":\"https:\/\/www.notibras.com\/site\/#organization\"},\"image\":{\"@id\":\"https:\/\/www.notibras.com\/site\/russia-so-para-guerra-ficando-com-1-3-da-ucrania\/#primaryimage\"},\"thumbnailUrl\":\"https:\/\/www.notibras.com\/site\/wp-content\/uploads\/2025\/07\/1121186680_0_0_3290_2048_1440x900_80_0_1_1f4137a8bc4f073a2e61fd64b946b914.jpg.webp\",\"articleSection\":[\"Apocalipse\"],\"inLanguage\":\"pt-BR\"},{\"@type\":\"WebPage\",\"@id\":\"https:\/\/www.notibras.com\/site\/russia-so-para-guerra-ficando-com-1-3-da-ucrania\/\",\"url\":\"https:\/\/www.notibras.com\/site\/russia-so-para-guerra-ficando-com-1-3-da-ucrania\/\",\"name\":\"R\u00fassia s\u00f3 para guerra ficando com 1\/3 da Ucr\u00e2nia - Notibras\",\"isPartOf\":{\"@id\":\"https:\/\/www.notibras.com\/site\/#website\"},\"primaryImageOfPage\":{\"@id\":\"https:\/\/www.notibras.com\/site\/russia-so-para-guerra-ficando-com-1-3-da-ucrania\/#primaryimage\"},\"image\":{\"@id\":\"https:\/\/www.notibras.com\/site\/russia-so-para-guerra-ficando-com-1-3-da-ucrania\/#primaryimage\"},\"thumbnailUrl\":\"https:\/\/www.notibras.com\/site\/wp-content\/uploads\/2025\/07\/1121186680_0_0_3290_2048_1440x900_80_0_1_1f4137a8bc4f073a2e61fd64b946b914.jpg.webp\",\"datePublished\":\"2025-07-27T10:12:17+00:00\",\"dateModified\":\"2025-07-27T12:14:20+00:00\",\"breadcrumb\":{\"@id\":\"https:\/\/www.notibras.com\/site\/russia-so-para-guerra-ficando-com-1-3-da-ucrania\/#breadcrumb\"},\"inLanguage\":\"pt-BR\",\"potentialAction\":[{\"@type\":\"ReadAction\",\"target\":[\"https:\/\/www.notibras.com\/site\/russia-so-para-guerra-ficando-com-1-3-da-ucrania\/\"]}]},{\"@type\":\"ImageObject\",\"inLanguage\":\"pt-BR\",\"@id\":\"https:\/\/www.notibras.com\/site\/russia-so-para-guerra-ficando-com-1-3-da-ucrania\/#primaryimage\",\"url\":\"https:\/\/www.notibras.com\/site\/wp-content\/uploads\/2025\/07\/1121186680_0_0_3290_2048_1440x900_80_0_1_1f4137a8bc4f073a2e61fd64b946b914.jpg.webp\",\"contentUrl\":\"https:\/\/www.notibras.com\/site\/wp-content\/uploads\/2025\/07\/1121186680_0_0_3290_2048_1440x900_80_0_1_1f4137a8bc4f073a2e61fd64b946b914.jpg.webp\",\"width\":1440,\"height\":896},{\"@type\":\"BreadcrumbList\",\"@id\":\"https:\/\/www.notibras.com\/site\/russia-so-para-guerra-ficando-com-1-3-da-ucrania\/#breadcrumb\",\"itemListElement\":[{\"@type\":\"ListItem\",\"position\":1,\"name\":\"In\u00edcio\",\"item\":\"https:\/\/www.notibras.com\/site\/\"},{\"@type\":\"ListItem\",\"position\":2,\"name\":\"R\u00fassia s\u00f3 para guerra ficando com 1\/3 da Ucr\u00e2nia\"}]},{\"@type\":\"WebSite\",\"@id\":\"https:\/\/www.notibras.com\/site\/#website\",\"url\":\"https:\/\/www.notibras.com\/site\/\",\"name\":\"Notibras\",\"description\":\"Not\u00edcias de Bras\u00edlia, do Brasil e do Mundo\",\"publisher\":{\"@id\":\"https:\/\/www.notibras.com\/site\/#organization\"},\"potentialAction\":[{\"@type\":\"SearchAction\",\"target\":{\"@type\":\"EntryPoint\",\"urlTemplate\":\"https:\/\/www.notibras.com\/site\/?s={search_term_string}\"},\"query-input\":{\"@type\":\"PropertyValueSpecification\",\"valueRequired\":true,\"valueName\":\"search_term_string\"}}],\"inLanguage\":\"pt-BR\"},{\"@type\":\"Organization\",\"@id\":\"https:\/\/www.notibras.com\/site\/#organization\",\"name\":\"Grupo Notibras de Comunica\u00e7\u00e3o\",\"url\":\"https:\/\/www.notibras.com\/site\/\",\"logo\":{\"@type\":\"ImageObject\",\"inLanguage\":\"pt-BR\",\"@id\":\"https:\/\/www.notibras.com\/site\/#\/schema\/logo\/image\/\",\"url\":\"https:\/\/www.notibras.com\/site\/wp-content\/uploads\/2023\/01\/notibras23.png\",\"contentUrl\":\"https:\/\/www.notibras.com\/site\/wp-content\/uploads\/2023\/01\/notibras23.png\",\"width\":350,\"height\":87,\"caption\":\"Grupo Notibras de Comunica\u00e7\u00e3o\"},\"image\":{\"@id\":\"https:\/\/www.notibras.com\/site\/#\/schema\/logo\/image\/\"},\"sameAs\":[\"https:\/\/www.facebook.com\/notibras\/\",\"https:\/\/x.com\/Notibras\",\"https:\/\/www.instagram.com\/notibras\/\"]},{\"@type\":\"Person\",\"@id\":\"https:\/\/www.notibras.com\/site\/#\/schema\/person\/36ab0979449956132d3e5b517ea76ac8\",\"name\":\"Reda\u00e7\u00e3o\",\"image\":{\"@type\":\"ImageObject\",\"inLanguage\":\"pt-BR\",\"@id\":\"https:\/\/secure.gravatar.com\/avatar\/e0a867bdedb85fd243eadf09663511f96fc81e0720a4a42581f334ad4303aa6b?s=96&d=mm&r=g\",\"url\":\"https:\/\/secure.gravatar.com\/avatar\/e0a867bdedb85fd243eadf09663511f96fc81e0720a4a42581f334ad4303aa6b?s=96&d=mm&r=g\",\"contentUrl\":\"https:\/\/secure.gravatar.com\/avatar\/e0a867bdedb85fd243eadf09663511f96fc81e0720a4a42581f334ad4303aa6b?s=96&d=mm&r=g\",\"caption\":\"Reda\u00e7\u00e3o\"}}]}<\/script>\n<!-- \/ Yoast SEO plugin. -->","yoast_head_json":{"title":"R\u00fassia s\u00f3 para guerra ficando com 1\/3 da Ucr\u00e2nia - Notibras","robots":{"index":"index","follow":"follow","max-snippet":"max-snippet:-1","max-image-preview":"max-image-preview:large","max-video-preview":"max-video-preview:-1"},"canonical":"https:\/\/www.notibras.com\/site\/russia-so-para-guerra-ficando-com-1-3-da-ucrania\/","og_locale":"pt_BR","og_type":"article","og_title":"R\u00fassia s\u00f3 para guerra ficando com 1\/3 da Ucr\u00e2nia - Notibras","og_description":"A R\u00fassia precisa garantir que os objetivos da opera\u00e7\u00e3o militar especial na Ucr\u00e2nia sejam alcan\u00e7ados antes de determinar os princ\u00edpios da futura coopera\u00e7\u00e3o entre Moscou e Kiev, disse o porta-voz do Kremlin, Dmitry Peskov, no domingo. Peskov, respondendo a uma pergunta sobre os princ\u00edpios nos quais a futura intera\u00e7\u00e3o de Moscou com Kiev ser\u00e1 baseada, [&hellip;]","og_url":"https:\/\/www.notibras.com\/site\/russia-so-para-guerra-ficando-com-1-3-da-ucrania\/","og_site_name":"Notibras","article_publisher":"https:\/\/www.facebook.com\/notibras\/","article_published_time":"2025-07-27T10:12:17+00:00","article_modified_time":"2025-07-27T12:14:20+00:00","og_image":[{"width":1440,"height":896,"url":"https:\/\/www.notibras.com\/site\/wp-content\/uploads\/2025\/07\/1121186680_0_0_3290_2048_1440x900_80_0_1_1f4137a8bc4f073a2e61fd64b946b914.jpg.webp","type":"image\/webp"}],"author":"Reda\u00e7\u00e3o","twitter_card":"summary_large_image","twitter_creator":"@Notibras","twitter_site":"@Notibras","twitter_misc":{"Escrito por":"Reda\u00e7\u00e3o","Est. tempo de leitura":"2 minutos"},"schema":{"@context":"https:\/\/schema.org","@graph":[{"@type":"Article","@id":"https:\/\/www.notibras.com\/site\/russia-so-para-guerra-ficando-com-1-3-da-ucrania\/#article","isPartOf":{"@id":"https:\/\/www.notibras.com\/site\/russia-so-para-guerra-ficando-com-1-3-da-ucrania\/"},"author":{"name":"Reda\u00e7\u00e3o","@id":"https:\/\/www.notibras.com\/site\/#\/schema\/person\/36ab0979449956132d3e5b517ea76ac8"},"headline":"R\u00fassia s\u00f3 para guerra ficando com 1\/3 da Ucr\u00e2nia","datePublished":"2025-07-27T10:12:17+00:00","dateModified":"2025-07-27T12:14:20+00:00","mainEntityOfPage":{"@id":"https:\/\/www.notibras.com\/site\/russia-so-para-guerra-ficando-com-1-3-da-ucrania\/"},"wordCount":223,"publisher":{"@id":"https:\/\/www.notibras.com\/site\/#organization"},"image":{"@id":"https:\/\/www.notibras.com\/site\/russia-so-para-guerra-ficando-com-1-3-da-ucrania\/#primaryimage"},"thumbnailUrl":"https:\/\/www.notibras.com\/site\/wp-content\/uploads\/2025\/07\/1121186680_0_0_3290_2048_1440x900_80_0_1_1f4137a8bc4f073a2e61fd64b946b914.jpg.webp","articleSection":["Apocalipse"],"inLanguage":"pt-BR"},{"@type":"WebPage","@id":"https:\/\/www.notibras.com\/site\/russia-so-para-guerra-ficando-com-1-3-da-ucrania\/","url":"https:\/\/www.notibras.com\/site\/russia-so-para-guerra-ficando-com-1-3-da-ucrania\/","name":"R\u00fassia s\u00f3 para guerra ficando com 1\/3 da Ucr\u00e2nia - Notibras","isPartOf":{"@id":"https:\/\/www.notibras.com\/site\/#website"},"primaryImageOfPage":{"@id":"https:\/\/www.notibras.com\/site\/russia-so-para-guerra-ficando-com-1-3-da-ucrania\/#primaryimage"},"image":{"@id":"https:\/\/www.notibras.com\/site\/russia-so-para-guerra-ficando-com-1-3-da-ucrania\/#primaryimage"},"thumbnailUrl":"https:\/\/www.notibras.com\/site\/wp-content\/uploads\/2025\/07\/1121186680_0_0_3290_2048_1440x900_80_0_1_1f4137a8bc4f073a2e61fd64b946b914.jpg.webp","datePublished":"2025-07-27T10:12:17+00:00","dateModified":"2025-07-27T12:14:20+00:00","breadcrumb":{"@id":"https:\/\/www.notibras.com\/site\/russia-so-para-guerra-ficando-com-1-3-da-ucrania\/#breadcrumb"},"inLanguage":"pt-BR","potentialAction":[{"@type":"ReadAction","target":["https:\/\/www.notibras.com\/site\/russia-so-para-guerra-ficando-com-1-3-da-ucrania\/"]}]},{"@type":"ImageObject","inLanguage":"pt-BR","@id":"https:\/\/www.notibras.com\/site\/russia-so-para-guerra-ficando-com-1-3-da-ucrania\/#primaryimage","url":"https:\/\/www.notibras.com\/site\/wp-content\/uploads\/2025\/07\/1121186680_0_0_3290_2048_1440x900_80_0_1_1f4137a8bc4f073a2e61fd64b946b914.jpg.webp","contentUrl":"https:\/\/www.notibras.com\/site\/wp-content\/uploads\/2025\/07\/1121186680_0_0_3290_2048_1440x900_80_0_1_1f4137a8bc4f073a2e61fd64b946b914.jpg.webp","width":1440,"height":896},{"@type":"BreadcrumbList","@id":"https:\/\/www.notibras.com\/site\/russia-so-para-guerra-ficando-com-1-3-da-ucrania\/#breadcrumb","itemListElement":[{"@type":"ListItem","position":1,"name":"In\u00edcio","item":"https:\/\/www.notibras.com\/site\/"},{"@type":"ListItem","position":2,"name":"R\u00fassia s\u00f3 para guerra ficando com 1\/3 da Ucr\u00e2nia"}]},{"@type":"WebSite","@id":"https:\/\/www.notibras.com\/site\/#website","url":"https:\/\/www.notibras.com\/site\/","name":"Notibras","description":"Not\u00edcias de Bras\u00edlia, do Brasil e do Mundo","publisher":{"@id":"https:\/\/www.notibras.com\/site\/#organization"},"potentialAction":[{"@type":"SearchAction","target":{"@type":"EntryPoint","urlTemplate":"https:\/\/www.notibras.com\/site\/?s={search_term_string}"},"query-input":{"@type":"PropertyValueSpecification","valueRequired":true,"valueName":"search_term_string"}}],"inLanguage":"pt-BR"},{"@type":"Organization","@id":"https:\/\/www.notibras.com\/site\/#organization","name":"Grupo Notibras de Comunica\u00e7\u00e3o","url":"https:\/\/www.notibras.com\/site\/","logo":{"@type":"ImageObject","inLanguage":"pt-BR","@id":"https:\/\/www.notibras.com\/site\/#\/schema\/logo\/image\/","url":"https:\/\/www.notibras.com\/site\/wp-content\/uploads\/2023\/01\/notibras23.png","contentUrl":"https:\/\/www.notibras.com\/site\/wp-content\/uploads\/2023\/01\/notibras23.png","width":350,"height":87,"caption":"Grupo Notibras de Comunica\u00e7\u00e3o"},"image":{"@id":"https:\/\/www.notibras.com\/site\/#\/schema\/logo\/image\/"},"sameAs":["https:\/\/www.facebook.com\/notibras\/","https:\/\/x.com\/Notibras","https:\/\/www.instagram.com\/notibras\/"]},{"@type":"Person","@id":"https:\/\/www.notibras.com\/site\/#\/schema\/person\/36ab0979449956132d3e5b517ea76ac8","name":"Reda\u00e7\u00e3o","image":{"@type":"ImageObject","inLanguage":"pt-BR","@id":"https:\/\/secure.gravatar.com\/avatar\/e0a867bdedb85fd243eadf09663511f96fc81e0720a4a42581f334ad4303aa6b?s=96&d=mm&r=g","url":"https:\/\/secure.gravatar.com\/avatar\/e0a867bdedb85fd243eadf09663511f96fc81e0720a4a42581f334ad4303aa6b?s=96&d=mm&r=g","contentUrl":"https:\/\/secure.gravatar.com\/avatar\/e0a867bdedb85fd243eadf09663511f96fc81e0720a4a42581f334ad4303aa6b?s=96&d=mm&r=g","caption":"Reda\u00e7\u00e3o"}}]}},"amp_enabled":true,"_links":{"self":[{"href":"https:\/\/www.notibras.com\/site\/wp-json\/wp\/v2\/posts\/359484","targetHints":{"allow":["GET"]}}],"collection":[{"href":"https:\/\/www.notibras.com\/site\/wp-json\/wp\/v2\/posts"}],"about":[{"href":"https:\/\/www.notibras.com\/site\/wp-json\/wp\/v2\/types\/post"}],"author":[{"embeddable":true,"href":"https:\/\/www.notibras.com\/site\/wp-json\/wp\/v2\/users\/2"}],"replies":[{"embeddable":true,"href":"https:\/\/www.notibras.com\/site\/wp-json\/wp\/v2\/comments?post=359484"}],"version-history":[{"count":1,"href":"https:\/\/www.notibras.com\/site\/wp-json\/wp\/v2\/posts\/359484\/revisions"}],"predecessor-version":[{"id":359486,"href":"https:\/\/www.notibras.com\/site\/wp-json\/wp\/v2\/posts\/359484\/revisions\/359486"}],"wp:featuredmedia":[{"embeddable":true,"href":"https:\/\/www.notibras.com\/site\/wp-json\/wp\/v2\/media\/359485"}],"wp:attachment":[{"href":"https:\/\/www.notibras.com\/site\/wp-json\/wp\/v2\/media?parent=359484"}],"wp:term":[{"taxonomy":"category","embeddable":true,"href":"https:\/\/www.notibras.com\/site\/wp-json\/wp\/v2\/categories?post=359484"},{"taxonomy":"post_tag","embeddable":true,"href":"https:\/\/www.notibras.com\/site\/wp-json\/wp\/v2\/tags?post=359484"}],"curies":[{"name":"wp","href":"https:\/\/api.w.org\/{rel}","templated":true}]}}