{"id":359503,"date":"2025-07-28T06:16:44","date_gmt":"2025-07-28T09:16:44","guid":{"rendered":"https:\/\/www.notibras.com\/site\/?p=359503"},"modified":"2025-07-28T06:16:44","modified_gmt":"2025-07-28T09:16:44","slug":"houthis-decidem-atacar-navios-com-destino-a-israel","status":"publish","type":"post","link":"https:\/\/www.notibras.com\/site\/houthis-decidem-atacar-navios-com-destino-a-israel\/","title":{"rendered":"Houthis decidem atacar navios com destino a Israel"},"content":{"rendered":"<p><!--StartFragment --><\/p>\n<p class=\"pf0\"><span class=\"cf0\">O movimento <\/span><span class=\"cf0\">pol\u00edtico-militar<\/span><span class=\"cf0\"> xiita <\/span><span class=\"cf0\">Ansar<\/span> <span class=\"cf0\">Allah<\/span><span class=\"cf0\"> (<\/span><span class=\"cf0\">Houthis<\/span><span class=\"cf0\">), que governa o norte do I\u00eamen, atacar\u00e1 navios de qualquer companhia que interaja com portos israelenses, independentemente do destino dos navios e do pa\u00eds a que perten\u00e7am, disse o porta-voz militar <\/span><span class=\"cf0\">Houthi<\/span><span class=\"cf0\">, Brig. General <\/span><span class=\"cf0\">Yahya<\/span> <span class=\"cf0\">Saree<\/span><span class=\"cf0\">.<\/span><\/p>\n<p class=\"pf0\"><span class=\"cf0\">&#8220;As For\u00e7as Armadas do I\u00eamen alertam todas as empresas para que cessem suas rela\u00e7\u00f5es com portos inimigos israelenses a partir do momento em que esta declara\u00e7\u00e3o for anunciada. Caso contr\u00e1rio, seus navios, independentemente de seu destino, ser\u00e3o alvejados em qualquer lugar que possa ser alcan\u00e7ado ou ao alcance de nossos m\u00edsseis e drones&#8221;, disse <\/span><span class=\"cf0\">Saree<\/span><span class=\"cf0\"> em um comunicado.<\/span><\/p>\n<p class=\"pf0\"><span class=\"cf0\">Segundo o porta-voz, essas medidas dos <\/span><span class=\"cf0\">houthis<\/span><span class=\"cf0\"> representam &#8220;a quarta fase do bloqueio naval contra o inimigo&#8221;, tendo como pano de fundo a situa\u00e7\u00e3o na Faixa de Gaza. Ele enfatizou que o movimento atacaria navios independentemente do pa\u00eds a que pertencessem.<\/span><\/p>\n<p class=\"pf0\"><span class=\"cf0\">O movimento <\/span><span class=\"cf0\">Houthi<\/span><span class=\"cf0\">, que controla a maior parte da costa do Mar Vermelho no I\u00eamen, j\u00e1 declarou seu apoio \u00e0 Palestina e sua inten\u00e7\u00e3o de atacar quaisquer navios ligados a Israel, apelando a outros pa\u00edses para que retirem suas tripula\u00e7\u00f5es e n\u00e3o as abordem no mar. O movimento tamb\u00e9m se comprometeu a n\u00e3o interferir na liberdade de navega\u00e7\u00e3o na regi\u00e3o e a n\u00e3o causar danos a navios de outros pa\u00edses. Algumas empresas decidiram suspender a navega\u00e7\u00e3o pelo Mar Vermelho em meio aos ataques.<\/span><\/p>\n<p><!--EndFragment --><\/p>\n","protected":false},"excerpt":{"rendered":"<p>O movimento pol\u00edtico-militar xiita Ansar Allah (Houthis), que governa o norte do I\u00eamen, atacar\u00e1 navios de qualquer companhia que interaja com portos israelenses, independentemente do destino dos navios e do pa\u00eds a que perten\u00e7am, disse o porta-voz militar Houthi, Brig. General Yahya Saree. &#8220;As For\u00e7as Armadas do I\u00eamen alertam todas as empresas para que cessem [&hellip;]<\/p>\n","protected":false},"author":2,"featured_media":359504,"comment_status":"closed","ping_status":"closed","sticky":false,"template":"","format":"standard","meta":{"_acf_changed":false,"footnotes":""},"categories":[159],"tags":[],"class_list":["post-359503","post","type-post","status-publish","format-standard","has-post-thumbnail","hentry","category-apocalipse"],"acf":[],"yoast_head":"<!-- This site is optimized with the Yoast SEO plugin v27.2 - https:\/\/yoast.com\/product\/yoast-seo-wordpress\/ -->\n<title>Houthis decidem atacar navios com destino a Israel - Notibras<\/title>\n<meta name=\"robots\" content=\"index, follow, max-snippet:-1, max-image-preview:large, max-video-preview:-1\" \/>\n<link rel=\"canonical\" href=\"https:\/\/www.notibras.com\/site\/houthis-decidem-atacar-navios-com-destino-a-israel\/\" \/>\n<meta property=\"og:locale\" content=\"pt_BR\" \/>\n<meta property=\"og:type\" content=\"article\" \/>\n<meta property=\"og:title\" content=\"Houthis decidem atacar navios com destino a Israel - Notibras\" \/>\n<meta property=\"og:description\" content=\"O movimento pol\u00edtico-militar xiita Ansar Allah (Houthis), que governa o norte do I\u00eamen, atacar\u00e1 navios de qualquer companhia que interaja com portos israelenses, independentemente do destino dos navios e do pa\u00eds a que perten\u00e7am, disse o porta-voz militar Houthi, Brig. General Yahya Saree. &#8220;As For\u00e7as Armadas do I\u00eamen alertam todas as empresas para que cessem [&hellip;]\" \/>\n<meta property=\"og:url\" content=\"https:\/\/www.notibras.com\/site\/houthis-decidem-atacar-navios-com-destino-a-israel\/\" \/>\n<meta property=\"og:site_name\" content=\"Notibras\" \/>\n<meta property=\"article:publisher\" content=\"https:\/\/www.facebook.com\/notibras\/\" \/>\n<meta property=\"article:published_time\" content=\"2025-07-28T09:16:44+00:00\" \/>\n<meta property=\"og:image\" content=\"https:\/\/www.notibras.com\/site\/wp-content\/uploads\/2025\/07\/1120158042_0_0_3072_1728_1920x0_80_0_0_66ec0e57f1975ccaa9a5d918ad14bf64.jpg.webp\" \/>\n\t<meta property=\"og:image:width\" content=\"1920\" \/>\n\t<meta property=\"og:image:height\" content=\"1080\" \/>\n\t<meta property=\"og:image:type\" content=\"image\/webp\" \/>\n<meta name=\"author\" content=\"Reda\u00e7\u00e3o\" \/>\n<meta name=\"twitter:card\" content=\"summary_large_image\" \/>\n<meta name=\"twitter:creator\" content=\"@Notibras\" \/>\n<meta name=\"twitter:site\" content=\"@Notibras\" \/>\n<meta name=\"twitter:label1\" content=\"Escrito por\" \/>\n\t<meta name=\"twitter:data1\" content=\"Reda\u00e7\u00e3o\" \/>\n\t<meta name=\"twitter:label2\" content=\"Est. tempo de leitura\" \/>\n\t<meta name=\"twitter:data2\" content=\"2 minutos\" \/>\n<script type=\"application\/ld+json\" class=\"yoast-schema-graph\">{\"@context\":\"https:\/\/schema.org\",\"@graph\":[{\"@type\":\"Article\",\"@id\":\"https:\/\/www.notibras.com\/site\/houthis-decidem-atacar-navios-com-destino-a-israel\/#article\",\"isPartOf\":{\"@id\":\"https:\/\/www.notibras.com\/site\/houthis-decidem-atacar-navios-com-destino-a-israel\/\"},\"author\":{\"name\":\"Reda\u00e7\u00e3o\",\"@id\":\"https:\/\/www.notibras.com\/site\/#\/schema\/person\/36ab0979449956132d3e5b517ea76ac8\"},\"headline\":\"Houthis decidem atacar navios com destino a Israel\",\"datePublished\":\"2025-07-28T09:16:44+00:00\",\"mainEntityOfPage\":{\"@id\":\"https:\/\/www.notibras.com\/site\/houthis-decidem-atacar-navios-com-destino-a-israel\/\"},\"wordCount\":258,\"publisher\":{\"@id\":\"https:\/\/www.notibras.com\/site\/#organization\"},\"image\":{\"@id\":\"https:\/\/www.notibras.com\/site\/houthis-decidem-atacar-navios-com-destino-a-israel\/#primaryimage\"},\"thumbnailUrl\":\"https:\/\/www.notibras.com\/site\/wp-content\/uploads\/2025\/07\/1120158042_0_0_3072_1728_1920x0_80_0_0_66ec0e57f1975ccaa9a5d918ad14bf64.jpg.webp\",\"articleSection\":[\"Apocalipse\"],\"inLanguage\":\"pt-BR\"},{\"@type\":\"WebPage\",\"@id\":\"https:\/\/www.notibras.com\/site\/houthis-decidem-atacar-navios-com-destino-a-israel\/\",\"url\":\"https:\/\/www.notibras.com\/site\/houthis-decidem-atacar-navios-com-destino-a-israel\/\",\"name\":\"Houthis decidem atacar navios com destino a Israel - Notibras\",\"isPartOf\":{\"@id\":\"https:\/\/www.notibras.com\/site\/#website\"},\"primaryImageOfPage\":{\"@id\":\"https:\/\/www.notibras.com\/site\/houthis-decidem-atacar-navios-com-destino-a-israel\/#primaryimage\"},\"image\":{\"@id\":\"https:\/\/www.notibras.com\/site\/houthis-decidem-atacar-navios-com-destino-a-israel\/#primaryimage\"},\"thumbnailUrl\":\"https:\/\/www.notibras.com\/site\/wp-content\/uploads\/2025\/07\/1120158042_0_0_3072_1728_1920x0_80_0_0_66ec0e57f1975ccaa9a5d918ad14bf64.jpg.webp\",\"datePublished\":\"2025-07-28T09:16:44+00:00\",\"breadcrumb\":{\"@id\":\"https:\/\/www.notibras.com\/site\/houthis-decidem-atacar-navios-com-destino-a-israel\/#breadcrumb\"},\"inLanguage\":\"pt-BR\",\"potentialAction\":[{\"@type\":\"ReadAction\",\"target\":[\"https:\/\/www.notibras.com\/site\/houthis-decidem-atacar-navios-com-destino-a-israel\/\"]}]},{\"@type\":\"ImageObject\",\"inLanguage\":\"pt-BR\",\"@id\":\"https:\/\/www.notibras.com\/site\/houthis-decidem-atacar-navios-com-destino-a-israel\/#primaryimage\",\"url\":\"https:\/\/www.notibras.com\/site\/wp-content\/uploads\/2025\/07\/1120158042_0_0_3072_1728_1920x0_80_0_0_66ec0e57f1975ccaa9a5d918ad14bf64.jpg.webp\",\"contentUrl\":\"https:\/\/www.notibras.com\/site\/wp-content\/uploads\/2025\/07\/1120158042_0_0_3072_1728_1920x0_80_0_0_66ec0e57f1975ccaa9a5d918ad14bf64.jpg.webp\",\"width\":1920,\"height\":1080},{\"@type\":\"BreadcrumbList\",\"@id\":\"https:\/\/www.notibras.com\/site\/houthis-decidem-atacar-navios-com-destino-a-israel\/#breadcrumb\",\"itemListElement\":[{\"@type\":\"ListItem\",\"position\":1,\"name\":\"In\u00edcio\",\"item\":\"https:\/\/www.notibras.com\/site\/\"},{\"@type\":\"ListItem\",\"position\":2,\"name\":\"Houthis decidem atacar navios com destino a Israel\"}]},{\"@type\":\"WebSite\",\"@id\":\"https:\/\/www.notibras.com\/site\/#website\",\"url\":\"https:\/\/www.notibras.com\/site\/\",\"name\":\"Notibras\",\"description\":\"Not\u00edcias de Bras\u00edlia, do Brasil e do Mundo\",\"publisher\":{\"@id\":\"https:\/\/www.notibras.com\/site\/#organization\"},\"potentialAction\":[{\"@type\":\"SearchAction\",\"target\":{\"@type\":\"EntryPoint\",\"urlTemplate\":\"https:\/\/www.notibras.com\/site\/?s={search_term_string}\"},\"query-input\":{\"@type\":\"PropertyValueSpecification\",\"valueRequired\":true,\"valueName\":\"search_term_string\"}}],\"inLanguage\":\"pt-BR\"},{\"@type\":\"Organization\",\"@id\":\"https:\/\/www.notibras.com\/site\/#organization\",\"name\":\"Grupo Notibras de Comunica\u00e7\u00e3o\",\"url\":\"https:\/\/www.notibras.com\/site\/\",\"logo\":{\"@type\":\"ImageObject\",\"inLanguage\":\"pt-BR\",\"@id\":\"https:\/\/www.notibras.com\/site\/#\/schema\/logo\/image\/\",\"url\":\"https:\/\/www.notibras.com\/site\/wp-content\/uploads\/2023\/01\/notibras23.png\",\"contentUrl\":\"https:\/\/www.notibras.com\/site\/wp-content\/uploads\/2023\/01\/notibras23.png\",\"width\":350,\"height\":87,\"caption\":\"Grupo Notibras de Comunica\u00e7\u00e3o\"},\"image\":{\"@id\":\"https:\/\/www.notibras.com\/site\/#\/schema\/logo\/image\/\"},\"sameAs\":[\"https:\/\/www.facebook.com\/notibras\/\",\"https:\/\/x.com\/Notibras\",\"https:\/\/www.instagram.com\/notibras\/\"]},{\"@type\":\"Person\",\"@id\":\"https:\/\/www.notibras.com\/site\/#\/schema\/person\/36ab0979449956132d3e5b517ea76ac8\",\"name\":\"Reda\u00e7\u00e3o\",\"image\":{\"@type\":\"ImageObject\",\"inLanguage\":\"pt-BR\",\"@id\":\"https:\/\/secure.gravatar.com\/avatar\/e0a867bdedb85fd243eadf09663511f96fc81e0720a4a42581f334ad4303aa6b?s=96&d=mm&r=g\",\"url\":\"https:\/\/secure.gravatar.com\/avatar\/e0a867bdedb85fd243eadf09663511f96fc81e0720a4a42581f334ad4303aa6b?s=96&d=mm&r=g\",\"contentUrl\":\"https:\/\/secure.gravatar.com\/avatar\/e0a867bdedb85fd243eadf09663511f96fc81e0720a4a42581f334ad4303aa6b?s=96&d=mm&r=g\",\"caption\":\"Reda\u00e7\u00e3o\"}}]}<\/script>\n<!-- \/ Yoast SEO plugin. -->","yoast_head_json":{"title":"Houthis decidem atacar navios com destino a Israel - Notibras","robots":{"index":"index","follow":"follow","max-snippet":"max-snippet:-1","max-image-preview":"max-image-preview:large","max-video-preview":"max-video-preview:-1"},"canonical":"https:\/\/www.notibras.com\/site\/houthis-decidem-atacar-navios-com-destino-a-israel\/","og_locale":"pt_BR","og_type":"article","og_title":"Houthis decidem atacar navios com destino a Israel - Notibras","og_description":"O movimento pol\u00edtico-militar xiita Ansar Allah (Houthis), que governa o norte do I\u00eamen, atacar\u00e1 navios de qualquer companhia que interaja com portos israelenses, independentemente do destino dos navios e do pa\u00eds a que perten\u00e7am, disse o porta-voz militar Houthi, Brig. General Yahya Saree. &#8220;As For\u00e7as Armadas do I\u00eamen alertam todas as empresas para que cessem [&hellip;]","og_url":"https:\/\/www.notibras.com\/site\/houthis-decidem-atacar-navios-com-destino-a-israel\/","og_site_name":"Notibras","article_publisher":"https:\/\/www.facebook.com\/notibras\/","article_published_time":"2025-07-28T09:16:44+00:00","og_image":[{"width":1920,"height":1080,"url":"https:\/\/www.notibras.com\/site\/wp-content\/uploads\/2025\/07\/1120158042_0_0_3072_1728_1920x0_80_0_0_66ec0e57f1975ccaa9a5d918ad14bf64.jpg.webp","type":"image\/webp"}],"author":"Reda\u00e7\u00e3o","twitter_card":"summary_large_image","twitter_creator":"@Notibras","twitter_site":"@Notibras","twitter_misc":{"Escrito por":"Reda\u00e7\u00e3o","Est. tempo de leitura":"2 minutos"},"schema":{"@context":"https:\/\/schema.org","@graph":[{"@type":"Article","@id":"https:\/\/www.notibras.com\/site\/houthis-decidem-atacar-navios-com-destino-a-israel\/#article","isPartOf":{"@id":"https:\/\/www.notibras.com\/site\/houthis-decidem-atacar-navios-com-destino-a-israel\/"},"author":{"name":"Reda\u00e7\u00e3o","@id":"https:\/\/www.notibras.com\/site\/#\/schema\/person\/36ab0979449956132d3e5b517ea76ac8"},"headline":"Houthis decidem atacar navios com destino a Israel","datePublished":"2025-07-28T09:16:44+00:00","mainEntityOfPage":{"@id":"https:\/\/www.notibras.com\/site\/houthis-decidem-atacar-navios-com-destino-a-israel\/"},"wordCount":258,"publisher":{"@id":"https:\/\/www.notibras.com\/site\/#organization"},"image":{"@id":"https:\/\/www.notibras.com\/site\/houthis-decidem-atacar-navios-com-destino-a-israel\/#primaryimage"},"thumbnailUrl":"https:\/\/www.notibras.com\/site\/wp-content\/uploads\/2025\/07\/1120158042_0_0_3072_1728_1920x0_80_0_0_66ec0e57f1975ccaa9a5d918ad14bf64.jpg.webp","articleSection":["Apocalipse"],"inLanguage":"pt-BR"},{"@type":"WebPage","@id":"https:\/\/www.notibras.com\/site\/houthis-decidem-atacar-navios-com-destino-a-israel\/","url":"https:\/\/www.notibras.com\/site\/houthis-decidem-atacar-navios-com-destino-a-israel\/","name":"Houthis decidem atacar navios com destino a Israel - Notibras","isPartOf":{"@id":"https:\/\/www.notibras.com\/site\/#website"},"primaryImageOfPage":{"@id":"https:\/\/www.notibras.com\/site\/houthis-decidem-atacar-navios-com-destino-a-israel\/#primaryimage"},"image":{"@id":"https:\/\/www.notibras.com\/site\/houthis-decidem-atacar-navios-com-destino-a-israel\/#primaryimage"},"thumbnailUrl":"https:\/\/www.notibras.com\/site\/wp-content\/uploads\/2025\/07\/1120158042_0_0_3072_1728_1920x0_80_0_0_66ec0e57f1975ccaa9a5d918ad14bf64.jpg.webp","datePublished":"2025-07-28T09:16:44+00:00","breadcrumb":{"@id":"https:\/\/www.notibras.com\/site\/houthis-decidem-atacar-navios-com-destino-a-israel\/#breadcrumb"},"inLanguage":"pt-BR","potentialAction":[{"@type":"ReadAction","target":["https:\/\/www.notibras.com\/site\/houthis-decidem-atacar-navios-com-destino-a-israel\/"]}]},{"@type":"ImageObject","inLanguage":"pt-BR","@id":"https:\/\/www.notibras.com\/site\/houthis-decidem-atacar-navios-com-destino-a-israel\/#primaryimage","url":"https:\/\/www.notibras.com\/site\/wp-content\/uploads\/2025\/07\/1120158042_0_0_3072_1728_1920x0_80_0_0_66ec0e57f1975ccaa9a5d918ad14bf64.jpg.webp","contentUrl":"https:\/\/www.notibras.com\/site\/wp-content\/uploads\/2025\/07\/1120158042_0_0_3072_1728_1920x0_80_0_0_66ec0e57f1975ccaa9a5d918ad14bf64.jpg.webp","width":1920,"height":1080},{"@type":"BreadcrumbList","@id":"https:\/\/www.notibras.com\/site\/houthis-decidem-atacar-navios-com-destino-a-israel\/#breadcrumb","itemListElement":[{"@type":"ListItem","position":1,"name":"In\u00edcio","item":"https:\/\/www.notibras.com\/site\/"},{"@type":"ListItem","position":2,"name":"Houthis decidem atacar navios com destino a Israel"}]},{"@type":"WebSite","@id":"https:\/\/www.notibras.com\/site\/#website","url":"https:\/\/www.notibras.com\/site\/","name":"Notibras","description":"Not\u00edcias de Bras\u00edlia, do Brasil e do Mundo","publisher":{"@id":"https:\/\/www.notibras.com\/site\/#organization"},"potentialAction":[{"@type":"SearchAction","target":{"@type":"EntryPoint","urlTemplate":"https:\/\/www.notibras.com\/site\/?s={search_term_string}"},"query-input":{"@type":"PropertyValueSpecification","valueRequired":true,"valueName":"search_term_string"}}],"inLanguage":"pt-BR"},{"@type":"Organization","@id":"https:\/\/www.notibras.com\/site\/#organization","name":"Grupo Notibras de Comunica\u00e7\u00e3o","url":"https:\/\/www.notibras.com\/site\/","logo":{"@type":"ImageObject","inLanguage":"pt-BR","@id":"https:\/\/www.notibras.com\/site\/#\/schema\/logo\/image\/","url":"https:\/\/www.notibras.com\/site\/wp-content\/uploads\/2023\/01\/notibras23.png","contentUrl":"https:\/\/www.notibras.com\/site\/wp-content\/uploads\/2023\/01\/notibras23.png","width":350,"height":87,"caption":"Grupo Notibras de Comunica\u00e7\u00e3o"},"image":{"@id":"https:\/\/www.notibras.com\/site\/#\/schema\/logo\/image\/"},"sameAs":["https:\/\/www.facebook.com\/notibras\/","https:\/\/x.com\/Notibras","https:\/\/www.instagram.com\/notibras\/"]},{"@type":"Person","@id":"https:\/\/www.notibras.com\/site\/#\/schema\/person\/36ab0979449956132d3e5b517ea76ac8","name":"Reda\u00e7\u00e3o","image":{"@type":"ImageObject","inLanguage":"pt-BR","@id":"https:\/\/secure.gravatar.com\/avatar\/e0a867bdedb85fd243eadf09663511f96fc81e0720a4a42581f334ad4303aa6b?s=96&d=mm&r=g","url":"https:\/\/secure.gravatar.com\/avatar\/e0a867bdedb85fd243eadf09663511f96fc81e0720a4a42581f334ad4303aa6b?s=96&d=mm&r=g","contentUrl":"https:\/\/secure.gravatar.com\/avatar\/e0a867bdedb85fd243eadf09663511f96fc81e0720a4a42581f334ad4303aa6b?s=96&d=mm&r=g","caption":"Reda\u00e7\u00e3o"}}]}},"amp_enabled":true,"_links":{"self":[{"href":"https:\/\/www.notibras.com\/site\/wp-json\/wp\/v2\/posts\/359503","targetHints":{"allow":["GET"]}}],"collection":[{"href":"https:\/\/www.notibras.com\/site\/wp-json\/wp\/v2\/posts"}],"about":[{"href":"https:\/\/www.notibras.com\/site\/wp-json\/wp\/v2\/types\/post"}],"author":[{"embeddable":true,"href":"https:\/\/www.notibras.com\/site\/wp-json\/wp\/v2\/users\/2"}],"replies":[{"embeddable":true,"href":"https:\/\/www.notibras.com\/site\/wp-json\/wp\/v2\/comments?post=359503"}],"version-history":[{"count":1,"href":"https:\/\/www.notibras.com\/site\/wp-json\/wp\/v2\/posts\/359503\/revisions"}],"predecessor-version":[{"id":359505,"href":"https:\/\/www.notibras.com\/site\/wp-json\/wp\/v2\/posts\/359503\/revisions\/359505"}],"wp:featuredmedia":[{"embeddable":true,"href":"https:\/\/www.notibras.com\/site\/wp-json\/wp\/v2\/media\/359504"}],"wp:attachment":[{"href":"https:\/\/www.notibras.com\/site\/wp-json\/wp\/v2\/media?parent=359503"}],"wp:term":[{"taxonomy":"category","embeddable":true,"href":"https:\/\/www.notibras.com\/site\/wp-json\/wp\/v2\/categories?post=359503"},{"taxonomy":"post_tag","embeddable":true,"href":"https:\/\/www.notibras.com\/site\/wp-json\/wp\/v2\/tags?post=359503"}],"curies":[{"name":"wp","href":"https:\/\/api.w.org\/{rel}","templated":true}]}}