{"id":359527,"date":"2025-07-28T07:32:06","date_gmt":"2025-07-28T10:32:06","guid":{"rendered":"https:\/\/www.notibras.com\/site\/?p=359527"},"modified":"2025-07-28T07:32:06","modified_gmt":"2025-07-28T10:32:06","slug":"michelle-bolsonaro-vira-cidada-de-joao-pessoa","status":"publish","type":"post","link":"https:\/\/www.notibras.com\/site\/michelle-bolsonaro-vira-cidada-de-joao-pessoa\/","title":{"rendered":"Michelle Bolsonaro vira cidad\u00e3 de Jo\u00e3o Pessoa"},"content":{"rendered":"<p class=\"v1western\" align=\"justify\">O ato, realizado na C\u00e2mara Municipal de Jo\u00e3o Pessoa, vai ficar para a hist\u00f3ria: foi a entrega da cidadania pessoense \u00e0 ex-primeira-dama do Brasil Michelle Bolsonaro. A solenidade ocorreu durante o evento de inaugura\u00e7\u00e3o da nova sede do Partido Liberal (PL), no bairro Tambauzinho. A honraria foi proposta pela vereadora Eliza Virg\u00ednia (PP).<\/p>\n<p class=\"v1western\" align=\"justify\">&#8220;Eu estou muito honrada e feliz pela C\u00e2mara ter aprovado esse T\u00edtulo para Michelle Bolsonaro. Esse T\u00edtulo, de minha autoria, \u00e9 uma conquista, um presente para todas as mulheres conservadoras do nosso Brasil. As pessoas perguntam por que ela merece esse T\u00edtulo. Ela trouxe o Hospital de Doen\u00e7as Raras, deu visibilidade \u00e0 comunidade surda, que antes era escondida. Aqui, n\u00f3s temos representantes da comunidade surda e das crian\u00e7as com doen\u00e7as raras. Michelle trouxe a P\u00e1tria Volunt\u00e1ria, que era um trabalho que tinha sido esquecido no Brasil&#8221;, justificou a vereadora.<\/p>\n<p class=\"v1western\" align=\"justify\">Eliza ainda fez quest\u00e3o de ressaltar que a homenageada \u00e9 uma pessoa digna e justa. &#8220;A mulher, para ser pol\u00edtica, n\u00e3o precisa ser feminista, n\u00e3o precisa passar por cima do homem, n\u00e3o precisa ser igual ao homem. N\u00f3s somos iguais perante Deus, mas Deus nos fez diferentes, e isso \u00e9 um princ\u00edpio da nossa pol\u00edtica. A mulher conservadora tem suas particularidades, e \u00e9 necess\u00e1rio que isso esteja presente na pol\u00edtica. Como D\u00e9bora, uma ju\u00edza da B\u00edblia que esteve \u00e0 frente de Israel; como Esther, que fez esse papel l\u00e1 na Babil\u00f4nia. Muitas mulheres na B\u00edblia foram reconhecidamente importantes para Israel, e n\u00f3s estamos levando esse legado, com Michelle na frente e a gente atr\u00e1s&#8221;, pregou.<\/p>\n<p class=\"v1western\" align=\"justify\">O vereador F\u00e1bio Lopes (PL) definiu a agraciada como &#8220;nossa eterna primeira-dama&#8221;. &#8220;Essa homenagem \u00e9 para fortalecer o trabalho que ela realizou em todo o Brasil. Quando ela entrou como primeira-dama, ela assumiu a pauta da pol\u00edtica p\u00fablica para crian\u00e7as com doen\u00e7as raras, pessoas com Transtorno do Espectro Autista (TEA), uma causa que era colocada de lado, marginalizada no pa\u00eds. Ela puxou a responsabilidade para si, avocou, reuniu v\u00e1rios minist\u00e9rios, conseguiu muita verba para trabalhar por essas pessoas&#8221;, explicou. O parlamentar ainda revelou que elaborou uma lei criando a semana de conscientiza\u00e7\u00e3o sobre doen\u00e7as raras, cujo nome ser\u00e1 Michelle Bolsonaro.<\/p>\n<p class=\"v1western\" align=\"justify\">Para o vereador M\u00f4 Lima (PP), a homenagem tem um valor especial, j\u00e1 que a ex-primeira-dama e seu esposo foram respons\u00e1veis pela distin\u00e7\u00e3o do seu pai, Pinto do Acordeon, como Patrim\u00f4nio Cultural do Brasil. &#8220;\u00c9 uma honra, de alguma forma, retribuir. Hoje, estou aqui como parlamentar, e tempos atr\u00e1s, a primeira-dama, junto com o presidente Bolsonaro, concederam o t\u00edtulo de Patrim\u00f4nio Cultural a meu pai, Pinto Acordeon. Estou aqui para prestigiar uma amiga, com quem tenho um la\u00e7o de amizade. A primeira-dama \u00e9 uma pessoa atenciosa, de cora\u00e7\u00e3o grande. Gra\u00e7as a Deus recebe esse T\u00edtulo pelos trabalhos realizados aqui na capital, como o acelerador que doou ao Hospital Laureano e a cria\u00e7\u00e3o do Hospital de Doen\u00e7as Raras&#8221;, ressaltou.<\/p>\n<p class=\"v1western\" align=\"justify\">J\u00e1 para o vereador Tarc\u00edsio Jardim (PP), a homenagem \u00e9 uma maneira de reconhecer todo o trabalho que Michelle faz no Brasil. &#8220;Todo mundo sabe que Michelle levanta a bandeira da caridade, da sensibilidade, das pautas sociais. Independente do lado pol\u00edtico que voc\u00ea tem, a gente precisa reconhecer as pessoas que fazem um bom trabalho&#8221;, defendeu.<\/p>\n<p class=\"v1western\" align=\"justify\">&#8220;Agrade\u00e7o por esse T\u00edtulo, recebido das m\u00e3os da minha amada vereadora Eliza Virg\u00ednia. Todo meu trabalho \u00e9 para dar visibilidade \u00e0queles que n\u00e3o t\u00eam voz, \u00e0 minha amada comunidade surda. Todo esse trabalho, essa pauta que arde no meu cora\u00e7\u00e3o, \u00e9 o que move minha trajet\u00f3ria. Mais uma vez, obrigada por essa homenagem&#8221;, agradeceu Michelle Bolsonaro.<\/p>\n","protected":false},"excerpt":{"rendered":"<p>O ato, realizado na C\u00e2mara Municipal de Jo\u00e3o Pessoa, vai ficar para a hist\u00f3ria: foi a entrega da cidadania pessoense \u00e0 ex-primeira-dama do Brasil Michelle Bolsonaro. A solenidade ocorreu durante o evento de inaugura\u00e7\u00e3o da nova sede do Partido Liberal (PL), no bairro Tambauzinho. A honraria foi proposta pela vereadora Eliza Virg\u00ednia (PP). &#8220;Eu estou [&hellip;]<\/p>\n","protected":false},"author":2,"featured_media":359528,"comment_status":"closed","ping_status":"closed","sticky":false,"template":"","format":"standard","meta":{"_acf_changed":false,"footnotes":""},"categories":[165],"tags":[],"class_list":["post-359527","post","type-post","status-publish","format-standard","has-post-thumbnail","hentry","category-nordeste"],"acf":[],"_links":{"self":[{"href":"https:\/\/www.notibras.com\/site\/wp-json\/wp\/v2\/posts\/359527","targetHints":{"allow":["GET"]}}],"collection":[{"href":"https:\/\/www.notibras.com\/site\/wp-json\/wp\/v2\/posts"}],"about":[{"href":"https:\/\/www.notibras.com\/site\/wp-json\/wp\/v2\/types\/post"}],"author":[{"embeddable":true,"href":"https:\/\/www.notibras.com\/site\/wp-json\/wp\/v2\/users\/2"}],"replies":[{"embeddable":true,"href":"https:\/\/www.notibras.com\/site\/wp-json\/wp\/v2\/comments?post=359527"}],"version-history":[{"count":1,"href":"https:\/\/www.notibras.com\/site\/wp-json\/wp\/v2\/posts\/359527\/revisions"}],"predecessor-version":[{"id":359529,"href":"https:\/\/www.notibras.com\/site\/wp-json\/wp\/v2\/posts\/359527\/revisions\/359529"}],"wp:featuredmedia":[{"embeddable":true,"href":"https:\/\/www.notibras.com\/site\/wp-json\/wp\/v2\/media\/359528"}],"wp:attachment":[{"href":"https:\/\/www.notibras.com\/site\/wp-json\/wp\/v2\/media?parent=359527"}],"wp:term":[{"taxonomy":"category","embeddable":true,"href":"https:\/\/www.notibras.com\/site\/wp-json\/wp\/v2\/categories?post=359527"},{"taxonomy":"post_tag","embeddable":true,"href":"https:\/\/www.notibras.com\/site\/wp-json\/wp\/v2\/tags?post=359527"}],"curies":[{"name":"wp","href":"https:\/\/api.w.org\/{rel}","templated":true}]}}