{"id":359530,"date":"2025-07-28T07:10:45","date_gmt":"2025-07-28T10:10:45","guid":{"rendered":"https:\/\/www.notibras.com\/site\/?p=359530"},"modified":"2025-07-28T07:36:38","modified_gmt":"2025-07-28T10:36:38","slug":"seca-no-nordeste-e-um-problema-antigo-que-clama-por-solucoes","status":"publish","type":"post","link":"https:\/\/www.notibras.com\/site\/seca-no-nordeste-e-um-problema-antigo-que-clama-por-solucoes\/","title":{"rendered":"Seca no Nordeste \u00e9 um problema antigo que clama por solu\u00e7\u00f5es"},"content":{"rendered":"<p>O c\u00e9u aberto, o ch\u00e3o rachado, o gado magro e a planta\u00e7\u00e3o est\u00e9ril: essa ainda \u00e9 a paisagem de muitos sert\u00f5es nordestinos. A seca no Nordeste n\u00e3o \u00e9 novidade. H\u00e1 s\u00e9culos, o fen\u00f4meno atinge milh\u00f5es de nordestinos, afetando a agricultura, a economia local e, sobretudo, a dignidade de quem vive da terra. O problema, por\u00e9m, n\u00e3o \u00e9 s\u00f3 a falta de chuva \u2014 \u00e9, principalmente, a aus\u00eancia de pol\u00edticas eficazes e cont\u00ednuas que enfrentem essa realidade com justi\u00e7a e respeito.<\/p>\n<p>As chuvas irregulares e escassas transformam longos per\u00edodos em verdadeiros testes de sobreviv\u00eancia. Munic\u00edpios inteiros enfrentam racionamento de \u00e1gua, caminh\u00f5es-pipa viram salva\u00e7\u00e3o provis\u00f3ria, e o \u00eaxodo rural se torna inevit\u00e1vel para muitas fam\u00edlias. O drama \u00e9 constante: lavouras perdidas, cria\u00e7\u00f5es morrendo e uma popula\u00e7\u00e3o inteira vivendo no limite.<\/p>\n<p>Apesar dos avan\u00e7os tecnol\u00f3gicos, como cisternas e barragens, muitos projetos esbarram na lentid\u00e3o pol\u00edtica, na m\u00e1 gest\u00e3o dos recursos p\u00fablicos e no abandono de comunidades mais isoladas. O Projeto de Integra\u00e7\u00e3o do Rio S\u00e3o Francisco, por exemplo, prometia levar \u00e1gua a milh\u00f5es, mas ainda sofre com atrasos, falta de manuten\u00e7\u00e3o e desigualdade na distribui\u00e7\u00e3o.<\/p>\n<p>A luta contra a seca exige mais do que promessas. Requer investimento em infraestrutura h\u00eddrica sustent\u00e1vel, incentivo \u00e0 agricultura adaptada ao semi\u00e1rido, apoio t\u00e9cnico aos pequenos produtores, preserva\u00e7\u00e3o do meio ambiente e, acima de tudo, escuta ativa \u00e0s comunidades afetadas.<\/p>\n<p>\u00c9 preciso entender que conviver com a seca n\u00e3o \u00e9 aceit\u00e1-la como castigo, mas sim enfrent\u00e1-la com intelig\u00eancia, solidariedade e a\u00e7\u00e3o. O povo nordestino j\u00e1 mostrou sua for\u00e7a in\u00fameras vezes. O que falta \u00e9 vontade pol\u00edtica para transformar essa for\u00e7a em direito garantido: o direito \u00e0 \u00e1gua, \u00e0 produ\u00e7\u00e3o e \u00e0 vida digna.<\/p>\n<p>Enquanto a terra clama por chuva, o sertanejo clama por solu\u00e7\u00f5es. E \u00e9 hora de o Brasil escutar esse clamor.<\/p>\n","protected":false},"excerpt":{"rendered":"<p>O c\u00e9u aberto, o ch\u00e3o rachado, o gado magro e a planta\u00e7\u00e3o est\u00e9ril: essa ainda \u00e9 a paisagem de muitos sert\u00f5es nordestinos. A seca no Nordeste n\u00e3o \u00e9 novidade. H\u00e1 s\u00e9culos, o fen\u00f4meno atinge milh\u00f5es de nordestinos, afetando a agricultura, a economia local e, sobretudo, a dignidade de quem vive da terra. O problema, por\u00e9m, [&hellip;]<\/p>\n","protected":false},"author":2,"featured_media":359531,"comment_status":"closed","ping_status":"closed","sticky":false,"template":"","format":"standard","meta":{"_acf_changed":false,"footnotes":""},"categories":[165],"tags":[],"class_list":["post-359530","post","type-post","status-publish","format-standard","has-post-thumbnail","hentry","category-nordeste"],"acf":[],"_links":{"self":[{"href":"https:\/\/www.notibras.com\/site\/wp-json\/wp\/v2\/posts\/359530","targetHints":{"allow":["GET"]}}],"collection":[{"href":"https:\/\/www.notibras.com\/site\/wp-json\/wp\/v2\/posts"}],"about":[{"href":"https:\/\/www.notibras.com\/site\/wp-json\/wp\/v2\/types\/post"}],"author":[{"embeddable":true,"href":"https:\/\/www.notibras.com\/site\/wp-json\/wp\/v2\/users\/2"}],"replies":[{"embeddable":true,"href":"https:\/\/www.notibras.com\/site\/wp-json\/wp\/v2\/comments?post=359530"}],"version-history":[{"count":1,"href":"https:\/\/www.notibras.com\/site\/wp-json\/wp\/v2\/posts\/359530\/revisions"}],"predecessor-version":[{"id":359532,"href":"https:\/\/www.notibras.com\/site\/wp-json\/wp\/v2\/posts\/359530\/revisions\/359532"}],"wp:featuredmedia":[{"embeddable":true,"href":"https:\/\/www.notibras.com\/site\/wp-json\/wp\/v2\/media\/359531"}],"wp:attachment":[{"href":"https:\/\/www.notibras.com\/site\/wp-json\/wp\/v2\/media?parent=359530"}],"wp:term":[{"taxonomy":"category","embeddable":true,"href":"https:\/\/www.notibras.com\/site\/wp-json\/wp\/v2\/categories?post=359530"},{"taxonomy":"post_tag","embeddable":true,"href":"https:\/\/www.notibras.com\/site\/wp-json\/wp\/v2\/tags?post=359530"}],"curies":[{"name":"wp","href":"https:\/\/api.w.org\/{rel}","templated":true}]}}