{"id":359594,"date":"2025-07-29T00:54:11","date_gmt":"2025-07-29T03:54:11","guid":{"rendered":"https:\/\/www.notibras.com\/site\/?p=359594"},"modified":"2025-07-29T18:48:28","modified_gmt":"2025-07-29T21:48:28","slug":"maranhao-no-brics-abre-a-porta-para-o-futuro","status":"publish","type":"post","link":"https:\/\/www.notibras.com\/site\/maranhao-no-brics-abre-a-porta-para-o-futuro\/","title":{"rendered":"Maranh\u00e3o no Brics abre a porta para o futuro"},"content":{"rendered":"<p>O Maranh\u00e3o aderiu ao programa nacional de inova\u00e7\u00e3o articulado \u00e0 C\u00fapula do BRICS. Parece nota de rodap\u00e9, mas \u00e9 gesto hist\u00f3rico. O estado que carrega as cicatrizes da escravid\u00e3o, do extrativismo e da invisibiliza\u00e7\u00e3o pol\u00edtica, agora se projeta como vetor estrat\u00e9gico de um novo modelo de coopera\u00e7\u00e3o Sul-Sul.<\/p>\n<p>Gilberto Freyre, com todos os seus limites, intu\u00eda que o Nordeste \u00e9 s\u00edntese das tens\u00f5es civilizat\u00f3rias brasileiras. O Maranh\u00e3o \u00e9 tamb\u00e9m terra de Manoel da Concei\u00e7\u00e3o, de luta camponesa, de Tambor de Crioula e de resist\u00eancia po\u00e9tica. Participar do BRICS \u00e9 mais que economia: \u00e9 disputar narrativas. Como diria L\u00e9lia Gonzalez, trata-se de &#8220;inverter o mapa do mundo&#8221;.<\/p>\n<p>A presen\u00e7a maranhense nesse debate mostra que as margens t\u00eam muito a ensinar sobre soberania, futuro e pluralidade.<\/p>\n","protected":false},"excerpt":{"rendered":"<p>O Maranh\u00e3o aderiu ao programa nacional de inova\u00e7\u00e3o articulado \u00e0 C\u00fapula do BRICS. Parece nota de rodap\u00e9, mas \u00e9 gesto hist\u00f3rico. O estado que carrega as cicatrizes da escravid\u00e3o, do extrativismo e da invisibiliza\u00e7\u00e3o pol\u00edtica, agora se projeta como vetor estrat\u00e9gico de um novo modelo de coopera\u00e7\u00e3o Sul-Sul. Gilberto Freyre, com todos os seus limites, [&hellip;]<\/p>\n","protected":false},"author":2,"featured_media":359595,"comment_status":"closed","ping_status":"closed","sticky":false,"template":"","format":"standard","meta":{"_acf_changed":false,"footnotes":""},"categories":[165],"tags":[],"class_list":["post-359594","post","type-post","status-publish","format-standard","has-post-thumbnail","hentry","category-nordeste"],"acf":[],"_links":{"self":[{"href":"https:\/\/www.notibras.com\/site\/wp-json\/wp\/v2\/posts\/359594","targetHints":{"allow":["GET"]}}],"collection":[{"href":"https:\/\/www.notibras.com\/site\/wp-json\/wp\/v2\/posts"}],"about":[{"href":"https:\/\/www.notibras.com\/site\/wp-json\/wp\/v2\/types\/post"}],"author":[{"embeddable":true,"href":"https:\/\/www.notibras.com\/site\/wp-json\/wp\/v2\/users\/2"}],"replies":[{"embeddable":true,"href":"https:\/\/www.notibras.com\/site\/wp-json\/wp\/v2\/comments?post=359594"}],"version-history":[{"count":2,"href":"https:\/\/www.notibras.com\/site\/wp-json\/wp\/v2\/posts\/359594\/revisions"}],"predecessor-version":[{"id":359597,"href":"https:\/\/www.notibras.com\/site\/wp-json\/wp\/v2\/posts\/359594\/revisions\/359597"}],"wp:featuredmedia":[{"embeddable":true,"href":"https:\/\/www.notibras.com\/site\/wp-json\/wp\/v2\/media\/359595"}],"wp:attachment":[{"href":"https:\/\/www.notibras.com\/site\/wp-json\/wp\/v2\/media?parent=359594"}],"wp:term":[{"taxonomy":"category","embeddable":true,"href":"https:\/\/www.notibras.com\/site\/wp-json\/wp\/v2\/categories?post=359594"},{"taxonomy":"post_tag","embeddable":true,"href":"https:\/\/www.notibras.com\/site\/wp-json\/wp\/v2\/tags?post=359594"}],"curies":[{"name":"wp","href":"https:\/\/api.w.org\/{rel}","templated":true}]}}