{"id":35963,"date":"2015-02-04T13:41:41","date_gmt":"2015-02-04T16:41:41","guid":{"rendered":"http:\/\/www.notibras.com\/site\/?p=35963"},"modified":"2015-02-05T09:54:03","modified_gmt":"2015-02-05T12:54:03","slug":"barco-vira-crianca-cai-na-agua-e-e-devorada-por-piranhas-em-rio-do-para","status":"publish","type":"post","link":"https:\/\/www.notibras.com\/site\/barco-vira-crianca-cai-na-agua-e-e-devorada-por-piranhas-em-rio-do-para\/","title":{"rendered":"Barco vira, crian\u00e7a cai na \u00e1gua e \u00e9 devorada por piranhas no Par\u00e1"},"content":{"rendered":"<p class=\"text\">Uma menina de seis anos morreu depois ser devorada por um cardume de piranhas no rio Maicuru, em Monte Alegre, Par\u00e1. A canoa onde estava a menina, outras crian\u00e7as e a av\u00f3 teria virado, mas ela foi a \u00fanica atacada. As informa\u00e7\u00f5es s\u00e3o do Daily Mail.<\/p>\n<p class=\"text\">Segundo a publica\u00e7\u00e3o, a menina estaria passando f\u00e9rias com os av\u00f3s na cidade. Por estar com outras crian\u00e7as no momento do acidente, a av\u00f3 n\u00e3o conseguiu salv\u00e1-la.<\/p>\n<p class=\"text\">Quando a equipe de resgate chegou ao local do acidente, o corpo da menina estava com grande parte devorada.<\/p>\n<blockquote>\n<p class=\"text\">\u201cEu tentei segur\u00e1-la, mas como estava rodeada por outras crian\u00e7as, n\u00e3o consegui alcan\u00e7a-la e ela saiu da minha vista. N\u00e3o consegui mais encontra-la depois que voltamos aos assentos\u201d, contou a av\u00f3.<\/p>\n<\/blockquote>\n<p class=\"text\">O corpo da menina j\u00e1 foi enviado \u00e0 fam\u00edlia para o enterro. A pol\u00edcia investiga o caso, mas acredita que o terr\u00edvel acidente n\u00e3o resulte em qualquer puni\u00e7\u00e3o.<\/p>\n","protected":false},"excerpt":{"rendered":"<p>Uma menina de seis anos morreu depois ser devorada por um cardume de piranhas no rio Maicuru, em Monte Alegre, Par\u00e1. A canoa onde estava a menina, outras crian\u00e7as e a av\u00f3 teria virado, mas ela foi a \u00fanica atacada. As informa\u00e7\u00f5es s\u00e3o do Daily Mail. Segundo a publica\u00e7\u00e3o, a menina estaria passando f\u00e9rias com [&hellip;]<\/p>\n","protected":false},"author":2,"featured_media":35964,"comment_status":"open","ping_status":"closed","sticky":false,"template":"","format":"standard","meta":{"_acf_changed":false,"footnotes":""},"categories":[16],"tags":[],"class_list":["post-35963","post","type-post","status-publish","format-standard","has-post-thumbnail","hentry","category-brasil"],"acf":[],"yoast_head":"<!-- This site is optimized with the Yoast SEO plugin v27.2 - https:\/\/yoast.com\/product\/yoast-seo-wordpress\/ -->\n<title>Barco vira, crian\u00e7a cai na \u00e1gua e \u00e9 devorada por piranhas no Par\u00e1 - Notibras<\/title>\n<meta name=\"robots\" content=\"index, follow, max-snippet:-1, max-image-preview:large, max-video-preview:-1\" \/>\n<link rel=\"canonical\" href=\"https:\/\/www.notibras.com\/site\/barco-vira-crianca-cai-na-agua-e-e-devorada-por-piranhas-em-rio-do-para\/\" \/>\n<meta property=\"og:locale\" content=\"pt_BR\" \/>\n<meta property=\"og:type\" content=\"article\" \/>\n<meta property=\"og:title\" content=\"Barco vira, crian\u00e7a cai na \u00e1gua e \u00e9 devorada por piranhas no Par\u00e1 - Notibras\" \/>\n<meta property=\"og:description\" content=\"Uma menina de seis anos morreu depois ser devorada por um cardume de piranhas no rio Maicuru, em Monte Alegre, Par\u00e1. A canoa onde estava a menina, outras crian\u00e7as e a av\u00f3 teria virado, mas ela foi a \u00fanica atacada. As informa\u00e7\u00f5es s\u00e3o do Daily Mail. Segundo a publica\u00e7\u00e3o, a menina estaria passando f\u00e9rias com [&hellip;]\" \/>\n<meta property=\"og:url\" content=\"https:\/\/www.notibras.com\/site\/barco-vira-crianca-cai-na-agua-e-e-devorada-por-piranhas-em-rio-do-para\/\" \/>\n<meta property=\"og:site_name\" content=\"Notibras\" \/>\n<meta property=\"article:publisher\" content=\"https:\/\/www.facebook.com\/notibras\/\" \/>\n<meta property=\"article:published_time\" content=\"2015-02-04T16:41:41+00:00\" \/>\n<meta property=\"article:modified_time\" content=\"2015-02-05T12:54:03+00:00\" \/>\n<meta property=\"og:image\" content=\"https:\/\/www.notibras.com\/site\/wp-content\/uploads\/2015\/02\/Bombeiros-resgataram-somente-ossada-de-Lucas-detalhe-do-rio-Surubi\u00fa.jpg\" \/>\n\t<meta property=\"og:image:width\" content=\"350\" \/>\n\t<meta property=\"og:image:height\" content=\"245\" \/>\n\t<meta property=\"og:image:type\" content=\"image\/jpeg\" \/>\n<meta name=\"author\" content=\"Reda\u00e7\u00e3o\" \/>\n<meta name=\"twitter:card\" content=\"summary_large_image\" \/>\n<meta name=\"twitter:creator\" content=\"@Notibras\" \/>\n<meta name=\"twitter:site\" content=\"@Notibras\" \/>\n<meta name=\"twitter:label1\" content=\"Escrito por\" \/>\n\t<meta name=\"twitter:data1\" content=\"Reda\u00e7\u00e3o\" \/>\n\t<meta name=\"twitter:label2\" content=\"Est. tempo de leitura\" \/>\n\t<meta name=\"twitter:data2\" content=\"1 minuto\" \/>\n<script type=\"application\/ld+json\" class=\"yoast-schema-graph\">{\"@context\":\"https:\/\/schema.org\",\"@graph\":[{\"@type\":\"Article\",\"@id\":\"https:\/\/www.notibras.com\/site\/barco-vira-crianca-cai-na-agua-e-e-devorada-por-piranhas-em-rio-do-para\/#article\",\"isPartOf\":{\"@id\":\"https:\/\/www.notibras.com\/site\/barco-vira-crianca-cai-na-agua-e-e-devorada-por-piranhas-em-rio-do-para\/\"},\"author\":{\"name\":\"Reda\u00e7\u00e3o\",\"@id\":\"https:\/\/www.notibras.com\/site\/#\/schema\/person\/36ab0979449956132d3e5b517ea76ac8\"},\"headline\":\"Barco vira, crian\u00e7a cai na \u00e1gua e \u00e9 devorada por piranhas no Par\u00e1\",\"datePublished\":\"2015-02-04T16:41:41+00:00\",\"dateModified\":\"2015-02-05T12:54:03+00:00\",\"mainEntityOfPage\":{\"@id\":\"https:\/\/www.notibras.com\/site\/barco-vira-crianca-cai-na-agua-e-e-devorada-por-piranhas-em-rio-do-para\/\"},\"wordCount\":182,\"commentCount\":0,\"publisher\":{\"@id\":\"https:\/\/www.notibras.com\/site\/#organization\"},\"image\":{\"@id\":\"https:\/\/www.notibras.com\/site\/barco-vira-crianca-cai-na-agua-e-e-devorada-por-piranhas-em-rio-do-para\/#primaryimage\"},\"thumbnailUrl\":\"https:\/\/www.notibras.com\/site\/wp-content\/uploads\/2015\/02\/Bombeiros-resgataram-somente-ossada-de-Lucas-detalhe-do-rio-Surubi\u00fa.jpg\",\"articleSection\":[\"Brasil\"],\"inLanguage\":\"pt-BR\",\"potentialAction\":[{\"@type\":\"CommentAction\",\"name\":\"Comment\",\"target\":[\"https:\/\/www.notibras.com\/site\/barco-vira-crianca-cai-na-agua-e-e-devorada-por-piranhas-em-rio-do-para\/#respond\"]}]},{\"@type\":\"WebPage\",\"@id\":\"https:\/\/www.notibras.com\/site\/barco-vira-crianca-cai-na-agua-e-e-devorada-por-piranhas-em-rio-do-para\/\",\"url\":\"https:\/\/www.notibras.com\/site\/barco-vira-crianca-cai-na-agua-e-e-devorada-por-piranhas-em-rio-do-para\/\",\"name\":\"Barco vira, crian\u00e7a cai na \u00e1gua e \u00e9 devorada por piranhas no Par\u00e1 - Notibras\",\"isPartOf\":{\"@id\":\"https:\/\/www.notibras.com\/site\/#website\"},\"primaryImageOfPage\":{\"@id\":\"https:\/\/www.notibras.com\/site\/barco-vira-crianca-cai-na-agua-e-e-devorada-por-piranhas-em-rio-do-para\/#primaryimage\"},\"image\":{\"@id\":\"https:\/\/www.notibras.com\/site\/barco-vira-crianca-cai-na-agua-e-e-devorada-por-piranhas-em-rio-do-para\/#primaryimage\"},\"thumbnailUrl\":\"https:\/\/www.notibras.com\/site\/wp-content\/uploads\/2015\/02\/Bombeiros-resgataram-somente-ossada-de-Lucas-detalhe-do-rio-Surubi\u00fa.jpg\",\"datePublished\":\"2015-02-04T16:41:41+00:00\",\"dateModified\":\"2015-02-05T12:54:03+00:00\",\"breadcrumb\":{\"@id\":\"https:\/\/www.notibras.com\/site\/barco-vira-crianca-cai-na-agua-e-e-devorada-por-piranhas-em-rio-do-para\/#breadcrumb\"},\"inLanguage\":\"pt-BR\",\"potentialAction\":[{\"@type\":\"ReadAction\",\"target\":[\"https:\/\/www.notibras.com\/site\/barco-vira-crianca-cai-na-agua-e-e-devorada-por-piranhas-em-rio-do-para\/\"]}]},{\"@type\":\"ImageObject\",\"inLanguage\":\"pt-BR\",\"@id\":\"https:\/\/www.notibras.com\/site\/barco-vira-crianca-cai-na-agua-e-e-devorada-por-piranhas-em-rio-do-para\/#primaryimage\",\"url\":\"https:\/\/www.notibras.com\/site\/wp-content\/uploads\/2015\/02\/Bombeiros-resgataram-somente-ossada-de-Lucas-detalhe-do-rio-Surubi\u00fa.jpg\",\"contentUrl\":\"https:\/\/www.notibras.com\/site\/wp-content\/uploads\/2015\/02\/Bombeiros-resgataram-somente-ossada-de-Lucas-detalhe-do-rio-Surubi\u00fa.jpg\",\"width\":350,\"height\":245},{\"@type\":\"BreadcrumbList\",\"@id\":\"https:\/\/www.notibras.com\/site\/barco-vira-crianca-cai-na-agua-e-e-devorada-por-piranhas-em-rio-do-para\/#breadcrumb\",\"itemListElement\":[{\"@type\":\"ListItem\",\"position\":1,\"name\":\"In\u00edcio\",\"item\":\"https:\/\/www.notibras.com\/site\/\"},{\"@type\":\"ListItem\",\"position\":2,\"name\":\"Barco vira, crian\u00e7a cai na \u00e1gua e \u00e9 devorada por piranhas no Par\u00e1\"}]},{\"@type\":\"WebSite\",\"@id\":\"https:\/\/www.notibras.com\/site\/#website\",\"url\":\"https:\/\/www.notibras.com\/site\/\",\"name\":\"Notibras\",\"description\":\"Not\u00edcias de Bras\u00edlia, do Brasil e do Mundo\",\"publisher\":{\"@id\":\"https:\/\/www.notibras.com\/site\/#organization\"},\"potentialAction\":[{\"@type\":\"SearchAction\",\"target\":{\"@type\":\"EntryPoint\",\"urlTemplate\":\"https:\/\/www.notibras.com\/site\/?s={search_term_string}\"},\"query-input\":{\"@type\":\"PropertyValueSpecification\",\"valueRequired\":true,\"valueName\":\"search_term_string\"}}],\"inLanguage\":\"pt-BR\"},{\"@type\":\"Organization\",\"@id\":\"https:\/\/www.notibras.com\/site\/#organization\",\"name\":\"Grupo Notibras de Comunica\u00e7\u00e3o\",\"url\":\"https:\/\/www.notibras.com\/site\/\",\"logo\":{\"@type\":\"ImageObject\",\"inLanguage\":\"pt-BR\",\"@id\":\"https:\/\/www.notibras.com\/site\/#\/schema\/logo\/image\/\",\"url\":\"https:\/\/www.notibras.com\/site\/wp-content\/uploads\/2023\/01\/notibras23.png\",\"contentUrl\":\"https:\/\/www.notibras.com\/site\/wp-content\/uploads\/2023\/01\/notibras23.png\",\"width\":350,\"height\":87,\"caption\":\"Grupo Notibras de Comunica\u00e7\u00e3o\"},\"image\":{\"@id\":\"https:\/\/www.notibras.com\/site\/#\/schema\/logo\/image\/\"},\"sameAs\":[\"https:\/\/www.facebook.com\/notibras\/\",\"https:\/\/x.com\/Notibras\",\"https:\/\/www.instagram.com\/notibras\/\"]},{\"@type\":\"Person\",\"@id\":\"https:\/\/www.notibras.com\/site\/#\/schema\/person\/36ab0979449956132d3e5b517ea76ac8\",\"name\":\"Reda\u00e7\u00e3o\",\"image\":{\"@type\":\"ImageObject\",\"inLanguage\":\"pt-BR\",\"@id\":\"https:\/\/secure.gravatar.com\/avatar\/e0a867bdedb85fd243eadf09663511f96fc81e0720a4a42581f334ad4303aa6b?s=96&d=mm&r=g\",\"url\":\"https:\/\/secure.gravatar.com\/avatar\/e0a867bdedb85fd243eadf09663511f96fc81e0720a4a42581f334ad4303aa6b?s=96&d=mm&r=g\",\"contentUrl\":\"https:\/\/secure.gravatar.com\/avatar\/e0a867bdedb85fd243eadf09663511f96fc81e0720a4a42581f334ad4303aa6b?s=96&d=mm&r=g\",\"caption\":\"Reda\u00e7\u00e3o\"}}]}<\/script>\n<!-- \/ Yoast SEO plugin. -->","yoast_head_json":{"title":"Barco vira, crian\u00e7a cai na \u00e1gua e \u00e9 devorada por piranhas no Par\u00e1 - Notibras","robots":{"index":"index","follow":"follow","max-snippet":"max-snippet:-1","max-image-preview":"max-image-preview:large","max-video-preview":"max-video-preview:-1"},"canonical":"https:\/\/www.notibras.com\/site\/barco-vira-crianca-cai-na-agua-e-e-devorada-por-piranhas-em-rio-do-para\/","og_locale":"pt_BR","og_type":"article","og_title":"Barco vira, crian\u00e7a cai na \u00e1gua e \u00e9 devorada por piranhas no Par\u00e1 - Notibras","og_description":"Uma menina de seis anos morreu depois ser devorada por um cardume de piranhas no rio Maicuru, em Monte Alegre, Par\u00e1. A canoa onde estava a menina, outras crian\u00e7as e a av\u00f3 teria virado, mas ela foi a \u00fanica atacada. As informa\u00e7\u00f5es s\u00e3o do Daily Mail. Segundo a publica\u00e7\u00e3o, a menina estaria passando f\u00e9rias com [&hellip;]","og_url":"https:\/\/www.notibras.com\/site\/barco-vira-crianca-cai-na-agua-e-e-devorada-por-piranhas-em-rio-do-para\/","og_site_name":"Notibras","article_publisher":"https:\/\/www.facebook.com\/notibras\/","article_published_time":"2015-02-04T16:41:41+00:00","article_modified_time":"2015-02-05T12:54:03+00:00","og_image":[{"width":350,"height":245,"url":"https:\/\/www.notibras.com\/site\/wp-content\/uploads\/2015\/02\/Bombeiros-resgataram-somente-ossada-de-Lucas-detalhe-do-rio-Surubi\u00fa.jpg","type":"image\/jpeg"}],"author":"Reda\u00e7\u00e3o","twitter_card":"summary_large_image","twitter_creator":"@Notibras","twitter_site":"@Notibras","twitter_misc":{"Escrito por":"Reda\u00e7\u00e3o","Est. tempo de leitura":"1 minuto"},"schema":{"@context":"https:\/\/schema.org","@graph":[{"@type":"Article","@id":"https:\/\/www.notibras.com\/site\/barco-vira-crianca-cai-na-agua-e-e-devorada-por-piranhas-em-rio-do-para\/#article","isPartOf":{"@id":"https:\/\/www.notibras.com\/site\/barco-vira-crianca-cai-na-agua-e-e-devorada-por-piranhas-em-rio-do-para\/"},"author":{"name":"Reda\u00e7\u00e3o","@id":"https:\/\/www.notibras.com\/site\/#\/schema\/person\/36ab0979449956132d3e5b517ea76ac8"},"headline":"Barco vira, crian\u00e7a cai na \u00e1gua e \u00e9 devorada por piranhas no Par\u00e1","datePublished":"2015-02-04T16:41:41+00:00","dateModified":"2015-02-05T12:54:03+00:00","mainEntityOfPage":{"@id":"https:\/\/www.notibras.com\/site\/barco-vira-crianca-cai-na-agua-e-e-devorada-por-piranhas-em-rio-do-para\/"},"wordCount":182,"commentCount":0,"publisher":{"@id":"https:\/\/www.notibras.com\/site\/#organization"},"image":{"@id":"https:\/\/www.notibras.com\/site\/barco-vira-crianca-cai-na-agua-e-e-devorada-por-piranhas-em-rio-do-para\/#primaryimage"},"thumbnailUrl":"https:\/\/www.notibras.com\/site\/wp-content\/uploads\/2015\/02\/Bombeiros-resgataram-somente-ossada-de-Lucas-detalhe-do-rio-Surubi\u00fa.jpg","articleSection":["Brasil"],"inLanguage":"pt-BR","potentialAction":[{"@type":"CommentAction","name":"Comment","target":["https:\/\/www.notibras.com\/site\/barco-vira-crianca-cai-na-agua-e-e-devorada-por-piranhas-em-rio-do-para\/#respond"]}]},{"@type":"WebPage","@id":"https:\/\/www.notibras.com\/site\/barco-vira-crianca-cai-na-agua-e-e-devorada-por-piranhas-em-rio-do-para\/","url":"https:\/\/www.notibras.com\/site\/barco-vira-crianca-cai-na-agua-e-e-devorada-por-piranhas-em-rio-do-para\/","name":"Barco vira, crian\u00e7a cai na \u00e1gua e \u00e9 devorada por piranhas no Par\u00e1 - Notibras","isPartOf":{"@id":"https:\/\/www.notibras.com\/site\/#website"},"primaryImageOfPage":{"@id":"https:\/\/www.notibras.com\/site\/barco-vira-crianca-cai-na-agua-e-e-devorada-por-piranhas-em-rio-do-para\/#primaryimage"},"image":{"@id":"https:\/\/www.notibras.com\/site\/barco-vira-crianca-cai-na-agua-e-e-devorada-por-piranhas-em-rio-do-para\/#primaryimage"},"thumbnailUrl":"https:\/\/www.notibras.com\/site\/wp-content\/uploads\/2015\/02\/Bombeiros-resgataram-somente-ossada-de-Lucas-detalhe-do-rio-Surubi\u00fa.jpg","datePublished":"2015-02-04T16:41:41+00:00","dateModified":"2015-02-05T12:54:03+00:00","breadcrumb":{"@id":"https:\/\/www.notibras.com\/site\/barco-vira-crianca-cai-na-agua-e-e-devorada-por-piranhas-em-rio-do-para\/#breadcrumb"},"inLanguage":"pt-BR","potentialAction":[{"@type":"ReadAction","target":["https:\/\/www.notibras.com\/site\/barco-vira-crianca-cai-na-agua-e-e-devorada-por-piranhas-em-rio-do-para\/"]}]},{"@type":"ImageObject","inLanguage":"pt-BR","@id":"https:\/\/www.notibras.com\/site\/barco-vira-crianca-cai-na-agua-e-e-devorada-por-piranhas-em-rio-do-para\/#primaryimage","url":"https:\/\/www.notibras.com\/site\/wp-content\/uploads\/2015\/02\/Bombeiros-resgataram-somente-ossada-de-Lucas-detalhe-do-rio-Surubi\u00fa.jpg","contentUrl":"https:\/\/www.notibras.com\/site\/wp-content\/uploads\/2015\/02\/Bombeiros-resgataram-somente-ossada-de-Lucas-detalhe-do-rio-Surubi\u00fa.jpg","width":350,"height":245},{"@type":"BreadcrumbList","@id":"https:\/\/www.notibras.com\/site\/barco-vira-crianca-cai-na-agua-e-e-devorada-por-piranhas-em-rio-do-para\/#breadcrumb","itemListElement":[{"@type":"ListItem","position":1,"name":"In\u00edcio","item":"https:\/\/www.notibras.com\/site\/"},{"@type":"ListItem","position":2,"name":"Barco vira, crian\u00e7a cai na \u00e1gua e \u00e9 devorada por piranhas no Par\u00e1"}]},{"@type":"WebSite","@id":"https:\/\/www.notibras.com\/site\/#website","url":"https:\/\/www.notibras.com\/site\/","name":"Notibras","description":"Not\u00edcias de Bras\u00edlia, do Brasil e do Mundo","publisher":{"@id":"https:\/\/www.notibras.com\/site\/#organization"},"potentialAction":[{"@type":"SearchAction","target":{"@type":"EntryPoint","urlTemplate":"https:\/\/www.notibras.com\/site\/?s={search_term_string}"},"query-input":{"@type":"PropertyValueSpecification","valueRequired":true,"valueName":"search_term_string"}}],"inLanguage":"pt-BR"},{"@type":"Organization","@id":"https:\/\/www.notibras.com\/site\/#organization","name":"Grupo Notibras de Comunica\u00e7\u00e3o","url":"https:\/\/www.notibras.com\/site\/","logo":{"@type":"ImageObject","inLanguage":"pt-BR","@id":"https:\/\/www.notibras.com\/site\/#\/schema\/logo\/image\/","url":"https:\/\/www.notibras.com\/site\/wp-content\/uploads\/2023\/01\/notibras23.png","contentUrl":"https:\/\/www.notibras.com\/site\/wp-content\/uploads\/2023\/01\/notibras23.png","width":350,"height":87,"caption":"Grupo Notibras de Comunica\u00e7\u00e3o"},"image":{"@id":"https:\/\/www.notibras.com\/site\/#\/schema\/logo\/image\/"},"sameAs":["https:\/\/www.facebook.com\/notibras\/","https:\/\/x.com\/Notibras","https:\/\/www.instagram.com\/notibras\/"]},{"@type":"Person","@id":"https:\/\/www.notibras.com\/site\/#\/schema\/person\/36ab0979449956132d3e5b517ea76ac8","name":"Reda\u00e7\u00e3o","image":{"@type":"ImageObject","inLanguage":"pt-BR","@id":"https:\/\/secure.gravatar.com\/avatar\/e0a867bdedb85fd243eadf09663511f96fc81e0720a4a42581f334ad4303aa6b?s=96&d=mm&r=g","url":"https:\/\/secure.gravatar.com\/avatar\/e0a867bdedb85fd243eadf09663511f96fc81e0720a4a42581f334ad4303aa6b?s=96&d=mm&r=g","contentUrl":"https:\/\/secure.gravatar.com\/avatar\/e0a867bdedb85fd243eadf09663511f96fc81e0720a4a42581f334ad4303aa6b?s=96&d=mm&r=g","caption":"Reda\u00e7\u00e3o"}}]}},"amp_enabled":true,"_links":{"self":[{"href":"https:\/\/www.notibras.com\/site\/wp-json\/wp\/v2\/posts\/35963","targetHints":{"allow":["GET"]}}],"collection":[{"href":"https:\/\/www.notibras.com\/site\/wp-json\/wp\/v2\/posts"}],"about":[{"href":"https:\/\/www.notibras.com\/site\/wp-json\/wp\/v2\/types\/post"}],"author":[{"embeddable":true,"href":"https:\/\/www.notibras.com\/site\/wp-json\/wp\/v2\/users\/2"}],"replies":[{"embeddable":true,"href":"https:\/\/www.notibras.com\/site\/wp-json\/wp\/v2\/comments?post=35963"}],"version-history":[{"count":0,"href":"https:\/\/www.notibras.com\/site\/wp-json\/wp\/v2\/posts\/35963\/revisions"}],"wp:featuredmedia":[{"embeddable":true,"href":"https:\/\/www.notibras.com\/site\/wp-json\/wp\/v2\/media\/35964"}],"wp:attachment":[{"href":"https:\/\/www.notibras.com\/site\/wp-json\/wp\/v2\/media?parent=35963"}],"wp:term":[{"taxonomy":"category","embeddable":true,"href":"https:\/\/www.notibras.com\/site\/wp-json\/wp\/v2\/categories?post=35963"},{"taxonomy":"post_tag","embeddable":true,"href":"https:\/\/www.notibras.com\/site\/wp-json\/wp\/v2\/tags?post=35963"}],"curies":[{"name":"wp","href":"https:\/\/api.w.org\/{rel}","templated":true}]}}