{"id":359631,"date":"2025-07-29T13:46:59","date_gmt":"2025-07-29T16:46:59","guid":{"rendered":"https:\/\/www.notibras.com\/site\/?p=359631"},"modified":"2025-07-30T08:31:54","modified_gmt":"2025-07-30T11:31:54","slug":"aiatola-avisa-a-trump-se-voltar-leva-chumbo","status":"publish","type":"post","link":"https:\/\/www.notibras.com\/site\/aiatola-avisa-a-trump-se-voltar-leva-chumbo\/","title":{"rendered":"Aiatol\u00e1 avisa a Trump&#8230; se voltar, leva chumbo"},"content":{"rendered":"<p>O programa nuclear de Teer\u00e3 e o enriquecimento de ur\u00e2nio s\u00e3o apenas uma desculpa para os Estados Unidos atacarem o Ir\u00e3, disse o l\u00edder supremo iraniano, aiatol\u00e1 Ali Khamenei, nesta ter\u00e7a-feira, 29.<\/p>\n<p>&#8220;Todas as suas conversas sobre quest\u00f5es nucleares, enriquecimento [de ur\u00e2nio], direitos humanos e coisas do tipo n\u00e3o passam de desculpas. O que os incomoda \u00e9 o fato de a Rep\u00fablica Isl\u00e2mica ser capaz de produzir novas ideias em v\u00e1rios campos da ci\u00eancia e do conhecimento \u2013 seja nas humanidades, nas ci\u00eancias t\u00e9cnicas ou nas ci\u00eancias religiosas&#8221;, disse Khamenei.<\/p>\n<p>O Ir\u00e3 e os EUA realizaram cinco rodadas de negocia\u00e7\u00f5es mediadas por Om\u00e3 sobre o programa nuclear. A sexta rodada estava marcada para 15 de junho, mas o ataque israelense ao Ir\u00e3 e o bombardeio americano de instala\u00e7\u00f5es nucleares iranianas frustraram esses planos.<\/p>\n<p>Autoridades iranianas rejeitam as acusa\u00e7\u00f5es de que o Ir\u00e3 estaria secretamente fabricando uma arma nuclear, enfatizando que Teer\u00e3 est\u00e1 pronto para retomar as negocia\u00e7\u00f5es com Washington sem pr\u00e9-condi\u00e7\u00f5es. Em particular, o Ir\u00e3 se op\u00f5e \u00e0 exig\u00eancia dos EUA de interromper o enriquecimento de ur\u00e2nio.<\/p>\n<p>O porta-voz do Minist\u00e9rio das Rela\u00e7\u00f5es Exteriores iraniano, Esmaeil Baghaei, disse que Teer\u00e3 ainda n\u00e3o tinha planos de manter negocia\u00e7\u00f5es com Washington, argumentando que as condi\u00e7\u00f5es para uma nova rodada de consultas n\u00e3o amadureceram.<\/p>\n<p>O Ir\u00e3 e os pa\u00edses do UE3 \u2014 Fran\u00e7a, Alemanha e Reino Unido \u2014 realizaram negocia\u00e7\u00f5es nucleares em Istambul em 25 de julho pela primeira vez desde o fim da &#8220;guerra dos 12 dias&#8221;. As negocia\u00e7\u00f5es ocorreram em meio \u00e0s amea\u00e7as do UE3 de reimpor san\u00e7\u00f5es a Teer\u00e3 caso um novo acordo nuclear n\u00e3o seja alcan\u00e7ado at\u00e9 o final do ver\u00e3o.<\/p>\n<p>Como medida dissuasiva, o parlamento iraniano elaborou um projeto de lei para retirar a Rep\u00fablica Isl\u00e2mica do Tratado de N\u00e3o Prolifera\u00e7\u00e3o caso o trio europeu reimponha as san\u00e7\u00f5es previstas no acordo nuclear de 2015, que continua formalmente em vigor.<\/p>\n","protected":false},"excerpt":{"rendered":"<p>O programa nuclear de Teer\u00e3 e o enriquecimento de ur\u00e2nio s\u00e3o apenas uma desculpa para os Estados Unidos atacarem o Ir\u00e3, disse o l\u00edder supremo iraniano, aiatol\u00e1 Ali Khamenei, nesta ter\u00e7a-feira, 29. &#8220;Todas as suas conversas sobre quest\u00f5es nucleares, enriquecimento [de ur\u00e2nio], direitos humanos e coisas do tipo n\u00e3o passam de desculpas. O que os [&hellip;]<\/p>\n","protected":false},"author":2,"featured_media":359632,"comment_status":"closed","ping_status":"closed","sticky":false,"template":"","format":"standard","meta":{"_acf_changed":false,"footnotes":""},"categories":[159],"tags":[],"class_list":["post-359631","post","type-post","status-publish","format-standard","has-post-thumbnail","hentry","category-apocalipse"],"acf":[],"yoast_head":"<!-- This site is optimized with the Yoast SEO plugin v27.2 - https:\/\/yoast.com\/product\/yoast-seo-wordpress\/ -->\n<title>Aiatol\u00e1 avisa a Trump... se voltar, leva chumbo - Notibras<\/title>\n<meta name=\"robots\" content=\"index, follow, max-snippet:-1, max-image-preview:large, max-video-preview:-1\" \/>\n<link rel=\"canonical\" href=\"https:\/\/www.notibras.com\/site\/aiatola-avisa-a-trump-se-voltar-leva-chumbo\/\" \/>\n<meta property=\"og:locale\" content=\"pt_BR\" \/>\n<meta property=\"og:type\" content=\"article\" \/>\n<meta property=\"og:title\" content=\"Aiatol\u00e1 avisa a Trump... se voltar, leva chumbo - Notibras\" \/>\n<meta property=\"og:description\" content=\"O programa nuclear de Teer\u00e3 e o enriquecimento de ur\u00e2nio s\u00e3o apenas uma desculpa para os Estados Unidos atacarem o Ir\u00e3, disse o l\u00edder supremo iraniano, aiatol\u00e1 Ali Khamenei, nesta ter\u00e7a-feira, 29. &#8220;Todas as suas conversas sobre quest\u00f5es nucleares, enriquecimento [de ur\u00e2nio], direitos humanos e coisas do tipo n\u00e3o passam de desculpas. O que os [&hellip;]\" \/>\n<meta property=\"og:url\" content=\"https:\/\/www.notibras.com\/site\/aiatola-avisa-a-trump-se-voltar-leva-chumbo\/\" \/>\n<meta property=\"og:site_name\" content=\"Notibras\" \/>\n<meta property=\"article:publisher\" content=\"https:\/\/www.facebook.com\/notibras\/\" \/>\n<meta property=\"article:published_time\" content=\"2025-07-29T16:46:59+00:00\" \/>\n<meta property=\"article:modified_time\" content=\"2025-07-30T11:31:54+00:00\" \/>\n<meta property=\"og:image\" content=\"https:\/\/www.notibras.com\/site\/wp-content\/uploads\/2025\/07\/1121868108_0_0_2003_1128_1920x0_80_0_0_af3ebb624e638c7c99d1dfe4c485ff64.jpg-1.webp\" \/>\n\t<meta property=\"og:image:width\" content=\"1920\" \/>\n\t<meta property=\"og:image:height\" content=\"1081\" \/>\n\t<meta property=\"og:image:type\" content=\"image\/webp\" \/>\n<meta name=\"author\" content=\"Reda\u00e7\u00e3o\" \/>\n<meta name=\"twitter:card\" content=\"summary_large_image\" \/>\n<meta name=\"twitter:creator\" content=\"@Notibras\" \/>\n<meta name=\"twitter:site\" content=\"@Notibras\" \/>\n<meta name=\"twitter:label1\" content=\"Escrito por\" \/>\n\t<meta name=\"twitter:data1\" content=\"Reda\u00e7\u00e3o\" \/>\n\t<meta name=\"twitter:label2\" content=\"Est. tempo de leitura\" \/>\n\t<meta name=\"twitter:data2\" content=\"2 minutos\" \/>\n<script type=\"application\/ld+json\" class=\"yoast-schema-graph\">{\"@context\":\"https:\/\/schema.org\",\"@graph\":[{\"@type\":\"Article\",\"@id\":\"https:\/\/www.notibras.com\/site\/aiatola-avisa-a-trump-se-voltar-leva-chumbo\/#article\",\"isPartOf\":{\"@id\":\"https:\/\/www.notibras.com\/site\/aiatola-avisa-a-trump-se-voltar-leva-chumbo\/\"},\"author\":{\"name\":\"Reda\u00e7\u00e3o\",\"@id\":\"https:\/\/www.notibras.com\/site\/#\/schema\/person\/36ab0979449956132d3e5b517ea76ac8\"},\"headline\":\"Aiatol\u00e1 avisa a Trump&#8230; se voltar, leva chumbo\",\"datePublished\":\"2025-07-29T16:46:59+00:00\",\"dateModified\":\"2025-07-30T11:31:54+00:00\",\"mainEntityOfPage\":{\"@id\":\"https:\/\/www.notibras.com\/site\/aiatola-avisa-a-trump-se-voltar-leva-chumbo\/\"},\"wordCount\":352,\"publisher\":{\"@id\":\"https:\/\/www.notibras.com\/site\/#organization\"},\"image\":{\"@id\":\"https:\/\/www.notibras.com\/site\/aiatola-avisa-a-trump-se-voltar-leva-chumbo\/#primaryimage\"},\"thumbnailUrl\":\"https:\/\/www.notibras.com\/site\/wp-content\/uploads\/2025\/07\/1121868108_0_0_2003_1128_1920x0_80_0_0_af3ebb624e638c7c99d1dfe4c485ff64.jpg-1.webp\",\"articleSection\":[\"Apocalipse\"],\"inLanguage\":\"pt-BR\"},{\"@type\":\"WebPage\",\"@id\":\"https:\/\/www.notibras.com\/site\/aiatola-avisa-a-trump-se-voltar-leva-chumbo\/\",\"url\":\"https:\/\/www.notibras.com\/site\/aiatola-avisa-a-trump-se-voltar-leva-chumbo\/\",\"name\":\"Aiatol\u00e1 avisa a Trump... se voltar, leva chumbo - Notibras\",\"isPartOf\":{\"@id\":\"https:\/\/www.notibras.com\/site\/#website\"},\"primaryImageOfPage\":{\"@id\":\"https:\/\/www.notibras.com\/site\/aiatola-avisa-a-trump-se-voltar-leva-chumbo\/#primaryimage\"},\"image\":{\"@id\":\"https:\/\/www.notibras.com\/site\/aiatola-avisa-a-trump-se-voltar-leva-chumbo\/#primaryimage\"},\"thumbnailUrl\":\"https:\/\/www.notibras.com\/site\/wp-content\/uploads\/2025\/07\/1121868108_0_0_2003_1128_1920x0_80_0_0_af3ebb624e638c7c99d1dfe4c485ff64.jpg-1.webp\",\"datePublished\":\"2025-07-29T16:46:59+00:00\",\"dateModified\":\"2025-07-30T11:31:54+00:00\",\"breadcrumb\":{\"@id\":\"https:\/\/www.notibras.com\/site\/aiatola-avisa-a-trump-se-voltar-leva-chumbo\/#breadcrumb\"},\"inLanguage\":\"pt-BR\",\"potentialAction\":[{\"@type\":\"ReadAction\",\"target\":[\"https:\/\/www.notibras.com\/site\/aiatola-avisa-a-trump-se-voltar-leva-chumbo\/\"]}]},{\"@type\":\"ImageObject\",\"inLanguage\":\"pt-BR\",\"@id\":\"https:\/\/www.notibras.com\/site\/aiatola-avisa-a-trump-se-voltar-leva-chumbo\/#primaryimage\",\"url\":\"https:\/\/www.notibras.com\/site\/wp-content\/uploads\/2025\/07\/1121868108_0_0_2003_1128_1920x0_80_0_0_af3ebb624e638c7c99d1dfe4c485ff64.jpg-1.webp\",\"contentUrl\":\"https:\/\/www.notibras.com\/site\/wp-content\/uploads\/2025\/07\/1121868108_0_0_2003_1128_1920x0_80_0_0_af3ebb624e638c7c99d1dfe4c485ff64.jpg-1.webp\",\"width\":1920,\"height\":1081},{\"@type\":\"BreadcrumbList\",\"@id\":\"https:\/\/www.notibras.com\/site\/aiatola-avisa-a-trump-se-voltar-leva-chumbo\/#breadcrumb\",\"itemListElement\":[{\"@type\":\"ListItem\",\"position\":1,\"name\":\"In\u00edcio\",\"item\":\"https:\/\/www.notibras.com\/site\/\"},{\"@type\":\"ListItem\",\"position\":2,\"name\":\"Aiatol\u00e1 avisa a Trump&#8230; se voltar, leva chumbo\"}]},{\"@type\":\"WebSite\",\"@id\":\"https:\/\/www.notibras.com\/site\/#website\",\"url\":\"https:\/\/www.notibras.com\/site\/\",\"name\":\"Notibras\",\"description\":\"Not\u00edcias de Bras\u00edlia, do Brasil e do Mundo\",\"publisher\":{\"@id\":\"https:\/\/www.notibras.com\/site\/#organization\"},\"potentialAction\":[{\"@type\":\"SearchAction\",\"target\":{\"@type\":\"EntryPoint\",\"urlTemplate\":\"https:\/\/www.notibras.com\/site\/?s={search_term_string}\"},\"query-input\":{\"@type\":\"PropertyValueSpecification\",\"valueRequired\":true,\"valueName\":\"search_term_string\"}}],\"inLanguage\":\"pt-BR\"},{\"@type\":\"Organization\",\"@id\":\"https:\/\/www.notibras.com\/site\/#organization\",\"name\":\"Grupo Notibras de Comunica\u00e7\u00e3o\",\"url\":\"https:\/\/www.notibras.com\/site\/\",\"logo\":{\"@type\":\"ImageObject\",\"inLanguage\":\"pt-BR\",\"@id\":\"https:\/\/www.notibras.com\/site\/#\/schema\/logo\/image\/\",\"url\":\"https:\/\/www.notibras.com\/site\/wp-content\/uploads\/2023\/01\/notibras23.png\",\"contentUrl\":\"https:\/\/www.notibras.com\/site\/wp-content\/uploads\/2023\/01\/notibras23.png\",\"width\":350,\"height\":87,\"caption\":\"Grupo Notibras de Comunica\u00e7\u00e3o\"},\"image\":{\"@id\":\"https:\/\/www.notibras.com\/site\/#\/schema\/logo\/image\/\"},\"sameAs\":[\"https:\/\/www.facebook.com\/notibras\/\",\"https:\/\/x.com\/Notibras\",\"https:\/\/www.instagram.com\/notibras\/\"]},{\"@type\":\"Person\",\"@id\":\"https:\/\/www.notibras.com\/site\/#\/schema\/person\/36ab0979449956132d3e5b517ea76ac8\",\"name\":\"Reda\u00e7\u00e3o\",\"image\":{\"@type\":\"ImageObject\",\"inLanguage\":\"pt-BR\",\"@id\":\"https:\/\/secure.gravatar.com\/avatar\/e0a867bdedb85fd243eadf09663511f96fc81e0720a4a42581f334ad4303aa6b?s=96&d=mm&r=g\",\"url\":\"https:\/\/secure.gravatar.com\/avatar\/e0a867bdedb85fd243eadf09663511f96fc81e0720a4a42581f334ad4303aa6b?s=96&d=mm&r=g\",\"contentUrl\":\"https:\/\/secure.gravatar.com\/avatar\/e0a867bdedb85fd243eadf09663511f96fc81e0720a4a42581f334ad4303aa6b?s=96&d=mm&r=g\",\"caption\":\"Reda\u00e7\u00e3o\"}}]}<\/script>\n<!-- \/ Yoast SEO plugin. -->","yoast_head_json":{"title":"Aiatol\u00e1 avisa a Trump... se voltar, leva chumbo - Notibras","robots":{"index":"index","follow":"follow","max-snippet":"max-snippet:-1","max-image-preview":"max-image-preview:large","max-video-preview":"max-video-preview:-1"},"canonical":"https:\/\/www.notibras.com\/site\/aiatola-avisa-a-trump-se-voltar-leva-chumbo\/","og_locale":"pt_BR","og_type":"article","og_title":"Aiatol\u00e1 avisa a Trump... se voltar, leva chumbo - Notibras","og_description":"O programa nuclear de Teer\u00e3 e o enriquecimento de ur\u00e2nio s\u00e3o apenas uma desculpa para os Estados Unidos atacarem o Ir\u00e3, disse o l\u00edder supremo iraniano, aiatol\u00e1 Ali Khamenei, nesta ter\u00e7a-feira, 29. &#8220;Todas as suas conversas sobre quest\u00f5es nucleares, enriquecimento [de ur\u00e2nio], direitos humanos e coisas do tipo n\u00e3o passam de desculpas. O que os [&hellip;]","og_url":"https:\/\/www.notibras.com\/site\/aiatola-avisa-a-trump-se-voltar-leva-chumbo\/","og_site_name":"Notibras","article_publisher":"https:\/\/www.facebook.com\/notibras\/","article_published_time":"2025-07-29T16:46:59+00:00","article_modified_time":"2025-07-30T11:31:54+00:00","og_image":[{"width":1920,"height":1081,"url":"https:\/\/www.notibras.com\/site\/wp-content\/uploads\/2025\/07\/1121868108_0_0_2003_1128_1920x0_80_0_0_af3ebb624e638c7c99d1dfe4c485ff64.jpg-1.webp","type":"image\/webp"}],"author":"Reda\u00e7\u00e3o","twitter_card":"summary_large_image","twitter_creator":"@Notibras","twitter_site":"@Notibras","twitter_misc":{"Escrito por":"Reda\u00e7\u00e3o","Est. tempo de leitura":"2 minutos"},"schema":{"@context":"https:\/\/schema.org","@graph":[{"@type":"Article","@id":"https:\/\/www.notibras.com\/site\/aiatola-avisa-a-trump-se-voltar-leva-chumbo\/#article","isPartOf":{"@id":"https:\/\/www.notibras.com\/site\/aiatola-avisa-a-trump-se-voltar-leva-chumbo\/"},"author":{"name":"Reda\u00e7\u00e3o","@id":"https:\/\/www.notibras.com\/site\/#\/schema\/person\/36ab0979449956132d3e5b517ea76ac8"},"headline":"Aiatol\u00e1 avisa a Trump&#8230; se voltar, leva chumbo","datePublished":"2025-07-29T16:46:59+00:00","dateModified":"2025-07-30T11:31:54+00:00","mainEntityOfPage":{"@id":"https:\/\/www.notibras.com\/site\/aiatola-avisa-a-trump-se-voltar-leva-chumbo\/"},"wordCount":352,"publisher":{"@id":"https:\/\/www.notibras.com\/site\/#organization"},"image":{"@id":"https:\/\/www.notibras.com\/site\/aiatola-avisa-a-trump-se-voltar-leva-chumbo\/#primaryimage"},"thumbnailUrl":"https:\/\/www.notibras.com\/site\/wp-content\/uploads\/2025\/07\/1121868108_0_0_2003_1128_1920x0_80_0_0_af3ebb624e638c7c99d1dfe4c485ff64.jpg-1.webp","articleSection":["Apocalipse"],"inLanguage":"pt-BR"},{"@type":"WebPage","@id":"https:\/\/www.notibras.com\/site\/aiatola-avisa-a-trump-se-voltar-leva-chumbo\/","url":"https:\/\/www.notibras.com\/site\/aiatola-avisa-a-trump-se-voltar-leva-chumbo\/","name":"Aiatol\u00e1 avisa a Trump... se voltar, leva chumbo - Notibras","isPartOf":{"@id":"https:\/\/www.notibras.com\/site\/#website"},"primaryImageOfPage":{"@id":"https:\/\/www.notibras.com\/site\/aiatola-avisa-a-trump-se-voltar-leva-chumbo\/#primaryimage"},"image":{"@id":"https:\/\/www.notibras.com\/site\/aiatola-avisa-a-trump-se-voltar-leva-chumbo\/#primaryimage"},"thumbnailUrl":"https:\/\/www.notibras.com\/site\/wp-content\/uploads\/2025\/07\/1121868108_0_0_2003_1128_1920x0_80_0_0_af3ebb624e638c7c99d1dfe4c485ff64.jpg-1.webp","datePublished":"2025-07-29T16:46:59+00:00","dateModified":"2025-07-30T11:31:54+00:00","breadcrumb":{"@id":"https:\/\/www.notibras.com\/site\/aiatola-avisa-a-trump-se-voltar-leva-chumbo\/#breadcrumb"},"inLanguage":"pt-BR","potentialAction":[{"@type":"ReadAction","target":["https:\/\/www.notibras.com\/site\/aiatola-avisa-a-trump-se-voltar-leva-chumbo\/"]}]},{"@type":"ImageObject","inLanguage":"pt-BR","@id":"https:\/\/www.notibras.com\/site\/aiatola-avisa-a-trump-se-voltar-leva-chumbo\/#primaryimage","url":"https:\/\/www.notibras.com\/site\/wp-content\/uploads\/2025\/07\/1121868108_0_0_2003_1128_1920x0_80_0_0_af3ebb624e638c7c99d1dfe4c485ff64.jpg-1.webp","contentUrl":"https:\/\/www.notibras.com\/site\/wp-content\/uploads\/2025\/07\/1121868108_0_0_2003_1128_1920x0_80_0_0_af3ebb624e638c7c99d1dfe4c485ff64.jpg-1.webp","width":1920,"height":1081},{"@type":"BreadcrumbList","@id":"https:\/\/www.notibras.com\/site\/aiatola-avisa-a-trump-se-voltar-leva-chumbo\/#breadcrumb","itemListElement":[{"@type":"ListItem","position":1,"name":"In\u00edcio","item":"https:\/\/www.notibras.com\/site\/"},{"@type":"ListItem","position":2,"name":"Aiatol\u00e1 avisa a Trump&#8230; se voltar, leva chumbo"}]},{"@type":"WebSite","@id":"https:\/\/www.notibras.com\/site\/#website","url":"https:\/\/www.notibras.com\/site\/","name":"Notibras","description":"Not\u00edcias de Bras\u00edlia, do Brasil e do Mundo","publisher":{"@id":"https:\/\/www.notibras.com\/site\/#organization"},"potentialAction":[{"@type":"SearchAction","target":{"@type":"EntryPoint","urlTemplate":"https:\/\/www.notibras.com\/site\/?s={search_term_string}"},"query-input":{"@type":"PropertyValueSpecification","valueRequired":true,"valueName":"search_term_string"}}],"inLanguage":"pt-BR"},{"@type":"Organization","@id":"https:\/\/www.notibras.com\/site\/#organization","name":"Grupo Notibras de Comunica\u00e7\u00e3o","url":"https:\/\/www.notibras.com\/site\/","logo":{"@type":"ImageObject","inLanguage":"pt-BR","@id":"https:\/\/www.notibras.com\/site\/#\/schema\/logo\/image\/","url":"https:\/\/www.notibras.com\/site\/wp-content\/uploads\/2023\/01\/notibras23.png","contentUrl":"https:\/\/www.notibras.com\/site\/wp-content\/uploads\/2023\/01\/notibras23.png","width":350,"height":87,"caption":"Grupo Notibras de Comunica\u00e7\u00e3o"},"image":{"@id":"https:\/\/www.notibras.com\/site\/#\/schema\/logo\/image\/"},"sameAs":["https:\/\/www.facebook.com\/notibras\/","https:\/\/x.com\/Notibras","https:\/\/www.instagram.com\/notibras\/"]},{"@type":"Person","@id":"https:\/\/www.notibras.com\/site\/#\/schema\/person\/36ab0979449956132d3e5b517ea76ac8","name":"Reda\u00e7\u00e3o","image":{"@type":"ImageObject","inLanguage":"pt-BR","@id":"https:\/\/secure.gravatar.com\/avatar\/e0a867bdedb85fd243eadf09663511f96fc81e0720a4a42581f334ad4303aa6b?s=96&d=mm&r=g","url":"https:\/\/secure.gravatar.com\/avatar\/e0a867bdedb85fd243eadf09663511f96fc81e0720a4a42581f334ad4303aa6b?s=96&d=mm&r=g","contentUrl":"https:\/\/secure.gravatar.com\/avatar\/e0a867bdedb85fd243eadf09663511f96fc81e0720a4a42581f334ad4303aa6b?s=96&d=mm&r=g","caption":"Reda\u00e7\u00e3o"}}]}},"amp_enabled":true,"_links":{"self":[{"href":"https:\/\/www.notibras.com\/site\/wp-json\/wp\/v2\/posts\/359631","targetHints":{"allow":["GET"]}}],"collection":[{"href":"https:\/\/www.notibras.com\/site\/wp-json\/wp\/v2\/posts"}],"about":[{"href":"https:\/\/www.notibras.com\/site\/wp-json\/wp\/v2\/types\/post"}],"author":[{"embeddable":true,"href":"https:\/\/www.notibras.com\/site\/wp-json\/wp\/v2\/users\/2"}],"replies":[{"embeddable":true,"href":"https:\/\/www.notibras.com\/site\/wp-json\/wp\/v2\/comments?post=359631"}],"version-history":[{"count":1,"href":"https:\/\/www.notibras.com\/site\/wp-json\/wp\/v2\/posts\/359631\/revisions"}],"predecessor-version":[{"id":359633,"href":"https:\/\/www.notibras.com\/site\/wp-json\/wp\/v2\/posts\/359631\/revisions\/359633"}],"wp:featuredmedia":[{"embeddable":true,"href":"https:\/\/www.notibras.com\/site\/wp-json\/wp\/v2\/media\/359632"}],"wp:attachment":[{"href":"https:\/\/www.notibras.com\/site\/wp-json\/wp\/v2\/media?parent=359631"}],"wp:term":[{"taxonomy":"category","embeddable":true,"href":"https:\/\/www.notibras.com\/site\/wp-json\/wp\/v2\/categories?post=359631"},{"taxonomy":"post_tag","embeddable":true,"href":"https:\/\/www.notibras.com\/site\/wp-json\/wp\/v2\/tags?post=359631"}],"curies":[{"name":"wp","href":"https:\/\/api.w.org\/{rel}","templated":true}]}}