{"id":359672,"date":"2025-07-30T03:23:10","date_gmt":"2025-07-30T06:23:10","guid":{"rendered":"https:\/\/www.notibras.com\/site\/?p=359672"},"modified":"2025-07-30T03:23:10","modified_gmt":"2025-07-30T06:23:10","slug":"nordeste-a-regiao-onde-se-vive-com-intensidade","status":"publish","type":"post","link":"https:\/\/www.notibras.com\/site\/nordeste-a-regiao-onde-se-vive-com-intensidade\/","title":{"rendered":"Nordeste, a regi\u00e3o onde se vive com intensidade"},"content":{"rendered":"<p>Sol escaldante, praias de tirar o f\u00f4lego, sert\u00f5es de resist\u00eancia e cora\u00e7\u00f5es repletos de esperan\u00e7a. O Nordeste brasileiro n\u00e3o \u00e9 apenas um lugar para visitar \u2014 \u00e9 um territ\u00f3rio para se viver com intensidade, emo\u00e7\u00e3o e orgulho.<\/p>\n<p>Viver no Nordeste \u00e9 sentir o tempo correr diferente. Do vaiv\u00e9m das redes nas varandas ao som dos sanfoneiros nas feiras e pra\u00e7as, cada dia \u00e9 uma celebra\u00e7\u00e3o da vida. Aqui, a rotina \u00e9 marcada pelos sabores fortes, pelas cores vivas e pelo acolhimento que se sente no primeiro \u201coxente\u201d.<\/p>\n<p>Seja no litoral, com suas praias cristalinas e vilas de pescadores, ou no sert\u00e3o, onde o c\u00e9u parece maior e a f\u00e9 \u00e9 resist\u00eancia, o Nordeste pulsa de forma intensa.<\/p>\n<p>A riqueza cultural nordestina \u00e9 um espet\u00e1culo \u00e0 parte. Festas como o S\u00e3o Jo\u00e3o, o Carnaval de Olinda, a Lavagem do Bonfim e os maracatus embalam multid\u00f5es e mant\u00eam vivas as tradi\u00e7\u00f5es herdadas de ind\u00edgenas, africanos e europeus. Viver aqui \u00e9 conviver com arte, m\u00fasica, dan\u00e7a e literatura todos os dias \u2014 de cord\u00e9is aos repentistas, de Luiz Gonzaga a Chico C\u00e9sar.<\/p>\n<p>A culin\u00e1ria nordestina \u00e9 um convite aos sentidos. Um prato de bai\u00e3o de dois, uma tapioca recheada, carne de sol com macaxeira ou um simples cuscuz com caf\u00e9 fazem parte da identidade de um povo que transforma ingredientes simples em experi\u00eancias inesquec\u00edveis.<\/p>\n<p>A intensidade nordestina tamb\u00e9m est\u00e1 no jeito de ser. O povo do Nordeste \u00e9 resiliente, solid\u00e1rio e afetuoso. Enfrenta secas, desigualdades e preconceitos com cabe\u00e7a erguida, f\u00e9 no futuro e muito orgulho de suas ra\u00edzes.<\/p>\n<p>Viver no Nordeste \u00e9 aprender com a natureza, com a cultura e com o povo. \u00c9 entender que a beleza pode estar no simples, que a for\u00e7a vem da comunidade, e que viver intensamente n\u00e3o \u00e9 ter muito, mas sentir muito.<\/p>\n<p>O Nordeste \u00e9 isso: um lugar para sentir na pele, no cora\u00e7\u00e3o e na alma. Um peda\u00e7o do Brasil onde se vive com verdade, com cor, com coragem \u2014 e acima de tudo, com intensidade.<\/p>\n","protected":false},"excerpt":{"rendered":"<p>Sol escaldante, praias de tirar o f\u00f4lego, sert\u00f5es de resist\u00eancia e cora\u00e7\u00f5es repletos de esperan\u00e7a. O Nordeste brasileiro n\u00e3o \u00e9 apenas um lugar para visitar \u2014 \u00e9 um territ\u00f3rio para se viver com intensidade, emo\u00e7\u00e3o e orgulho. Viver no Nordeste \u00e9 sentir o tempo correr diferente. Do vaiv\u00e9m das redes nas varandas ao som dos [&hellip;]<\/p>\n","protected":false},"author":2,"featured_media":359673,"comment_status":"closed","ping_status":"closed","sticky":false,"template":"","format":"standard","meta":{"_acf_changed":false,"footnotes":""},"categories":[165],"tags":[],"class_list":["post-359672","post","type-post","status-publish","format-standard","has-post-thumbnail","hentry","category-nordeste"],"acf":[],"_links":{"self":[{"href":"https:\/\/www.notibras.com\/site\/wp-json\/wp\/v2\/posts\/359672","targetHints":{"allow":["GET"]}}],"collection":[{"href":"https:\/\/www.notibras.com\/site\/wp-json\/wp\/v2\/posts"}],"about":[{"href":"https:\/\/www.notibras.com\/site\/wp-json\/wp\/v2\/types\/post"}],"author":[{"embeddable":true,"href":"https:\/\/www.notibras.com\/site\/wp-json\/wp\/v2\/users\/2"}],"replies":[{"embeddable":true,"href":"https:\/\/www.notibras.com\/site\/wp-json\/wp\/v2\/comments?post=359672"}],"version-history":[{"count":1,"href":"https:\/\/www.notibras.com\/site\/wp-json\/wp\/v2\/posts\/359672\/revisions"}],"predecessor-version":[{"id":359674,"href":"https:\/\/www.notibras.com\/site\/wp-json\/wp\/v2\/posts\/359672\/revisions\/359674"}],"wp:featuredmedia":[{"embeddable":true,"href":"https:\/\/www.notibras.com\/site\/wp-json\/wp\/v2\/media\/359673"}],"wp:attachment":[{"href":"https:\/\/www.notibras.com\/site\/wp-json\/wp\/v2\/media?parent=359672"}],"wp:term":[{"taxonomy":"category","embeddable":true,"href":"https:\/\/www.notibras.com\/site\/wp-json\/wp\/v2\/categories?post=359672"},{"taxonomy":"post_tag","embeddable":true,"href":"https:\/\/www.notibras.com\/site\/wp-json\/wp\/v2\/tags?post=359672"}],"curies":[{"name":"wp","href":"https:\/\/api.w.org\/{rel}","templated":true}]}}