{"id":359689,"date":"2025-07-31T02:00:54","date_gmt":"2025-07-31T05:00:54","guid":{"rendered":"https:\/\/www.notibras.com\/site\/?p=359689"},"modified":"2025-07-31T02:00:54","modified_gmt":"2025-07-31T05:00:54","slug":"laerte-nao-sabia-como-e-que-aquele-livro-teria-parado-em-suas-maoslaerte-precisou-ler-a-dedicatoria-para-se-lembrar-de-como-e-que-aquele-exemplar-teria-parado-em-suas-maos","status":"publish","type":"post","link":"https:\/\/www.notibras.com\/site\/laerte-nao-sabia-como-e-que-aquele-livro-teria-parado-em-suas-maoslaerte-precisou-ler-a-dedicatoria-para-se-lembrar-de-como-e-que-aquele-exemplar-teria-parado-em-suas-maos\/","title":{"rendered":"Laerte n\u00e3o sabia como \u00e9 que aquele livro teria parado em suas m\u00e3os"},"content":{"rendered":"<p>Laerte, pr\u00f3ximo a se aposentar, sentia uma ang\u00fastia de n\u00e3o saber o que faria com o tempo livre, que logo chegaria. Desde sempre trabalhara, seja ainda adolescente no pequeno com\u00e9rcio da fam\u00edlia, seja depois em m\u00faltiplos empregos at\u00e9 que, por indica\u00e7\u00e3o de um tio-torto, se tornou auxiliar administrativo de uma importante empresa do ramo de latic\u00ednios. E, quase quarenta anos ap\u00f3s, gozava de uma posi\u00e7\u00e3o privilegiada para quem nem era parente dos donos.<\/p>\n<p>Gerente. Pois \u00e9. O sujeito era gerente do setor de exporta\u00e7\u00f5es, o que lhe permitia viver confortavelmente, ainda mais porque n\u00e3o casou, n\u00e3o teve filhos e as despesas n\u00e3o iam al\u00e9m das que algu\u00e9m de 64 anos necessitava. \u00c9 verdade que era apreciador de vinhos finos, al\u00e9m de s\u00f3 tomar caf\u00e9 gourmet. Tais mimos, entretanto, nem chegavam a pesar no or\u00e7amento.<\/p>\n<p>Poderia segurar as derradeiras f\u00e9rias e, assim, receber uma boa quantia quando se aposentasse. Entretanto, Laerte decidiu que precisava aprender a ficar sem fazer nada. N\u00e3o necessariamente nada, pois poderia viajar, conhecer lugares que nunca havia visto al\u00e9m da tela da televis\u00e3o. Jo\u00e3o Pessoa? Salvador? Paris? N\u00e3o poderia faltar o Rio de Janeiro. Sim, a cidade mais linda do mundo, das praias estonteantes, do carnaval que n\u00e3o deixa ningu\u00e9m parado.<\/p>\n<p>O primeiro dia, resolveu passar em casa. Pegou um livro de poesias h\u00e1 muito adiado. <em>A verdade nos seres<\/em>. O autor era um tal Daniel Marchi, cuja foto de orelha mostrava um homem compenetrado. O que o poeta estaria pensando? O pref\u00e1cio era assinado por outro tal de nome Jorge Lenzi, tamb\u00e9m poeta.<\/p>\n<p>Laerte precisou ler a dedicat\u00f3ria para se lembrar de como \u00e9 que aquele exemplar teria parado em suas m\u00e3os.<\/p>\n<p style=\"text-align: center;\"><em>Querido Laerte,<\/em><\/p>\n<p style=\"text-align: center;\"><em>Espero que voc\u00ea encontre nestas p\u00e1ginas n\u00e3o o sentido da vida,<\/em><\/p>\n<p style=\"text-align: center;\"><em>mas algo que o fa\u00e7a sorrir, mesmo que em desespero.<\/em><\/p>\n<p style=\"text-align: center;\"><em>Com carinho,<\/em><\/p>\n<p style=\"text-align: center;\"><em>\u00a0 \u00a0 \u00a0 \u00a0 \u00a0 \u00a0 \u00a0 \u00a0 \u00a0 \u00a0 \u00a0 \u00a0 \u00a0 \u00a0 \u00a0 \u00a0 \u00a0 \u00a0 \u00a0 \u00a0 \u00a0 \u00a0 \u00a0Juliana\u00a0 \u00a0 \u00a0 \u00a0 \u00a0 \u00a0Setembro\/2024.<\/em><\/p>\n<p>Passou a manh\u00e3 degustando as poesias, entre pausas longas para reflex\u00e3o e sorver duas ou tr\u00eas x\u00edcaras de caf\u00e9. A amiga estava certa. Houve sorrisos, alguns carregados de sentimentos profundos, o que fez Laerte refletir sobre a pr\u00f3pria vida.<\/p>\n<p>\u00c0 tarde, preparou um breve almo\u00e7o, com temperos que o transportaram para outros tempos. A presen\u00e7a da saudosa m\u00e3e poderia ser sentida, diante do adolescente sem sonhos. Como envelhecera t\u00e3o r\u00e1pido? R\u00e1pido demais para sentir as perdas ao longo do caminho.<\/p>\n<p>Ao anoitecer, depositou <em>A verdade nos seres<\/em> na cabeceira ao lado e adormeceu. Despertou antes dos primeiros raios, lavou o rosto, escovou os dentes, enquanto observava as olheiras daquele desconhecido do outro lado do espelho. Pegou a tesourinha de unha e, antes de sair do quarto, colocou o livro no bolso do roup\u00e3o.<\/p>\n<p>Sentado na cadeira de balan\u00e7o da varanda, cortava pacientemente cada unha dos p\u00e9s, como se estivesse em transe, at\u00e9 que foi despertado por gritos de crian\u00e7as no parquinho em frente. Laerte observou por alguns instantes aqueles seres min\u00fasculos, balan\u00e7ou a cabe\u00e7a e sorriu. Aparou mais uma unha e, ao voltar os olhos para o parque, se deparou com uma mulher sentada debaixo de uma \u00e1rvore.<\/p>\n<p>Ela estava curvada sobre um livro, como se alheia a tudo ao seu redor. De onde estava, Laerte n\u00e3o conseguia saber o que aquela jovem estava lendo. Todavia, no seu \u00edntimo, desejou que fosse <em>A verdade nos seres<\/em>.<\/p>\n<p>\u2026\u2026\u2026\u2026\u2026\u2026\u2026\u2026\u2026\u2026\u2026\u2026<\/p>\n<p><strong>Eduardo Mart\u00ednez \u00e9 autor do livro \u201957 Contos e Cr\u00f4nicas por um Autor Muito Velho\u2019<\/strong><\/p>\n<p><strong>Compre aqui<\/strong>\u00a0<img decoding=\"async\" class=\"emoji\" role=\"img\" draggable=\"false\" src=\"https:\/\/s.w.org\/images\/core\/emoji\/16.0.1\/svg\/1f447-1f3ff.svg\" alt=\"&#x1f447;&#x1f3ff;\" \/><\/p>\n<p><a href=\"https:\/\/www.joanineditora.com.br\/57-contos-e-cronicas-por-um-autor-muito-velho\">https:\/\/www.joanineditora.com.br\/57-contos-e-cronicas-por-um-autor-muito-velho<\/a><\/p>\n","protected":false},"excerpt":{"rendered":"<p>Laerte, pr\u00f3ximo a se aposentar, sentia uma ang\u00fastia de n\u00e3o saber o que faria com o tempo livre, que logo chegaria. Desde sempre trabalhara, seja ainda adolescente no pequeno com\u00e9rcio da fam\u00edlia, seja depois em m\u00faltiplos empregos at\u00e9 que, por indica\u00e7\u00e3o de um tio-torto, se tornou auxiliar administrativo de uma importante empresa do ramo de [&hellip;]<\/p>\n","protected":false},"author":21,"featured_media":359690,"comment_status":"closed","ping_status":"closed","sticky":false,"template":"","format":"standard","meta":{"_acf_changed":false,"footnotes":""},"categories":[161],"tags":[],"class_list":["post-359689","post","type-post","status-publish","format-standard","has-post-thumbnail","hentry","category-quadradinho-em-foco"],"acf":[],"_links":{"self":[{"href":"https:\/\/www.notibras.com\/site\/wp-json\/wp\/v2\/posts\/359689","targetHints":{"allow":["GET"]}}],"collection":[{"href":"https:\/\/www.notibras.com\/site\/wp-json\/wp\/v2\/posts"}],"about":[{"href":"https:\/\/www.notibras.com\/site\/wp-json\/wp\/v2\/types\/post"}],"author":[{"embeddable":true,"href":"https:\/\/www.notibras.com\/site\/wp-json\/wp\/v2\/users\/21"}],"replies":[{"embeddable":true,"href":"https:\/\/www.notibras.com\/site\/wp-json\/wp\/v2\/comments?post=359689"}],"version-history":[{"count":0,"href":"https:\/\/www.notibras.com\/site\/wp-json\/wp\/v2\/posts\/359689\/revisions"}],"wp:featuredmedia":[{"embeddable":true,"href":"https:\/\/www.notibras.com\/site\/wp-json\/wp\/v2\/media\/359690"}],"wp:attachment":[{"href":"https:\/\/www.notibras.com\/site\/wp-json\/wp\/v2\/media?parent=359689"}],"wp:term":[{"taxonomy":"category","embeddable":true,"href":"https:\/\/www.notibras.com\/site\/wp-json\/wp\/v2\/categories?post=359689"},{"taxonomy":"post_tag","embeddable":true,"href":"https:\/\/www.notibras.com\/site\/wp-json\/wp\/v2\/tags?post=359689"}],"curies":[{"name":"wp","href":"https:\/\/api.w.org\/{rel}","templated":true}]}}