{"id":359730,"date":"2025-07-31T02:13:39","date_gmt":"2025-07-31T05:13:39","guid":{"rendered":"https:\/\/www.notibras.com\/site\/?p=359730"},"modified":"2025-07-31T02:13:39","modified_gmt":"2025-07-31T05:13:39","slug":"quem-paga-e-quem-lucra-com-o-alto-custo-da-energia","status":"publish","type":"post","link":"https:\/\/www.notibras.com\/site\/quem-paga-e-quem-lucra-com-o-alto-custo-da-energia\/","title":{"rendered":"Quem paga e quem lucra com o alto custo da energia"},"content":{"rendered":"<p>A medida provis\u00f3ria que reformula os subs\u00eddios da Conta de Desenvolvimento Energ\u00e9tico (CDE) parece, \u00e0 primeira vista, t\u00e9cnica. Mas, como lembra Michel Foucault, toda t\u00e9cnica \u00e9 pol\u00edtica.<\/p>\n<p>A forma como a energia \u00e9 financiada no Brasil carrega desigualdades hist\u00f3ricas, com o Norte e o Nordeste frequentemente arcando com custos desproporcionais.<\/p>\n<p>A antropologia da infraestrutura, representada por autores como Brian Larkin, revela como redes el\u00e9tricas n\u00e3o s\u00e3o neutras: elas canalizam poder, desigualdade e exclus\u00e3o. Reformular a CDE sem discutir justi\u00e7a energ\u00e9tica \u00e9 mais um cap\u00edtulo do neoliberalismo regulat\u00f3rio.<\/p>\n<p>David Harvey insiste que o espa\u00e7o urbano e os servi\u00e7os p\u00fablicos s\u00e3o campos de disputa. A energia que chega \u00e0s casas carrega consigo uma ideologia: quem lucra e quem apaga a luz.<\/p>\n","protected":false},"excerpt":{"rendered":"<p>A medida provis\u00f3ria que reformula os subs\u00eddios da Conta de Desenvolvimento Energ\u00e9tico (CDE) parece, \u00e0 primeira vista, t\u00e9cnica. Mas, como lembra Michel Foucault, toda t\u00e9cnica \u00e9 pol\u00edtica. A forma como a energia \u00e9 financiada no Brasil carrega desigualdades hist\u00f3ricas, com o Norte e o Nordeste frequentemente arcando com custos desproporcionais. A antropologia da infraestrutura, representada [&hellip;]<\/p>\n","protected":false},"author":2,"featured_media":359731,"comment_status":"closed","ping_status":"closed","sticky":false,"template":"","format":"standard","meta":{"_acf_changed":false,"footnotes":""},"categories":[165],"tags":[],"class_list":["post-359730","post","type-post","status-publish","format-standard","has-post-thumbnail","hentry","category-nordeste"],"acf":[],"_links":{"self":[{"href":"https:\/\/www.notibras.com\/site\/wp-json\/wp\/v2\/posts\/359730","targetHints":{"allow":["GET"]}}],"collection":[{"href":"https:\/\/www.notibras.com\/site\/wp-json\/wp\/v2\/posts"}],"about":[{"href":"https:\/\/www.notibras.com\/site\/wp-json\/wp\/v2\/types\/post"}],"author":[{"embeddable":true,"href":"https:\/\/www.notibras.com\/site\/wp-json\/wp\/v2\/users\/2"}],"replies":[{"embeddable":true,"href":"https:\/\/www.notibras.com\/site\/wp-json\/wp\/v2\/comments?post=359730"}],"version-history":[{"count":0,"href":"https:\/\/www.notibras.com\/site\/wp-json\/wp\/v2\/posts\/359730\/revisions"}],"wp:featuredmedia":[{"embeddable":true,"href":"https:\/\/www.notibras.com\/site\/wp-json\/wp\/v2\/media\/359731"}],"wp:attachment":[{"href":"https:\/\/www.notibras.com\/site\/wp-json\/wp\/v2\/media?parent=359730"}],"wp:term":[{"taxonomy":"category","embeddable":true,"href":"https:\/\/www.notibras.com\/site\/wp-json\/wp\/v2\/categories?post=359730"},{"taxonomy":"post_tag","embeddable":true,"href":"https:\/\/www.notibras.com\/site\/wp-json\/wp\/v2\/tags?post=359730"}],"curies":[{"name":"wp","href":"https:\/\/api.w.org\/{rel}","templated":true}]}}