{"id":359740,"date":"2025-07-31T02:43:50","date_gmt":"2025-07-31T05:43:50","guid":{"rendered":"https:\/\/www.notibras.com\/site\/?p=359740"},"modified":"2025-07-31T02:43:50","modified_gmt":"2025-07-31T05:43:50","slug":"infancias-famintas-diante-do-silencio-do-mundo-imundo","status":"publish","type":"post","link":"https:\/\/www.notibras.com\/site\/infancias-famintas-diante-do-silencio-do-mundo-imundo\/","title":{"rendered":"Inf\u00e2ncias famintas diante do sil\u00eancio do mundo imundo"},"content":{"rendered":"<p>Mais de cem mortes por fome, sendo 81 crian\u00e7as, na Faixa de Gaza. A not\u00edcia rasga o tecido moral da humanidade. A ONU chama de \u201cfome induzida pelo homem\u201d. Naomi Klein chamaria de &#8220;Doutrina do Choque&#8221;: a desorganiza\u00e7\u00e3o da vida como ferramenta de domina\u00e7\u00e3o.<\/p>\n<p>A antropologia da guerra, a exemplo de Nancy Scheper-Hughes, nos alerta que o corpo das crian\u00e7as \u00e9 o campo onde se inscrevem os fracassos da pol\u00edtica internacional. Gaza n\u00e3o \u00e9 apenas uma crise humanit\u00e1ria: \u00e9 o espelho da fal\u00eancia \u00e9tica de um sistema internacional que naturaliza o genoc\u00eddio.<\/p>\n<p>Judith Butler, ao falar das vidas prec\u00e1rias, nos lembra que certas mortes n\u00e3o comovem porque certas vidas n\u00e3o s\u00e3o consideradas viv\u00edveis. A fome em Gaza denuncia o apartheid global. E cala. Porque, no fundo, todo o mundo j\u00e1 sabe e mesmo assim n\u00e3o age.<\/p>\n","protected":false},"excerpt":{"rendered":"<p>Mais de cem mortes por fome, sendo 81 crian\u00e7as, na Faixa de Gaza. A not\u00edcia rasga o tecido moral da humanidade. A ONU chama de \u201cfome induzida pelo homem\u201d. Naomi Klein chamaria de &#8220;Doutrina do Choque&#8221;: a desorganiza\u00e7\u00e3o da vida como ferramenta de domina\u00e7\u00e3o. A antropologia da guerra, a exemplo de Nancy Scheper-Hughes, nos alerta [&hellip;]<\/p>\n","protected":false},"author":2,"featured_media":359741,"comment_status":"closed","ping_status":"closed","sticky":false,"template":"","format":"standard","meta":{"_acf_changed":false,"footnotes":""},"categories":[159],"tags":[],"class_list":["post-359740","post","type-post","status-publish","format-standard","has-post-thumbnail","hentry","category-apocalipse"],"acf":[],"yoast_head":"<!-- This site is optimized with the Yoast SEO plugin v27.2 - https:\/\/yoast.com\/product\/yoast-seo-wordpress\/ -->\n<title>Inf\u00e2ncias famintas diante do sil\u00eancio do mundo imundo - Notibras<\/title>\n<meta name=\"robots\" content=\"index, follow, max-snippet:-1, max-image-preview:large, max-video-preview:-1\" \/>\n<link rel=\"canonical\" href=\"https:\/\/www.notibras.com\/site\/infancias-famintas-diante-do-silencio-do-mundo-imundo\/\" \/>\n<meta property=\"og:locale\" content=\"pt_BR\" \/>\n<meta property=\"og:type\" content=\"article\" \/>\n<meta property=\"og:title\" content=\"Inf\u00e2ncias famintas diante do sil\u00eancio do mundo imundo - Notibras\" \/>\n<meta property=\"og:description\" content=\"Mais de cem mortes por fome, sendo 81 crian\u00e7as, na Faixa de Gaza. A not\u00edcia rasga o tecido moral da humanidade. A ONU chama de \u201cfome induzida pelo homem\u201d. Naomi Klein chamaria de &#8220;Doutrina do Choque&#8221;: a desorganiza\u00e7\u00e3o da vida como ferramenta de domina\u00e7\u00e3o. A antropologia da guerra, a exemplo de Nancy Scheper-Hughes, nos alerta [&hellip;]\" \/>\n<meta property=\"og:url\" content=\"https:\/\/www.notibras.com\/site\/infancias-famintas-diante-do-silencio-do-mundo-imundo\/\" \/>\n<meta property=\"og:site_name\" content=\"Notibras\" \/>\n<meta property=\"article:publisher\" content=\"https:\/\/www.facebook.com\/notibras\/\" \/>\n<meta property=\"article:published_time\" content=\"2025-07-31T05:43:50+00:00\" \/>\n<meta property=\"og:image\" content=\"https:\/\/www.notibras.com\/site\/wp-content\/uploads\/2025\/07\/f56916c4-cc97-49ad-beee-1a8db4e94b7d.jpeg\" \/>\n\t<meta property=\"og:image:width\" content=\"1279\" \/>\n\t<meta property=\"og:image:height\" content=\"1157\" \/>\n\t<meta property=\"og:image:type\" content=\"image\/jpeg\" \/>\n<meta name=\"author\" content=\"Reda\u00e7\u00e3o\" \/>\n<meta name=\"twitter:card\" content=\"summary_large_image\" \/>\n<meta name=\"twitter:creator\" content=\"@Notibras\" \/>\n<meta name=\"twitter:site\" content=\"@Notibras\" \/>\n<meta name=\"twitter:label1\" content=\"Escrito por\" \/>\n\t<meta name=\"twitter:data1\" content=\"Reda\u00e7\u00e3o\" \/>\n\t<meta name=\"twitter:label2\" content=\"Est. tempo de leitura\" \/>\n\t<meta name=\"twitter:data2\" content=\"1 minuto\" \/>\n<script type=\"application\/ld+json\" class=\"yoast-schema-graph\">{\"@context\":\"https:\/\/schema.org\",\"@graph\":[{\"@type\":\"Article\",\"@id\":\"https:\/\/www.notibras.com\/site\/infancias-famintas-diante-do-silencio-do-mundo-imundo\/#article\",\"isPartOf\":{\"@id\":\"https:\/\/www.notibras.com\/site\/infancias-famintas-diante-do-silencio-do-mundo-imundo\/\"},\"author\":{\"name\":\"Reda\u00e7\u00e3o\",\"@id\":\"https:\/\/www.notibras.com\/site\/#\/schema\/person\/36ab0979449956132d3e5b517ea76ac8\"},\"headline\":\"Inf\u00e2ncias famintas diante do sil\u00eancio do mundo imundo\",\"datePublished\":\"2025-07-31T05:43:50+00:00\",\"mainEntityOfPage\":{\"@id\":\"https:\/\/www.notibras.com\/site\/infancias-famintas-diante-do-silencio-do-mundo-imundo\/\"},\"wordCount\":158,\"publisher\":{\"@id\":\"https:\/\/www.notibras.com\/site\/#organization\"},\"image\":{\"@id\":\"https:\/\/www.notibras.com\/site\/infancias-famintas-diante-do-silencio-do-mundo-imundo\/#primaryimage\"},\"thumbnailUrl\":\"https:\/\/www.notibras.com\/site\/wp-content\/uploads\/2025\/07\/f56916c4-cc97-49ad-beee-1a8db4e94b7d.jpeg\",\"articleSection\":[\"Apocalipse\"],\"inLanguage\":\"pt-BR\"},{\"@type\":\"WebPage\",\"@id\":\"https:\/\/www.notibras.com\/site\/infancias-famintas-diante-do-silencio-do-mundo-imundo\/\",\"url\":\"https:\/\/www.notibras.com\/site\/infancias-famintas-diante-do-silencio-do-mundo-imundo\/\",\"name\":\"Inf\u00e2ncias famintas diante do sil\u00eancio do mundo imundo - Notibras\",\"isPartOf\":{\"@id\":\"https:\/\/www.notibras.com\/site\/#website\"},\"primaryImageOfPage\":{\"@id\":\"https:\/\/www.notibras.com\/site\/infancias-famintas-diante-do-silencio-do-mundo-imundo\/#primaryimage\"},\"image\":{\"@id\":\"https:\/\/www.notibras.com\/site\/infancias-famintas-diante-do-silencio-do-mundo-imundo\/#primaryimage\"},\"thumbnailUrl\":\"https:\/\/www.notibras.com\/site\/wp-content\/uploads\/2025\/07\/f56916c4-cc97-49ad-beee-1a8db4e94b7d.jpeg\",\"datePublished\":\"2025-07-31T05:43:50+00:00\",\"breadcrumb\":{\"@id\":\"https:\/\/www.notibras.com\/site\/infancias-famintas-diante-do-silencio-do-mundo-imundo\/#breadcrumb\"},\"inLanguage\":\"pt-BR\",\"potentialAction\":[{\"@type\":\"ReadAction\",\"target\":[\"https:\/\/www.notibras.com\/site\/infancias-famintas-diante-do-silencio-do-mundo-imundo\/\"]}]},{\"@type\":\"ImageObject\",\"inLanguage\":\"pt-BR\",\"@id\":\"https:\/\/www.notibras.com\/site\/infancias-famintas-diante-do-silencio-do-mundo-imundo\/#primaryimage\",\"url\":\"https:\/\/www.notibras.com\/site\/wp-content\/uploads\/2025\/07\/f56916c4-cc97-49ad-beee-1a8db4e94b7d.jpeg\",\"contentUrl\":\"https:\/\/www.notibras.com\/site\/wp-content\/uploads\/2025\/07\/f56916c4-cc97-49ad-beee-1a8db4e94b7d.jpeg\",\"width\":1279,\"height\":1157},{\"@type\":\"BreadcrumbList\",\"@id\":\"https:\/\/www.notibras.com\/site\/infancias-famintas-diante-do-silencio-do-mundo-imundo\/#breadcrumb\",\"itemListElement\":[{\"@type\":\"ListItem\",\"position\":1,\"name\":\"In\u00edcio\",\"item\":\"https:\/\/www.notibras.com\/site\/\"},{\"@type\":\"ListItem\",\"position\":2,\"name\":\"Inf\u00e2ncias famintas diante do sil\u00eancio do mundo imundo\"}]},{\"@type\":\"WebSite\",\"@id\":\"https:\/\/www.notibras.com\/site\/#website\",\"url\":\"https:\/\/www.notibras.com\/site\/\",\"name\":\"Notibras\",\"description\":\"Not\u00edcias de Bras\u00edlia, do Brasil e do Mundo\",\"publisher\":{\"@id\":\"https:\/\/www.notibras.com\/site\/#organization\"},\"potentialAction\":[{\"@type\":\"SearchAction\",\"target\":{\"@type\":\"EntryPoint\",\"urlTemplate\":\"https:\/\/www.notibras.com\/site\/?s={search_term_string}\"},\"query-input\":{\"@type\":\"PropertyValueSpecification\",\"valueRequired\":true,\"valueName\":\"search_term_string\"}}],\"inLanguage\":\"pt-BR\"},{\"@type\":\"Organization\",\"@id\":\"https:\/\/www.notibras.com\/site\/#organization\",\"name\":\"Grupo Notibras de Comunica\u00e7\u00e3o\",\"url\":\"https:\/\/www.notibras.com\/site\/\",\"logo\":{\"@type\":\"ImageObject\",\"inLanguage\":\"pt-BR\",\"@id\":\"https:\/\/www.notibras.com\/site\/#\/schema\/logo\/image\/\",\"url\":\"https:\/\/www.notibras.com\/site\/wp-content\/uploads\/2023\/01\/notibras23.png\",\"contentUrl\":\"https:\/\/www.notibras.com\/site\/wp-content\/uploads\/2023\/01\/notibras23.png\",\"width\":350,\"height\":87,\"caption\":\"Grupo Notibras de Comunica\u00e7\u00e3o\"},\"image\":{\"@id\":\"https:\/\/www.notibras.com\/site\/#\/schema\/logo\/image\/\"},\"sameAs\":[\"https:\/\/www.facebook.com\/notibras\/\",\"https:\/\/x.com\/Notibras\",\"https:\/\/www.instagram.com\/notibras\/\"]},{\"@type\":\"Person\",\"@id\":\"https:\/\/www.notibras.com\/site\/#\/schema\/person\/36ab0979449956132d3e5b517ea76ac8\",\"name\":\"Reda\u00e7\u00e3o\",\"image\":{\"@type\":\"ImageObject\",\"inLanguage\":\"pt-BR\",\"@id\":\"https:\/\/secure.gravatar.com\/avatar\/e0a867bdedb85fd243eadf09663511f96fc81e0720a4a42581f334ad4303aa6b?s=96&d=mm&r=g\",\"url\":\"https:\/\/secure.gravatar.com\/avatar\/e0a867bdedb85fd243eadf09663511f96fc81e0720a4a42581f334ad4303aa6b?s=96&d=mm&r=g\",\"contentUrl\":\"https:\/\/secure.gravatar.com\/avatar\/e0a867bdedb85fd243eadf09663511f96fc81e0720a4a42581f334ad4303aa6b?s=96&d=mm&r=g\",\"caption\":\"Reda\u00e7\u00e3o\"}}]}<\/script>\n<!-- \/ Yoast SEO plugin. -->","yoast_head_json":{"title":"Inf\u00e2ncias famintas diante do sil\u00eancio do mundo imundo - Notibras","robots":{"index":"index","follow":"follow","max-snippet":"max-snippet:-1","max-image-preview":"max-image-preview:large","max-video-preview":"max-video-preview:-1"},"canonical":"https:\/\/www.notibras.com\/site\/infancias-famintas-diante-do-silencio-do-mundo-imundo\/","og_locale":"pt_BR","og_type":"article","og_title":"Inf\u00e2ncias famintas diante do sil\u00eancio do mundo imundo - Notibras","og_description":"Mais de cem mortes por fome, sendo 81 crian\u00e7as, na Faixa de Gaza. A not\u00edcia rasga o tecido moral da humanidade. A ONU chama de \u201cfome induzida pelo homem\u201d. Naomi Klein chamaria de &#8220;Doutrina do Choque&#8221;: a desorganiza\u00e7\u00e3o da vida como ferramenta de domina\u00e7\u00e3o. A antropologia da guerra, a exemplo de Nancy Scheper-Hughes, nos alerta [&hellip;]","og_url":"https:\/\/www.notibras.com\/site\/infancias-famintas-diante-do-silencio-do-mundo-imundo\/","og_site_name":"Notibras","article_publisher":"https:\/\/www.facebook.com\/notibras\/","article_published_time":"2025-07-31T05:43:50+00:00","og_image":[{"width":1279,"height":1157,"url":"https:\/\/www.notibras.com\/site\/wp-content\/uploads\/2025\/07\/f56916c4-cc97-49ad-beee-1a8db4e94b7d.jpeg","type":"image\/jpeg"}],"author":"Reda\u00e7\u00e3o","twitter_card":"summary_large_image","twitter_creator":"@Notibras","twitter_site":"@Notibras","twitter_misc":{"Escrito por":"Reda\u00e7\u00e3o","Est. tempo de leitura":"1 minuto"},"schema":{"@context":"https:\/\/schema.org","@graph":[{"@type":"Article","@id":"https:\/\/www.notibras.com\/site\/infancias-famintas-diante-do-silencio-do-mundo-imundo\/#article","isPartOf":{"@id":"https:\/\/www.notibras.com\/site\/infancias-famintas-diante-do-silencio-do-mundo-imundo\/"},"author":{"name":"Reda\u00e7\u00e3o","@id":"https:\/\/www.notibras.com\/site\/#\/schema\/person\/36ab0979449956132d3e5b517ea76ac8"},"headline":"Inf\u00e2ncias famintas diante do sil\u00eancio do mundo imundo","datePublished":"2025-07-31T05:43:50+00:00","mainEntityOfPage":{"@id":"https:\/\/www.notibras.com\/site\/infancias-famintas-diante-do-silencio-do-mundo-imundo\/"},"wordCount":158,"publisher":{"@id":"https:\/\/www.notibras.com\/site\/#organization"},"image":{"@id":"https:\/\/www.notibras.com\/site\/infancias-famintas-diante-do-silencio-do-mundo-imundo\/#primaryimage"},"thumbnailUrl":"https:\/\/www.notibras.com\/site\/wp-content\/uploads\/2025\/07\/f56916c4-cc97-49ad-beee-1a8db4e94b7d.jpeg","articleSection":["Apocalipse"],"inLanguage":"pt-BR"},{"@type":"WebPage","@id":"https:\/\/www.notibras.com\/site\/infancias-famintas-diante-do-silencio-do-mundo-imundo\/","url":"https:\/\/www.notibras.com\/site\/infancias-famintas-diante-do-silencio-do-mundo-imundo\/","name":"Inf\u00e2ncias famintas diante do sil\u00eancio do mundo imundo - Notibras","isPartOf":{"@id":"https:\/\/www.notibras.com\/site\/#website"},"primaryImageOfPage":{"@id":"https:\/\/www.notibras.com\/site\/infancias-famintas-diante-do-silencio-do-mundo-imundo\/#primaryimage"},"image":{"@id":"https:\/\/www.notibras.com\/site\/infancias-famintas-diante-do-silencio-do-mundo-imundo\/#primaryimage"},"thumbnailUrl":"https:\/\/www.notibras.com\/site\/wp-content\/uploads\/2025\/07\/f56916c4-cc97-49ad-beee-1a8db4e94b7d.jpeg","datePublished":"2025-07-31T05:43:50+00:00","breadcrumb":{"@id":"https:\/\/www.notibras.com\/site\/infancias-famintas-diante-do-silencio-do-mundo-imundo\/#breadcrumb"},"inLanguage":"pt-BR","potentialAction":[{"@type":"ReadAction","target":["https:\/\/www.notibras.com\/site\/infancias-famintas-diante-do-silencio-do-mundo-imundo\/"]}]},{"@type":"ImageObject","inLanguage":"pt-BR","@id":"https:\/\/www.notibras.com\/site\/infancias-famintas-diante-do-silencio-do-mundo-imundo\/#primaryimage","url":"https:\/\/www.notibras.com\/site\/wp-content\/uploads\/2025\/07\/f56916c4-cc97-49ad-beee-1a8db4e94b7d.jpeg","contentUrl":"https:\/\/www.notibras.com\/site\/wp-content\/uploads\/2025\/07\/f56916c4-cc97-49ad-beee-1a8db4e94b7d.jpeg","width":1279,"height":1157},{"@type":"BreadcrumbList","@id":"https:\/\/www.notibras.com\/site\/infancias-famintas-diante-do-silencio-do-mundo-imundo\/#breadcrumb","itemListElement":[{"@type":"ListItem","position":1,"name":"In\u00edcio","item":"https:\/\/www.notibras.com\/site\/"},{"@type":"ListItem","position":2,"name":"Inf\u00e2ncias famintas diante do sil\u00eancio do mundo imundo"}]},{"@type":"WebSite","@id":"https:\/\/www.notibras.com\/site\/#website","url":"https:\/\/www.notibras.com\/site\/","name":"Notibras","description":"Not\u00edcias de Bras\u00edlia, do Brasil e do Mundo","publisher":{"@id":"https:\/\/www.notibras.com\/site\/#organization"},"potentialAction":[{"@type":"SearchAction","target":{"@type":"EntryPoint","urlTemplate":"https:\/\/www.notibras.com\/site\/?s={search_term_string}"},"query-input":{"@type":"PropertyValueSpecification","valueRequired":true,"valueName":"search_term_string"}}],"inLanguage":"pt-BR"},{"@type":"Organization","@id":"https:\/\/www.notibras.com\/site\/#organization","name":"Grupo Notibras de Comunica\u00e7\u00e3o","url":"https:\/\/www.notibras.com\/site\/","logo":{"@type":"ImageObject","inLanguage":"pt-BR","@id":"https:\/\/www.notibras.com\/site\/#\/schema\/logo\/image\/","url":"https:\/\/www.notibras.com\/site\/wp-content\/uploads\/2023\/01\/notibras23.png","contentUrl":"https:\/\/www.notibras.com\/site\/wp-content\/uploads\/2023\/01\/notibras23.png","width":350,"height":87,"caption":"Grupo Notibras de Comunica\u00e7\u00e3o"},"image":{"@id":"https:\/\/www.notibras.com\/site\/#\/schema\/logo\/image\/"},"sameAs":["https:\/\/www.facebook.com\/notibras\/","https:\/\/x.com\/Notibras","https:\/\/www.instagram.com\/notibras\/"]},{"@type":"Person","@id":"https:\/\/www.notibras.com\/site\/#\/schema\/person\/36ab0979449956132d3e5b517ea76ac8","name":"Reda\u00e7\u00e3o","image":{"@type":"ImageObject","inLanguage":"pt-BR","@id":"https:\/\/secure.gravatar.com\/avatar\/e0a867bdedb85fd243eadf09663511f96fc81e0720a4a42581f334ad4303aa6b?s=96&d=mm&r=g","url":"https:\/\/secure.gravatar.com\/avatar\/e0a867bdedb85fd243eadf09663511f96fc81e0720a4a42581f334ad4303aa6b?s=96&d=mm&r=g","contentUrl":"https:\/\/secure.gravatar.com\/avatar\/e0a867bdedb85fd243eadf09663511f96fc81e0720a4a42581f334ad4303aa6b?s=96&d=mm&r=g","caption":"Reda\u00e7\u00e3o"}}]}},"amp_enabled":true,"_links":{"self":[{"href":"https:\/\/www.notibras.com\/site\/wp-json\/wp\/v2\/posts\/359740","targetHints":{"allow":["GET"]}}],"collection":[{"href":"https:\/\/www.notibras.com\/site\/wp-json\/wp\/v2\/posts"}],"about":[{"href":"https:\/\/www.notibras.com\/site\/wp-json\/wp\/v2\/types\/post"}],"author":[{"embeddable":true,"href":"https:\/\/www.notibras.com\/site\/wp-json\/wp\/v2\/users\/2"}],"replies":[{"embeddable":true,"href":"https:\/\/www.notibras.com\/site\/wp-json\/wp\/v2\/comments?post=359740"}],"version-history":[{"count":0,"href":"https:\/\/www.notibras.com\/site\/wp-json\/wp\/v2\/posts\/359740\/revisions"}],"wp:featuredmedia":[{"embeddable":true,"href":"https:\/\/www.notibras.com\/site\/wp-json\/wp\/v2\/media\/359741"}],"wp:attachment":[{"href":"https:\/\/www.notibras.com\/site\/wp-json\/wp\/v2\/media?parent=359740"}],"wp:term":[{"taxonomy":"category","embeddable":true,"href":"https:\/\/www.notibras.com\/site\/wp-json\/wp\/v2\/categories?post=359740"},{"taxonomy":"post_tag","embeddable":true,"href":"https:\/\/www.notibras.com\/site\/wp-json\/wp\/v2\/tags?post=359740"}],"curies":[{"name":"wp","href":"https:\/\/api.w.org\/{rel}","templated":true}]}}