{"id":359790,"date":"2025-08-01T00:01:47","date_gmt":"2025-08-01T03:01:47","guid":{"rendered":"https:\/\/www.notibras.com\/site\/?p=359790"},"modified":"2025-08-01T00:01:47","modified_gmt":"2025-08-01T03:01:47","slug":"nordeste-tem-um-elo-que-liga-o-passado-ao-presente","status":"publish","type":"post","link":"https:\/\/www.notibras.com\/site\/nordeste-tem-um-elo-que-liga-o-passado-ao-presente\/","title":{"rendered":"Nordeste tem um elo que liga o passado ao presente"},"content":{"rendered":"<p>O Nordeste brasileiro \u00e9 um territ\u00f3rio onde o tempo parece correr com outro ritmo \u2014 onde o passado resiste vivo nas tradi\u00e7\u00f5es, enquanto o presente pulsa com inova\u00e7\u00e3o e resist\u00eancia. Das ladeiras hist\u00f3ricas de Olinda aos centros tecnol\u00f3gicos de Recife, das lavadeiras do sert\u00e3o \u00e0s mulheres empreendedoras nas capitais, o Nordeste \u00e9 um elo cont\u00ednuo entre o que j\u00e1 foi e o que ainda ser\u00e1.<\/p>\n<p>A cultura nordestina \u00e9 uma heran\u00e7a viva. Festas populares como o S\u00e3o Jo\u00e3o, as rodas de maracatu e o cordel recitado nas feiras continuam encantando moradores e turistas, transmitindo saberes que resistem ao tempo. As casas de taipa, o forr\u00f3 p\u00e9 de serra e o artesanato de barro s\u00e3o mais que s\u00edmbolos: s\u00e3o pontes que conectam av\u00f3s a netos, passado a futuro.<\/p>\n<p>Enquanto o passado ecoa, o presente se transforma. O Nordeste abriga polos de energia renov\u00e1vel, como a energia e\u00f3lica no Rio Grande do Norte e solar no Piau\u00ed. Universidades p\u00fablicas formam profissionais que transformam realidades locais. Em Salvador, Recife e Fortaleza, o movimento cultural urbano cresce com arte de rua, rap e literatura perif\u00e9rica, mostrando que tradi\u00e7\u00e3o e modernidade podem andar lado a lado.<\/p>\n<p>O acesso \u00e0 educa\u00e7\u00e3o tem sido uma das chaves para transformar o Nordeste. Escolas rurais, programas de alfabetiza\u00e7\u00e3o e universidades t\u00eam ampliado horizontes. Jovens do sert\u00e3o agora sonham n\u00e3o apenas em sobreviver, mas em liderar, criar e inovar. Mulheres, comunidades quilombolas e povos ind\u00edgenas t\u00eam conquistado espa\u00e7os, afirmando sua voz em um pa\u00eds historicamente desigual.<\/p>\n<p>O nordestino carrega no peito um orgulho inabal\u00e1vel. Seja no sotaque, na culin\u00e1ria, na m\u00fasica ou na f\u00e9, h\u00e1 uma for\u00e7a que une a identidade de um povo com a sua hist\u00f3ria. E \u00e9 justamente essa conex\u00e3o com o passado que d\u00e1 ao Nordeste uma base firme para construir o presente \u2014 e olhar para o futuro com esperan\u00e7a.<\/p>\n","protected":false},"excerpt":{"rendered":"<p>O Nordeste brasileiro \u00e9 um territ\u00f3rio onde o tempo parece correr com outro ritmo \u2014 onde o passado resiste vivo nas tradi\u00e7\u00f5es, enquanto o presente pulsa com inova\u00e7\u00e3o e resist\u00eancia. Das ladeiras hist\u00f3ricas de Olinda aos centros tecnol\u00f3gicos de Recife, das lavadeiras do sert\u00e3o \u00e0s mulheres empreendedoras nas capitais, o Nordeste \u00e9 um elo cont\u00ednuo [&hellip;]<\/p>\n","protected":false},"author":2,"featured_media":359791,"comment_status":"closed","ping_status":"closed","sticky":false,"template":"","format":"standard","meta":{"_acf_changed":false,"footnotes":""},"categories":[165],"tags":[],"class_list":["post-359790","post","type-post","status-publish","format-standard","has-post-thumbnail","hentry","category-nordeste"],"acf":[],"_links":{"self":[{"href":"https:\/\/www.notibras.com\/site\/wp-json\/wp\/v2\/posts\/359790","targetHints":{"allow":["GET"]}}],"collection":[{"href":"https:\/\/www.notibras.com\/site\/wp-json\/wp\/v2\/posts"}],"about":[{"href":"https:\/\/www.notibras.com\/site\/wp-json\/wp\/v2\/types\/post"}],"author":[{"embeddable":true,"href":"https:\/\/www.notibras.com\/site\/wp-json\/wp\/v2\/users\/2"}],"replies":[{"embeddable":true,"href":"https:\/\/www.notibras.com\/site\/wp-json\/wp\/v2\/comments?post=359790"}],"version-history":[{"count":0,"href":"https:\/\/www.notibras.com\/site\/wp-json\/wp\/v2\/posts\/359790\/revisions"}],"wp:featuredmedia":[{"embeddable":true,"href":"https:\/\/www.notibras.com\/site\/wp-json\/wp\/v2\/media\/359791"}],"wp:attachment":[{"href":"https:\/\/www.notibras.com\/site\/wp-json\/wp\/v2\/media?parent=359790"}],"wp:term":[{"taxonomy":"category","embeddable":true,"href":"https:\/\/www.notibras.com\/site\/wp-json\/wp\/v2\/categories?post=359790"},{"taxonomy":"post_tag","embeddable":true,"href":"https:\/\/www.notibras.com\/site\/wp-json\/wp\/v2\/tags?post=359790"}],"curies":[{"name":"wp","href":"https:\/\/api.w.org\/{rel}","templated":true}]}}