{"id":359807,"date":"2025-08-02T02:00:02","date_gmt":"2025-08-02T05:00:02","guid":{"rendered":"https:\/\/www.notibras.com\/site\/?p=359807"},"modified":"2025-08-02T12:22:35","modified_gmt":"2025-08-02T15:22:35","slug":"e-preciso-ter-coragem-para-expor-pensamentos-e-sentimentos-na-internet","status":"publish","type":"post","link":"https:\/\/www.notibras.com\/site\/e-preciso-ter-coragem-para-expor-pensamentos-e-sentimentos-na-internet\/","title":{"rendered":"\u00c9 preciso ter coragem para expor pensamentos e sentimentos na internet"},"content":{"rendered":"<p>Jaqueline \u00e9, por assim dizer, influenciadora, haja vista os milhares de seguidores que comprovavam facilmente tal condi\u00e7\u00e3o. <em>Influencer<\/em>, prefere, como se isso significasse dois ou tr\u00eas degraus acima na concorrida escala das subcelebridades.<\/p>\n<p>Vez ou outra, a mulher \u00e9 abordada por algum f\u00e3 na rua ou na fila do mercado. Ela finge naturalidade, apesar dos olhos arregalados, como se estivesse diante de algo t\u00e3o inusitado como, por exemplo, se uma \u00e1rvore fosse atingida duas vezes por raios.<\/p>\n<p>\u2014 N\u00e3o acredito! Voc\u00ea \u00e9 a Jaque Venturini?<\/p>\n<p>\u2014 Sim!<\/p>\n<p>\u2014 Ah, acompanho todos os seus <em>posts.<\/em> Voc\u00ea \u00e9 demais!<\/p>\n<p>\u2014 Ah, obrigada!<\/p>\n<p>\u2014 Nossa, voc\u00ea \u00e9 muito mais linda ao vivo! Posso bater uma foto?<\/p>\n<p>Ap\u00f3s quase 30 fotografias, as agora quase melhores amigas se despedem com aquele abra\u00e7o apertado e dois beijinhos nas faces. Cada uma vai para um lado. Dif\u00edcil mesmo \u00e9 afirmar quem saiu mais emocionada, se foi a f\u00e3 ou, ent\u00e3o, a quase famosa.<\/p>\n<p>Mas n\u00e3o pense voc\u00ea que vida de famosinha da internet \u00e9 f\u00e1cil. N\u00e3o mesmo! Pois fique sabendo que a nossa hero\u00edna do campo virtual precisa lidar com as coisas terrenas. Mulher, m\u00e3e, trabalhadora, esposa&#8230; Sem contar que nem sempre a criatividade chega no tempo certo para escrever aquele texto impactante, que vai viralizar.<\/p>\n<p>Jaqueline tem l\u00e1 seus receios, pois n\u00e3o quer publicar abobrinhas. Entretanto, isso n\u00e3o a impede de postar, postar e postar seus pensamentos e sentimentos. \u00c9 complicado, mas seja o que Deus quiser!<\/p>\n<p>\u2026\u2026\u2026\u2026\u2026\u2026\u2026\u2026\u2026\u2026\u2026\u2026<\/p>\n<p><strong>Eduardo Mart\u00ednez \u00e9 autor do livro \u201957 Contos e Cr\u00f4nicas por um Autor Muito Velho\u2019<\/strong><\/p>\n<p><strong>Compre aqui<\/strong>\u00a0<img decoding=\"async\" class=\"emoji\" role=\"img\" draggable=\"false\" src=\"https:\/\/s.w.org\/images\/core\/emoji\/16.0.1\/svg\/1f447-1f3ff.svg\" alt=\"\" \/><\/p>\n<p><a href=\"https:\/\/www.joanineditora.com.br\/57-contos-e-cronicas-por-um-autor-muito-velho\">https:\/\/www.joanineditora.com.br\/57-contos-e-cronicas-por-um-autor-muito-velho<\/a><\/p>\n","protected":false},"excerpt":{"rendered":"<p>Jaqueline \u00e9, por assim dizer, influenciadora, haja vista os milhares de seguidores que comprovavam facilmente tal condi\u00e7\u00e3o. Influencer, prefere, como se isso significasse dois ou tr\u00eas degraus acima na concorrida escala das subcelebridades. Vez ou outra, a mulher \u00e9 abordada por algum f\u00e3 na rua ou na fila do mercado. Ela finge naturalidade, apesar dos [&hellip;]<\/p>\n","protected":false},"author":21,"featured_media":359812,"comment_status":"closed","ping_status":"closed","sticky":false,"template":"","format":"standard","meta":{"_acf_changed":false,"footnotes":""},"categories":[161],"tags":[],"class_list":["post-359807","post","type-post","status-publish","format-standard","has-post-thumbnail","hentry","category-quadradinho-em-foco"],"acf":[],"_links":{"self":[{"href":"https:\/\/www.notibras.com\/site\/wp-json\/wp\/v2\/posts\/359807","targetHints":{"allow":["GET"]}}],"collection":[{"href":"https:\/\/www.notibras.com\/site\/wp-json\/wp\/v2\/posts"}],"about":[{"href":"https:\/\/www.notibras.com\/site\/wp-json\/wp\/v2\/types\/post"}],"author":[{"embeddable":true,"href":"https:\/\/www.notibras.com\/site\/wp-json\/wp\/v2\/users\/21"}],"replies":[{"embeddable":true,"href":"https:\/\/www.notibras.com\/site\/wp-json\/wp\/v2\/comments?post=359807"}],"version-history":[{"count":1,"href":"https:\/\/www.notibras.com\/site\/wp-json\/wp\/v2\/posts\/359807\/revisions"}],"predecessor-version":[{"id":359827,"href":"https:\/\/www.notibras.com\/site\/wp-json\/wp\/v2\/posts\/359807\/revisions\/359827"}],"wp:featuredmedia":[{"embeddable":true,"href":"https:\/\/www.notibras.com\/site\/wp-json\/wp\/v2\/media\/359812"}],"wp:attachment":[{"href":"https:\/\/www.notibras.com\/site\/wp-json\/wp\/v2\/media?parent=359807"}],"wp:term":[{"taxonomy":"category","embeddable":true,"href":"https:\/\/www.notibras.com\/site\/wp-json\/wp\/v2\/categories?post=359807"},{"taxonomy":"post_tag","embeddable":true,"href":"https:\/\/www.notibras.com\/site\/wp-json\/wp\/v2\/tags?post=359807"}],"curies":[{"name":"wp","href":"https:\/\/api.w.org\/{rel}","templated":true}]}}