{"id":359824,"date":"2025-07-30T07:47:35","date_gmt":"2025-07-30T10:47:35","guid":{"rendered":"https:\/\/www.notibras.com\/site\/?p=359678"},"modified":"2025-07-30T07:47:35","modified_gmt":"2025-07-30T10:47:35","slug":"consorcio-nordeste-pede-ajuda-a-lula-para-exportar","status":"publish","type":"post","link":"https:\/\/www.notibras.com\/site\/consorcio-nordeste-pede-ajuda-a-lula-para-exportar\/","title":{"rendered":"Cons\u00f3rcio Nordeste pede ajuda a Lula para exportar"},"content":{"rendered":"<p>Os governadores do Cons\u00f3rcio Nordeste se reunir\u00e3o com o presidente Luiz In\u00e1cio Lula da Silva em Bras\u00edlia para discutir o tarifa\u00e7o sobre as exporta\u00e7\u00f5es brasileiras anunciado pelos EUA. Segundo o cons\u00f3rcio, diante do an\u00fancio, foi dado in\u00edcio a uma articula\u00e7\u00e3o \u201cemergencial\u201d com a APEXBrasil e o Minist\u00e9rio do Desenvolvimento, Ind\u00fastria, Com\u00e9rcio e Servi\u00e7os (MDIC), com o objetivo de proteger os setores produtivos da regi\u00e3o e evitar preju\u00edzos \u00e0 economia e ao emprego nos estados nordestinos.<\/p>\n<p>A iniciativa visa um maior alinhamento com o governo federal em torno das medidas a serem tomadas para enfrentar o tarifa\u00e7o. Os encontros est\u00e3o previstos para a ter\u00e7a (5) e quarta-feira (6) da pr\u00f3xima semana ap\u00f3s o prazo dado pelo governo estadunidense para impor a taxa\u00e7\u00e3o de 50% sobre todas as exporta\u00e7\u00f5es brasileiras, na sexta-feira (1\u00ba).<\/p>\n<p>Segundo a articula\u00e7\u00e3o dos governadores nordestinos, as tarifas norte-americanas atingem diretamente cadeias produtivas estrat\u00e9gicas da regi\u00e3o, como fruticultura, apicultura, setor t\u00eaxtil, cal\u00e7adista, metalmec\u00e2nico e ind\u00fastria automotiva.<\/p>\n<p>\u201cO Nordeste n\u00e3o assistir\u00e1 passivamente ao impacto dessas medidas. Estamos somando for\u00e7as com a APEXBrasil e o MDIC para garantir a prote\u00e7\u00e3o dos nossos empregos, das nossas empresas e da nossa capacidade produtiva\u201d, afirmou o presidente do Cons\u00f3rcio Nordeste, governador do Piau\u00ed, Rafael Fonteles.<\/p>\n<p>A articula\u00e7\u00e3o informou que est\u00e1 conduzindo um mapeamento t\u00e9cnico dos impactos por estado e por setor, estimando perdas econ\u00f4micas e identificando empresas e produtos atingidos. A proposta \u00e9 articular novos mercados, refor\u00e7ar a capilaridade das exporta\u00e7\u00f5es e conectar os produtos nordestinos a novas rotas internacionais.<\/p>\n<p>Segundo agenda divulgada pelo cons\u00f3rcio, na ter\u00e7a pela manh\u00e3, os governadores participar\u00e3o na reuni\u00e3o do Conselho de Desenvolvimento Econ\u00f4mico Social Sustent\u00e1vel (CDESS), o Conselh\u00e3o, onde o presidente Lula debater\u00e1 o impacto das tarifas americanas.<\/p>\n<p>Na sequ\u00eancia, na parte da tarde, ser\u00e1 realizada a Assembleia Geral do Cons\u00f3rcio Nordeste. J\u00e1 na quarta-feira, haver\u00e1 uma reuni\u00e3o no Pal\u00e1cio do Planalto com o presidente Lula, o vice-presidente Geraldo Alckmin e a ministra das Rela\u00e7\u00f5es Institucionais, Gleisi Hoffmann.<\/p>\n<p>\u201cDefender a economia do Nordeste \u00e9 defender o Brasil. E \u00e9 com esse esp\u00edrito que estamos somando for\u00e7as\u201d, concluiu Rafael Fonteles.<\/p>\n","protected":false},"excerpt":{"rendered":"<p>Os governadores do Cons\u00f3rcio Nordeste se reunir\u00e3o com o presidente Luiz In\u00e1cio Lula da Silva em Bras\u00edlia para discutir o tarifa\u00e7o sobre as exporta\u00e7\u00f5es brasileiras anunciado pelos EUA. Segundo o cons\u00f3rcio, diante do an\u00fancio, foi dado in\u00edcio a uma articula\u00e7\u00e3o \u201cemergencial\u201d com a APEXBrasil e o Minist\u00e9rio do Desenvolvimento, Ind\u00fastria, Com\u00e9rcio e Servi\u00e7os (MDIC), com [&hellip;]<\/p>\n","protected":false},"author":2,"featured_media":359679,"comment_status":"closed","ping_status":"closed","sticky":false,"template":"","format":"standard","meta":{"_acf_changed":false,"footnotes":""},"categories":[165],"tags":[],"class_list":["post-359824","post","type-post","status-publish","format-standard","has-post-thumbnail","hentry","category-nordeste"],"acf":[],"_links":{"self":[{"href":"https:\/\/www.notibras.com\/site\/wp-json\/wp\/v2\/posts\/359824","targetHints":{"allow":["GET"]}}],"collection":[{"href":"https:\/\/www.notibras.com\/site\/wp-json\/wp\/v2\/posts"}],"about":[{"href":"https:\/\/www.notibras.com\/site\/wp-json\/wp\/v2\/types\/post"}],"author":[{"embeddable":true,"href":"https:\/\/www.notibras.com\/site\/wp-json\/wp\/v2\/users\/2"}],"replies":[{"embeddable":true,"href":"https:\/\/www.notibras.com\/site\/wp-json\/wp\/v2\/comments?post=359824"}],"version-history":[{"count":0,"href":"https:\/\/www.notibras.com\/site\/wp-json\/wp\/v2\/posts\/359824\/revisions"}],"wp:featuredmedia":[{"embeddable":true,"href":"https:\/\/www.notibras.com\/site\/wp-json\/wp\/v2\/media\/359679"}],"wp:attachment":[{"href":"https:\/\/www.notibras.com\/site\/wp-json\/wp\/v2\/media?parent=359824"}],"wp:term":[{"taxonomy":"category","embeddable":true,"href":"https:\/\/www.notibras.com\/site\/wp-json\/wp\/v2\/categories?post=359824"},{"taxonomy":"post_tag","embeddable":true,"href":"https:\/\/www.notibras.com\/site\/wp-json\/wp\/v2\/tags?post=359824"}],"curies":[{"name":"wp","href":"https:\/\/api.w.org\/{rel}","templated":true}]}}