{"id":359878,"date":"2025-08-03T06:52:29","date_gmt":"2025-08-03T09:52:29","guid":{"rendered":"https:\/\/www.notibras.com\/site\/?p=359878"},"modified":"2025-08-03T07:53:48","modified_gmt":"2025-08-03T10:53:48","slug":"emissario-de-trump-vai-aparar-arestas-com-putin","status":"publish","type":"post","link":"https:\/\/www.notibras.com\/site\/emissario-de-trump-vai-aparar-arestas-com-putin\/","title":{"rendered":"Emiss\u00e1rio de Trump vai aparar arestas com Putin"},"content":{"rendered":"<p>O enviado especial do presidente dos EUA, Donald Trump, Steve Witkoff, est\u00e1 em Moscou neste fim de semana, disse o representante permanente dos Estados Unidos na OTAN, Matthew Whitaker.<\/p>\n<p>Ele expressou a esperan\u00e7a de um &#8220;avan\u00e7o&#8221; na resolu\u00e7\u00e3o do conflito na Ucr\u00e2nia e outras crises mundiais que envolvam diretamente a duas pot\u00eancias at\u00f4micas.<\/p>\n<p>&#8220;Sei que Steve Witkoff, que \u00e9 enviado especial do presidente Trump, est\u00e1 em Moscou neste fim de semana, e espero que ele possa ter um avan\u00e7o&#8221;, disse Whitaker em uma entrevista.<\/p>\n","protected":false},"excerpt":{"rendered":"<p>O enviado especial do presidente dos EUA, Donald Trump, Steve Witkoff, est\u00e1 em Moscou neste fim de semana, disse o representante permanente dos Estados Unidos na OTAN, Matthew Whitaker. Ele expressou a esperan\u00e7a de um &#8220;avan\u00e7o&#8221; na resolu\u00e7\u00e3o do conflito na Ucr\u00e2nia e outras crises mundiais que envolvam diretamente a duas pot\u00eancias at\u00f4micas. &#8220;Sei que [&hellip;]<\/p>\n","protected":false},"author":2,"featured_media":359879,"comment_status":"closed","ping_status":"closed","sticky":false,"template":"","format":"standard","meta":{"_acf_changed":false,"footnotes":""},"categories":[159],"tags":[],"class_list":["post-359878","post","type-post","status-publish","format-standard","has-post-thumbnail","hentry","category-apocalipse"],"acf":[],"yoast_head":"<!-- This site is optimized with the Yoast SEO plugin v27.2 - https:\/\/yoast.com\/product\/yoast-seo-wordpress\/ -->\n<title>Emiss\u00e1rio de Trump vai aparar arestas com Putin - Notibras<\/title>\n<meta name=\"robots\" content=\"index, follow, max-snippet:-1, max-image-preview:large, max-video-preview:-1\" \/>\n<link rel=\"canonical\" href=\"https:\/\/www.notibras.com\/site\/emissario-de-trump-vai-aparar-arestas-com-putin\/\" \/>\n<meta property=\"og:locale\" content=\"pt_BR\" \/>\n<meta property=\"og:type\" content=\"article\" \/>\n<meta property=\"og:title\" content=\"Emiss\u00e1rio de Trump vai aparar arestas com Putin - Notibras\" \/>\n<meta property=\"og:description\" content=\"O enviado especial do presidente dos EUA, Donald Trump, Steve Witkoff, est\u00e1 em Moscou neste fim de semana, disse o representante permanente dos Estados Unidos na OTAN, Matthew Whitaker. Ele expressou a esperan\u00e7a de um &#8220;avan\u00e7o&#8221; na resolu\u00e7\u00e3o do conflito na Ucr\u00e2nia e outras crises mundiais que envolvam diretamente a duas pot\u00eancias at\u00f4micas. &#8220;Sei que [&hellip;]\" \/>\n<meta property=\"og:url\" content=\"https:\/\/www.notibras.com\/site\/emissario-de-trump-vai-aparar-arestas-com-putin\/\" \/>\n<meta property=\"og:site_name\" content=\"Notibras\" \/>\n<meta property=\"article:publisher\" content=\"https:\/\/www.facebook.com\/notibras\/\" \/>\n<meta property=\"article:published_time\" content=\"2025-08-03T09:52:29+00:00\" \/>\n<meta property=\"article:modified_time\" content=\"2025-08-03T10:53:48+00:00\" \/>\n<meta property=\"og:image\" content=\"https:\/\/www.notibras.com\/site\/wp-content\/uploads\/2025\/08\/1122476580_0_161_3071_1888_1920x0_80_0_0_ff28106c21fe59be58f08e1144db4a4b.jpg.webp\" \/>\n\t<meta property=\"og:image:width\" content=\"1920\" \/>\n\t<meta property=\"og:image:height\" content=\"1079\" \/>\n\t<meta property=\"og:image:type\" content=\"image\/webp\" \/>\n<meta name=\"author\" content=\"Reda\u00e7\u00e3o\" \/>\n<meta name=\"twitter:card\" content=\"summary_large_image\" \/>\n<meta name=\"twitter:creator\" content=\"@Notibras\" \/>\n<meta name=\"twitter:site\" content=\"@Notibras\" \/>\n<meta name=\"twitter:label1\" content=\"Escrito por\" \/>\n\t<meta name=\"twitter:data1\" content=\"Reda\u00e7\u00e3o\" \/>\n\t<meta name=\"twitter:label2\" content=\"Est. tempo de leitura\" \/>\n\t<meta name=\"twitter:data2\" content=\"1 minuto\" \/>\n<script type=\"application\/ld+json\" class=\"yoast-schema-graph\">{\"@context\":\"https:\/\/schema.org\",\"@graph\":[{\"@type\":\"Article\",\"@id\":\"https:\/\/www.notibras.com\/site\/emissario-de-trump-vai-aparar-arestas-com-putin\/#article\",\"isPartOf\":{\"@id\":\"https:\/\/www.notibras.com\/site\/emissario-de-trump-vai-aparar-arestas-com-putin\/\"},\"author\":{\"name\":\"Reda\u00e7\u00e3o\",\"@id\":\"https:\/\/www.notibras.com\/site\/#\/schema\/person\/36ab0979449956132d3e5b517ea76ac8\"},\"headline\":\"Emiss\u00e1rio de Trump vai aparar arestas com Putin\",\"datePublished\":\"2025-08-03T09:52:29+00:00\",\"dateModified\":\"2025-08-03T10:53:48+00:00\",\"mainEntityOfPage\":{\"@id\":\"https:\/\/www.notibras.com\/site\/emissario-de-trump-vai-aparar-arestas-com-putin\/\"},\"wordCount\":99,\"publisher\":{\"@id\":\"https:\/\/www.notibras.com\/site\/#organization\"},\"image\":{\"@id\":\"https:\/\/www.notibras.com\/site\/emissario-de-trump-vai-aparar-arestas-com-putin\/#primaryimage\"},\"thumbnailUrl\":\"https:\/\/www.notibras.com\/site\/wp-content\/uploads\/2025\/08\/1122476580_0_161_3071_1888_1920x0_80_0_0_ff28106c21fe59be58f08e1144db4a4b.jpg.webp\",\"articleSection\":[\"Apocalipse\"],\"inLanguage\":\"pt-BR\"},{\"@type\":\"WebPage\",\"@id\":\"https:\/\/www.notibras.com\/site\/emissario-de-trump-vai-aparar-arestas-com-putin\/\",\"url\":\"https:\/\/www.notibras.com\/site\/emissario-de-trump-vai-aparar-arestas-com-putin\/\",\"name\":\"Emiss\u00e1rio de Trump vai aparar arestas com Putin - Notibras\",\"isPartOf\":{\"@id\":\"https:\/\/www.notibras.com\/site\/#website\"},\"primaryImageOfPage\":{\"@id\":\"https:\/\/www.notibras.com\/site\/emissario-de-trump-vai-aparar-arestas-com-putin\/#primaryimage\"},\"image\":{\"@id\":\"https:\/\/www.notibras.com\/site\/emissario-de-trump-vai-aparar-arestas-com-putin\/#primaryimage\"},\"thumbnailUrl\":\"https:\/\/www.notibras.com\/site\/wp-content\/uploads\/2025\/08\/1122476580_0_161_3071_1888_1920x0_80_0_0_ff28106c21fe59be58f08e1144db4a4b.jpg.webp\",\"datePublished\":\"2025-08-03T09:52:29+00:00\",\"dateModified\":\"2025-08-03T10:53:48+00:00\",\"breadcrumb\":{\"@id\":\"https:\/\/www.notibras.com\/site\/emissario-de-trump-vai-aparar-arestas-com-putin\/#breadcrumb\"},\"inLanguage\":\"pt-BR\",\"potentialAction\":[{\"@type\":\"ReadAction\",\"target\":[\"https:\/\/www.notibras.com\/site\/emissario-de-trump-vai-aparar-arestas-com-putin\/\"]}]},{\"@type\":\"ImageObject\",\"inLanguage\":\"pt-BR\",\"@id\":\"https:\/\/www.notibras.com\/site\/emissario-de-trump-vai-aparar-arestas-com-putin\/#primaryimage\",\"url\":\"https:\/\/www.notibras.com\/site\/wp-content\/uploads\/2025\/08\/1122476580_0_161_3071_1888_1920x0_80_0_0_ff28106c21fe59be58f08e1144db4a4b.jpg.webp\",\"contentUrl\":\"https:\/\/www.notibras.com\/site\/wp-content\/uploads\/2025\/08\/1122476580_0_161_3071_1888_1920x0_80_0_0_ff28106c21fe59be58f08e1144db4a4b.jpg.webp\",\"width\":1920,\"height\":1079},{\"@type\":\"BreadcrumbList\",\"@id\":\"https:\/\/www.notibras.com\/site\/emissario-de-trump-vai-aparar-arestas-com-putin\/#breadcrumb\",\"itemListElement\":[{\"@type\":\"ListItem\",\"position\":1,\"name\":\"In\u00edcio\",\"item\":\"https:\/\/www.notibras.com\/site\/\"},{\"@type\":\"ListItem\",\"position\":2,\"name\":\"Emiss\u00e1rio de Trump vai aparar arestas com Putin\"}]},{\"@type\":\"WebSite\",\"@id\":\"https:\/\/www.notibras.com\/site\/#website\",\"url\":\"https:\/\/www.notibras.com\/site\/\",\"name\":\"Notibras\",\"description\":\"Not\u00edcias de Bras\u00edlia, do Brasil e do Mundo\",\"publisher\":{\"@id\":\"https:\/\/www.notibras.com\/site\/#organization\"},\"potentialAction\":[{\"@type\":\"SearchAction\",\"target\":{\"@type\":\"EntryPoint\",\"urlTemplate\":\"https:\/\/www.notibras.com\/site\/?s={search_term_string}\"},\"query-input\":{\"@type\":\"PropertyValueSpecification\",\"valueRequired\":true,\"valueName\":\"search_term_string\"}}],\"inLanguage\":\"pt-BR\"},{\"@type\":\"Organization\",\"@id\":\"https:\/\/www.notibras.com\/site\/#organization\",\"name\":\"Grupo Notibras de Comunica\u00e7\u00e3o\",\"url\":\"https:\/\/www.notibras.com\/site\/\",\"logo\":{\"@type\":\"ImageObject\",\"inLanguage\":\"pt-BR\",\"@id\":\"https:\/\/www.notibras.com\/site\/#\/schema\/logo\/image\/\",\"url\":\"https:\/\/www.notibras.com\/site\/wp-content\/uploads\/2023\/01\/notibras23.png\",\"contentUrl\":\"https:\/\/www.notibras.com\/site\/wp-content\/uploads\/2023\/01\/notibras23.png\",\"width\":350,\"height\":87,\"caption\":\"Grupo Notibras de Comunica\u00e7\u00e3o\"},\"image\":{\"@id\":\"https:\/\/www.notibras.com\/site\/#\/schema\/logo\/image\/\"},\"sameAs\":[\"https:\/\/www.facebook.com\/notibras\/\",\"https:\/\/x.com\/Notibras\",\"https:\/\/www.instagram.com\/notibras\/\"]},{\"@type\":\"Person\",\"@id\":\"https:\/\/www.notibras.com\/site\/#\/schema\/person\/36ab0979449956132d3e5b517ea76ac8\",\"name\":\"Reda\u00e7\u00e3o\",\"image\":{\"@type\":\"ImageObject\",\"inLanguage\":\"pt-BR\",\"@id\":\"https:\/\/secure.gravatar.com\/avatar\/e0a867bdedb85fd243eadf09663511f96fc81e0720a4a42581f334ad4303aa6b?s=96&d=mm&r=g\",\"url\":\"https:\/\/secure.gravatar.com\/avatar\/e0a867bdedb85fd243eadf09663511f96fc81e0720a4a42581f334ad4303aa6b?s=96&d=mm&r=g\",\"contentUrl\":\"https:\/\/secure.gravatar.com\/avatar\/e0a867bdedb85fd243eadf09663511f96fc81e0720a4a42581f334ad4303aa6b?s=96&d=mm&r=g\",\"caption\":\"Reda\u00e7\u00e3o\"}}]}<\/script>\n<!-- \/ Yoast SEO plugin. -->","yoast_head_json":{"title":"Emiss\u00e1rio de Trump vai aparar arestas com Putin - Notibras","robots":{"index":"index","follow":"follow","max-snippet":"max-snippet:-1","max-image-preview":"max-image-preview:large","max-video-preview":"max-video-preview:-1"},"canonical":"https:\/\/www.notibras.com\/site\/emissario-de-trump-vai-aparar-arestas-com-putin\/","og_locale":"pt_BR","og_type":"article","og_title":"Emiss\u00e1rio de Trump vai aparar arestas com Putin - Notibras","og_description":"O enviado especial do presidente dos EUA, Donald Trump, Steve Witkoff, est\u00e1 em Moscou neste fim de semana, disse o representante permanente dos Estados Unidos na OTAN, Matthew Whitaker. Ele expressou a esperan\u00e7a de um &#8220;avan\u00e7o&#8221; na resolu\u00e7\u00e3o do conflito na Ucr\u00e2nia e outras crises mundiais que envolvam diretamente a duas pot\u00eancias at\u00f4micas. &#8220;Sei que [&hellip;]","og_url":"https:\/\/www.notibras.com\/site\/emissario-de-trump-vai-aparar-arestas-com-putin\/","og_site_name":"Notibras","article_publisher":"https:\/\/www.facebook.com\/notibras\/","article_published_time":"2025-08-03T09:52:29+00:00","article_modified_time":"2025-08-03T10:53:48+00:00","og_image":[{"width":1920,"height":1079,"url":"https:\/\/www.notibras.com\/site\/wp-content\/uploads\/2025\/08\/1122476580_0_161_3071_1888_1920x0_80_0_0_ff28106c21fe59be58f08e1144db4a4b.jpg.webp","type":"image\/webp"}],"author":"Reda\u00e7\u00e3o","twitter_card":"summary_large_image","twitter_creator":"@Notibras","twitter_site":"@Notibras","twitter_misc":{"Escrito por":"Reda\u00e7\u00e3o","Est. tempo de leitura":"1 minuto"},"schema":{"@context":"https:\/\/schema.org","@graph":[{"@type":"Article","@id":"https:\/\/www.notibras.com\/site\/emissario-de-trump-vai-aparar-arestas-com-putin\/#article","isPartOf":{"@id":"https:\/\/www.notibras.com\/site\/emissario-de-trump-vai-aparar-arestas-com-putin\/"},"author":{"name":"Reda\u00e7\u00e3o","@id":"https:\/\/www.notibras.com\/site\/#\/schema\/person\/36ab0979449956132d3e5b517ea76ac8"},"headline":"Emiss\u00e1rio de Trump vai aparar arestas com Putin","datePublished":"2025-08-03T09:52:29+00:00","dateModified":"2025-08-03T10:53:48+00:00","mainEntityOfPage":{"@id":"https:\/\/www.notibras.com\/site\/emissario-de-trump-vai-aparar-arestas-com-putin\/"},"wordCount":99,"publisher":{"@id":"https:\/\/www.notibras.com\/site\/#organization"},"image":{"@id":"https:\/\/www.notibras.com\/site\/emissario-de-trump-vai-aparar-arestas-com-putin\/#primaryimage"},"thumbnailUrl":"https:\/\/www.notibras.com\/site\/wp-content\/uploads\/2025\/08\/1122476580_0_161_3071_1888_1920x0_80_0_0_ff28106c21fe59be58f08e1144db4a4b.jpg.webp","articleSection":["Apocalipse"],"inLanguage":"pt-BR"},{"@type":"WebPage","@id":"https:\/\/www.notibras.com\/site\/emissario-de-trump-vai-aparar-arestas-com-putin\/","url":"https:\/\/www.notibras.com\/site\/emissario-de-trump-vai-aparar-arestas-com-putin\/","name":"Emiss\u00e1rio de Trump vai aparar arestas com Putin - Notibras","isPartOf":{"@id":"https:\/\/www.notibras.com\/site\/#website"},"primaryImageOfPage":{"@id":"https:\/\/www.notibras.com\/site\/emissario-de-trump-vai-aparar-arestas-com-putin\/#primaryimage"},"image":{"@id":"https:\/\/www.notibras.com\/site\/emissario-de-trump-vai-aparar-arestas-com-putin\/#primaryimage"},"thumbnailUrl":"https:\/\/www.notibras.com\/site\/wp-content\/uploads\/2025\/08\/1122476580_0_161_3071_1888_1920x0_80_0_0_ff28106c21fe59be58f08e1144db4a4b.jpg.webp","datePublished":"2025-08-03T09:52:29+00:00","dateModified":"2025-08-03T10:53:48+00:00","breadcrumb":{"@id":"https:\/\/www.notibras.com\/site\/emissario-de-trump-vai-aparar-arestas-com-putin\/#breadcrumb"},"inLanguage":"pt-BR","potentialAction":[{"@type":"ReadAction","target":["https:\/\/www.notibras.com\/site\/emissario-de-trump-vai-aparar-arestas-com-putin\/"]}]},{"@type":"ImageObject","inLanguage":"pt-BR","@id":"https:\/\/www.notibras.com\/site\/emissario-de-trump-vai-aparar-arestas-com-putin\/#primaryimage","url":"https:\/\/www.notibras.com\/site\/wp-content\/uploads\/2025\/08\/1122476580_0_161_3071_1888_1920x0_80_0_0_ff28106c21fe59be58f08e1144db4a4b.jpg.webp","contentUrl":"https:\/\/www.notibras.com\/site\/wp-content\/uploads\/2025\/08\/1122476580_0_161_3071_1888_1920x0_80_0_0_ff28106c21fe59be58f08e1144db4a4b.jpg.webp","width":1920,"height":1079},{"@type":"BreadcrumbList","@id":"https:\/\/www.notibras.com\/site\/emissario-de-trump-vai-aparar-arestas-com-putin\/#breadcrumb","itemListElement":[{"@type":"ListItem","position":1,"name":"In\u00edcio","item":"https:\/\/www.notibras.com\/site\/"},{"@type":"ListItem","position":2,"name":"Emiss\u00e1rio de Trump vai aparar arestas com Putin"}]},{"@type":"WebSite","@id":"https:\/\/www.notibras.com\/site\/#website","url":"https:\/\/www.notibras.com\/site\/","name":"Notibras","description":"Not\u00edcias de Bras\u00edlia, do Brasil e do Mundo","publisher":{"@id":"https:\/\/www.notibras.com\/site\/#organization"},"potentialAction":[{"@type":"SearchAction","target":{"@type":"EntryPoint","urlTemplate":"https:\/\/www.notibras.com\/site\/?s={search_term_string}"},"query-input":{"@type":"PropertyValueSpecification","valueRequired":true,"valueName":"search_term_string"}}],"inLanguage":"pt-BR"},{"@type":"Organization","@id":"https:\/\/www.notibras.com\/site\/#organization","name":"Grupo Notibras de Comunica\u00e7\u00e3o","url":"https:\/\/www.notibras.com\/site\/","logo":{"@type":"ImageObject","inLanguage":"pt-BR","@id":"https:\/\/www.notibras.com\/site\/#\/schema\/logo\/image\/","url":"https:\/\/www.notibras.com\/site\/wp-content\/uploads\/2023\/01\/notibras23.png","contentUrl":"https:\/\/www.notibras.com\/site\/wp-content\/uploads\/2023\/01\/notibras23.png","width":350,"height":87,"caption":"Grupo Notibras de Comunica\u00e7\u00e3o"},"image":{"@id":"https:\/\/www.notibras.com\/site\/#\/schema\/logo\/image\/"},"sameAs":["https:\/\/www.facebook.com\/notibras\/","https:\/\/x.com\/Notibras","https:\/\/www.instagram.com\/notibras\/"]},{"@type":"Person","@id":"https:\/\/www.notibras.com\/site\/#\/schema\/person\/36ab0979449956132d3e5b517ea76ac8","name":"Reda\u00e7\u00e3o","image":{"@type":"ImageObject","inLanguage":"pt-BR","@id":"https:\/\/secure.gravatar.com\/avatar\/e0a867bdedb85fd243eadf09663511f96fc81e0720a4a42581f334ad4303aa6b?s=96&d=mm&r=g","url":"https:\/\/secure.gravatar.com\/avatar\/e0a867bdedb85fd243eadf09663511f96fc81e0720a4a42581f334ad4303aa6b?s=96&d=mm&r=g","contentUrl":"https:\/\/secure.gravatar.com\/avatar\/e0a867bdedb85fd243eadf09663511f96fc81e0720a4a42581f334ad4303aa6b?s=96&d=mm&r=g","caption":"Reda\u00e7\u00e3o"}}]}},"amp_enabled":true,"_links":{"self":[{"href":"https:\/\/www.notibras.com\/site\/wp-json\/wp\/v2\/posts\/359878","targetHints":{"allow":["GET"]}}],"collection":[{"href":"https:\/\/www.notibras.com\/site\/wp-json\/wp\/v2\/posts"}],"about":[{"href":"https:\/\/www.notibras.com\/site\/wp-json\/wp\/v2\/types\/post"}],"author":[{"embeddable":true,"href":"https:\/\/www.notibras.com\/site\/wp-json\/wp\/v2\/users\/2"}],"replies":[{"embeddable":true,"href":"https:\/\/www.notibras.com\/site\/wp-json\/wp\/v2\/comments?post=359878"}],"version-history":[{"count":1,"href":"https:\/\/www.notibras.com\/site\/wp-json\/wp\/v2\/posts\/359878\/revisions"}],"predecessor-version":[{"id":359880,"href":"https:\/\/www.notibras.com\/site\/wp-json\/wp\/v2\/posts\/359878\/revisions\/359880"}],"wp:featuredmedia":[{"embeddable":true,"href":"https:\/\/www.notibras.com\/site\/wp-json\/wp\/v2\/media\/359879"}],"wp:attachment":[{"href":"https:\/\/www.notibras.com\/site\/wp-json\/wp\/v2\/media?parent=359878"}],"wp:term":[{"taxonomy":"category","embeddable":true,"href":"https:\/\/www.notibras.com\/site\/wp-json\/wp\/v2\/categories?post=359878"},{"taxonomy":"post_tag","embeddable":true,"href":"https:\/\/www.notibras.com\/site\/wp-json\/wp\/v2\/tags?post=359878"}],"curies":[{"name":"wp","href":"https:\/\/api.w.org\/{rel}","templated":true}]}}