{"id":359887,"date":"2025-08-03T01:27:50","date_gmt":"2025-08-03T04:27:50","guid":{"rendered":"https:\/\/www.notibras.com\/site\/?p=359887"},"modified":"2025-08-03T08:20:44","modified_gmt":"2025-08-03T11:20:44","slug":"o-encontro-do-sol-vento-e-cultura-que-transforma-a-regiao","status":"publish","type":"post","link":"https:\/\/www.notibras.com\/site\/o-encontro-do-sol-vento-e-cultura-que-transforma-a-regiao\/","title":{"rendered":"O encontro do sol, vento e cultura que transforma a regi\u00e3o"},"content":{"rendered":"<p>De um lado, o vento constante que move turbinas e atrai esportistas do mundo inteiro. Do outro, praias paradis\u00edacas que se estendem por mais de 570 km de litoral. Entre dunas, fal\u00e9sias e o azul do Atl\u00e2ntico, o Cear\u00e1 se firma como um dos estados mais vibrantes do Nordeste brasileiro \u2014 unindo crescimento econ\u00f4mico, turismo sustent\u00e1vel e uma cultura que pulsa em cada esquina.<\/p>\n<p>Em 2025, o Cear\u00e1 bateu recorde no setor tur\u00edstico, recebendo mais de 3 milh\u00f5es de visitantes nacionais e internacionais, segundo a Secretaria de Turismo do Estado. Destinos como Jericoacoara, considerada uma das praias mais bonitas do mundo, e Canoa Quebrada, famosa por suas fal\u00e9sias avermelhadas, s\u00e3o os carros-chefes do turismo cearense.<\/p>\n<p>O sol presente em quase todos os dias do ano tornou o estado um ponto estrat\u00e9gico para esportes aqu\u00e1ticos, como kitesurf e windsurf. \u201cAqui o vento n\u00e3o falha. \u00c9 perfeito para treinar e para viver experi\u00eancias \u00fanicas\u201d, afirma Lena Morales, turista chilena que visita a Praia do Pre\u00e1 pela segunda vez.<\/p>\n<p>Para impulsionar ainda mais o setor, o governo investe em infraestrutura e promo\u00e7\u00e3o internacional, com novos voos diretos para a Europa e Am\u00e9rica Latina, al\u00e9m da expans\u00e3o do Aeroporto Internacional Pinto Martins, em Fortaleza.<\/p>\n<p>Mais do que um para\u00edso tur\u00edstico, o Cear\u00e1 \u00e9 l\u00edder em energia e\u00f3lica no Brasil. Os ventos constantes do litoral alimentam parques e\u00f3licos que transformam a matriz energ\u00e9tica do pa\u00eds. Atualmente, cerca de 40% da energia consumida no estado j\u00e1 vem de fontes renov\u00e1veis.<\/p>\n<p>Segundo Marcos Albuquerque, secret\u00e1rio estadual de Desenvolvimento Econ\u00f4mico, a energia limpa n\u00e3o s\u00f3 atrai investimentos, mas tamb\u00e9m movimenta o turismo tecnol\u00f3gico:<\/p>\n<p>\u201cTemos visitantes que v\u00eam conhecer os parques e\u00f3licos e solares do interior. O Cear\u00e1 est\u00e1 se tornando um modelo de sustentabilidade para o Brasil e o mundo.\u201d<\/p>\n<p>Seja nas praias, nos mercados ou nas pra\u00e7as, o Cear\u00e1 respira cultura. Fortaleza \u00e9 um celeiro de humoristas, com casas de show lotadas todas as noites, enquanto o interior mant\u00e9m vivas as tradi\u00e7\u00f5es do forr\u00f3 p\u00e9 de serra e do artesanato em palha, barro e madeira.<\/p>\n<p>O Centro Drag\u00e3o do Mar de Arte e Cultura, na capital, re\u00fane exposi\u00e7\u00f5es, cinema e apresenta\u00e7\u00f5es teatrais, tornando-se um ponto de encontro para artistas e turistas. Al\u00e9m disso, o S\u00e3o Jo\u00e3o de Maracana\u00fa e a Feira Nacional de Artesanato de Juazeiro do Norte movimentam milhares de visitantes, refor\u00e7ando o valor cultural e econ\u00f4mico dessas tradi\u00e7\u00f5es.<\/p>\n<p>O Cear\u00e1 \u00e9 hoje um retrato do Nordeste moderno: cheio de sol, vento, cultura e oportunidades. Entre praias que encantam, festas que contagiam e um futuro cada vez mais sustent\u00e1vel, o estado mostra que sabe valorizar suas ra\u00edzes enquanto investe no progresso.<\/p>\n","protected":false},"excerpt":{"rendered":"<p>De um lado, o vento constante que move turbinas e atrai esportistas do mundo inteiro. Do outro, praias paradis\u00edacas que se estendem por mais de 570 km de litoral. Entre dunas, fal\u00e9sias e o azul do Atl\u00e2ntico, o Cear\u00e1 se firma como um dos estados mais vibrantes do Nordeste brasileiro \u2014 unindo crescimento econ\u00f4mico, turismo [&hellip;]<\/p>\n","protected":false},"author":2,"featured_media":359888,"comment_status":"closed","ping_status":"closed","sticky":false,"template":"","format":"standard","meta":{"_acf_changed":false,"footnotes":""},"categories":[165],"tags":[],"class_list":["post-359887","post","type-post","status-publish","format-standard","has-post-thumbnail","hentry","category-nordeste"],"acf":[],"_links":{"self":[{"href":"https:\/\/www.notibras.com\/site\/wp-json\/wp\/v2\/posts\/359887","targetHints":{"allow":["GET"]}}],"collection":[{"href":"https:\/\/www.notibras.com\/site\/wp-json\/wp\/v2\/posts"}],"about":[{"href":"https:\/\/www.notibras.com\/site\/wp-json\/wp\/v2\/types\/post"}],"author":[{"embeddable":true,"href":"https:\/\/www.notibras.com\/site\/wp-json\/wp\/v2\/users\/2"}],"replies":[{"embeddable":true,"href":"https:\/\/www.notibras.com\/site\/wp-json\/wp\/v2\/comments?post=359887"}],"version-history":[{"count":1,"href":"https:\/\/www.notibras.com\/site\/wp-json\/wp\/v2\/posts\/359887\/revisions"}],"predecessor-version":[{"id":359889,"href":"https:\/\/www.notibras.com\/site\/wp-json\/wp\/v2\/posts\/359887\/revisions\/359889"}],"wp:featuredmedia":[{"embeddable":true,"href":"https:\/\/www.notibras.com\/site\/wp-json\/wp\/v2\/media\/359888"}],"wp:attachment":[{"href":"https:\/\/www.notibras.com\/site\/wp-json\/wp\/v2\/media?parent=359887"}],"wp:term":[{"taxonomy":"category","embeddable":true,"href":"https:\/\/www.notibras.com\/site\/wp-json\/wp\/v2\/categories?post=359887"},{"taxonomy":"post_tag","embeddable":true,"href":"https:\/\/www.notibras.com\/site\/wp-json\/wp\/v2\/tags?post=359887"}],"curies":[{"name":"wp","href":"https:\/\/api.w.org\/{rel}","templated":true}]}}