{"id":359911,"date":"2025-08-03T00:39:38","date_gmt":"2025-08-03T03:39:38","guid":{"rendered":"https:\/\/www.notibras.com\/site\/?p=359911"},"modified":"2025-08-03T09:42:20","modified_gmt":"2025-08-03T12:42:20","slug":"cobrado-pelo-tribunal-de-contas-ney-ferraz-deixa-equipe-de-ibaneis","status":"publish","type":"post","link":"https:\/\/www.notibras.com\/site\/cobrado-pelo-tribunal-de-contas-ney-ferraz-deixa-equipe-de-ibaneis\/","title":{"rendered":"Cobrado pelo Tribunal de Contas, Ney Ferraz deixa equipe de Ibaneis"},"content":{"rendered":"<p>O secret\u00e1rio de Estado de Economia do Distrito Federal, Ney Ferraz, anunciou seu pedido de exonera\u00e7\u00e3o do cargo. Em carta divulgada \u00e0 imprensa, Ferraz afirmou que a decis\u00e3o foi tomada por iniciativa pr\u00f3pria, motivada por um &#8220;profundo senso de responsabilidade e respeito\u201d ao trabalho conduzido pelo governador Ibaneis Rocha.<\/p>\n<p>O afastamento do governo, segundo ele, \u00e9 necess\u00e1rio para enfrentar um \u201cepis\u00f3dio pessoal extremamente doloroso\u201d, marcado por acusa\u00e7\u00f5es \u201cinfundadas e injustas\u201d. Apesar disso, demonstrou confian\u00e7a no sistema judici\u00e1rio e afirmou acreditar que \u201ctudo ser\u00e1 devidamente esclarecido\u201d.<\/p>\n<p>Ferraz destacou os avan\u00e7os obtidos durante sua gest\u00e3o na pasta da Economia, citando o equil\u00edbrio fiscal, a moderniza\u00e7\u00e3o da administra\u00e7\u00e3o p\u00fablica e o fortalecimento dos servi\u00e7os essenciais. Entre as principais realiza\u00e7\u00f5es, mencionou o pagamento em dia dos servidores, a cria\u00e7\u00e3o do plano de sa\u00fade para o funcionalismo, a nomea\u00e7\u00e3o de mais de 30 mil servidores concursados e a amplia\u00e7\u00e3o da arrecada\u00e7\u00e3o sem aumento de impostos \u2014 com destaque para a redu\u00e7\u00e3o do ITBI.<\/p>\n<p>\u201cAdotamos medidas de fortalecimento da gest\u00e3o dos recursos p\u00fablicos e conduzimos, com transpar\u00eancia, uma pol\u00edtica austera de equil\u00edbrio entre responsabilidade fiscal e sensibilidade social\u201d, recordou.<\/p>\n<p>Servidor p\u00fablico federal, Ney Ferraz ainda reiterou sua lealdade ao governador Ibaneis Rocha, a quem atribuiu a lideran\u00e7a dos avan\u00e7os obtidos no Distrito Federal. \u201cSigo com orgulho de fazer parte dessa gest\u00e3o, que colocou o Distrito Federal no ranking das capitais com melhor qualidade do mundo. Isso \u00e9 o legado do governador Ibaneis Rocha, que tem liderado com coragem, sensibilidade e vis\u00e3o de futuro a capital do Brasil. Minha lealdade e admira\u00e7\u00e3o por ele permanecem intactas\u201d, frisou.<\/p>\n<p>Ele ainda agradeceu aos colegas pelos quatro anos \u00e0 frente das finan\u00e7as do GDF. \u201c\u00c0 equipe da Secretaria de Economia, minha gratid\u00e3o. Aos colegas de governo, agrade\u00e7o pelo companheirismo e confian\u00e7a. \u00c0 popula\u00e7\u00e3o do DF, reafirmo meu compromisso de continuar contribuindo, sempre, para o desenvolvimento da nossa capital \u2014 ainda que, por ora, de outra trincheira\u201d, concluiu.<\/p>\n<p>A exonera\u00e7\u00e3o dele deve ser publicada na segunda-feira (4), no Di\u00e1rio Oficial do DF (DODF). Quem assume o comando da Secretaria de Economia \u00e9 o auditor de controle interno, Daniel Izaias de Carvalho, atual diretor-presidente do Instituto de Assist\u00eancia \u00e0 Sa\u00fade dos Servidores do Distrito Federal (Inas)<\/p>\n","protected":false},"excerpt":{"rendered":"<p>O secret\u00e1rio de Estado de Economia do Distrito Federal, Ney Ferraz, anunciou seu pedido de exonera\u00e7\u00e3o do cargo. Em carta divulgada \u00e0 imprensa, Ferraz afirmou que a decis\u00e3o foi tomada por iniciativa pr\u00f3pria, motivada por um &#8220;profundo senso de responsabilidade e respeito\u201d ao trabalho conduzido pelo governador Ibaneis Rocha. O afastamento do governo, segundo ele, [&hellip;]<\/p>\n","protected":false},"author":2,"featured_media":359912,"comment_status":"closed","ping_status":"closed","sticky":false,"template":"","format":"standard","meta":{"_acf_changed":false,"footnotes":""},"categories":[161],"tags":[],"class_list":["post-359911","post","type-post","status-publish","format-standard","has-post-thumbnail","hentry","category-quadradinho-em-foco"],"acf":[],"_links":{"self":[{"href":"https:\/\/www.notibras.com\/site\/wp-json\/wp\/v2\/posts\/359911","targetHints":{"allow":["GET"]}}],"collection":[{"href":"https:\/\/www.notibras.com\/site\/wp-json\/wp\/v2\/posts"}],"about":[{"href":"https:\/\/www.notibras.com\/site\/wp-json\/wp\/v2\/types\/post"}],"author":[{"embeddable":true,"href":"https:\/\/www.notibras.com\/site\/wp-json\/wp\/v2\/users\/2"}],"replies":[{"embeddable":true,"href":"https:\/\/www.notibras.com\/site\/wp-json\/wp\/v2\/comments?post=359911"}],"version-history":[{"count":2,"href":"https:\/\/www.notibras.com\/site\/wp-json\/wp\/v2\/posts\/359911\/revisions"}],"predecessor-version":[{"id":359914,"href":"https:\/\/www.notibras.com\/site\/wp-json\/wp\/v2\/posts\/359911\/revisions\/359914"}],"wp:featuredmedia":[{"embeddable":true,"href":"https:\/\/www.notibras.com\/site\/wp-json\/wp\/v2\/media\/359912"}],"wp:attachment":[{"href":"https:\/\/www.notibras.com\/site\/wp-json\/wp\/v2\/media?parent=359911"}],"wp:term":[{"taxonomy":"category","embeddable":true,"href":"https:\/\/www.notibras.com\/site\/wp-json\/wp\/v2\/categories?post=359911"},{"taxonomy":"post_tag","embeddable":true,"href":"https:\/\/www.notibras.com\/site\/wp-json\/wp\/v2\/tags?post=359911"}],"curies":[{"name":"wp","href":"https:\/\/api.w.org\/{rel}","templated":true}]}}