{"id":359918,"date":"2025-08-03T12:00:03","date_gmt":"2025-08-03T15:00:03","guid":{"rendered":"https:\/\/www.notibras.com\/site\/?p=359918"},"modified":"2025-08-03T14:14:43","modified_gmt":"2025-08-03T17:14:43","slug":"quando-a-cidade-vira-motivo-de-orgulho-do-povo","status":"publish","type":"post","link":"https:\/\/www.notibras.com\/site\/quando-a-cidade-vira-motivo-de-orgulho-do-povo\/","title":{"rendered":"Quando a cidade vira motivo de orgulho do povo"},"content":{"rendered":"<p>Autoestima coletiva n\u00e3o se imp\u00f5e, se constr\u00f3i. E n\u00e3o se constr\u00f3i apenas com obras ou an\u00fancios de governo. Ela nasce do que \u00e9 vis\u00edvel, sim, mas tamb\u00e9m do que \u00e9 vivido. Um lugar onde o poder p\u00fablico cumpre seu papel com seriedade inspira confian\u00e7a, e essa confian\u00e7a, quando compartilhada, vira orgulho.<\/p>\n<p>\u00c9 nesse espa\u00e7o que o chamado \u201cbairrismo sadio\u201d ganha for\u00e7a. Aquele sentimento leg\u00edtimo de quem defende sua cidade n\u00e3o por comodismo ou fanatismo, mas porque reconhece suas qualidades e aposta no seu potencial. Orgulho bom \u00e9 o que une, n\u00e3o o que afasta. \u00c9 o que incentiva o cuidado com a rua, a pra\u00e7a, a escola p\u00fablica, o com\u00e9rcio do bairro. \u00c9 o que leva algu\u00e9m a dizer com convic\u00e7\u00e3o que mora ali, trabalha ali, e acredita no que ali pode ser.<\/p>\n<p>Alguns exemplos ajudam a ilustrar isso. Bras\u00edlia, tantas vezes rotulada pelo notici\u00e1rio pol\u00edtico, conseguiu construir uma refer\u00eancia positiva que resistiu ao tempo. Quando se decidiu investir numa campanha para que os motoristas respeitassem a faixa de pedestres, muita gente duvidou. Mas a pr\u00e1tica pegou. A popula\u00e7\u00e3o aderiu, os visitantes notaram e, com o passar dos anos, aquele gesto simples de parar para o pedestre virou s\u00edmbolo de civilidade. Mais do que uma regra de tr\u00e2nsito, virou motivo de orgulho.<\/p>\n<p>Quando a popula\u00e7\u00e3o percebe que h\u00e1 esfor\u00e7o real e compromisso di\u00e1rio da administra\u00e7\u00e3o p\u00fablica para cuidar da cidade, o sentimento de pertencimento se fortalece. A melhoria dos servi\u00e7os, a presen\u00e7a constante das equipes nas ruas e a seriedade com que os problemas s\u00e3o enfrentados refor\u00e7am a confian\u00e7a de que as mudan\u00e7as est\u00e3o acontecendo. Esse ambiente de responsabilidade institucional permite que o cidad\u00e3o se envolva de forma positiva, respeitando os limites da lei e reconhecendo que o protagonismo da transforma\u00e7\u00e3o come\u00e7a com o poder p\u00fablico e se amplia com a participa\u00e7\u00e3o consciente de todos.<\/p>\n<p>Isso n\u00e3o \u00e9 discurso de manual. \u00c9 experi\u00eancia real. Quem j\u00e1 viu uma cidade recuperar o entusiasmo sabe que isso n\u00e3o depende apenas de grandes investimentos, mas tamb\u00e9m de uma virada simb\u00f3lica. De um novo olhar. De uma nova energia entre as pessoas. N\u00e3o basta a prefeitura fazer. \u00c9 preciso que o morador sinta que tamb\u00e9m faz parte do que est\u00e1 sendo feito.<\/p>\n<p>O esp\u00edrito de corpo nasce a\u00ed. Na compreens\u00e3o de que ningu\u00e9m transforma nada sozinho. De que cada um tem um papel, e que esse papel tem valor. Com isso, a cr\u00edtica construtiva \u00e9 bem-vinda, e o elogio justo tamb\u00e9m. N\u00e3o se trata de ignorar os problemas, mas de n\u00e3o permitir que eles se tornem identidade. Nenhuma cidade precisa ser perfeita para ser motivo de orgulho. Basta ser viva, ativa e comprometida com a pr\u00f3pria melhoria.<\/p>\n<p>Pertencer faz bem. E quando as pessoas voltam a falar bem do lugar onde vivem, \u00e9 sinal de que alguma coisa importante est\u00e1 dando certo.<\/p>\n","protected":false},"excerpt":{"rendered":"<p>Autoestima coletiva n\u00e3o se imp\u00f5e, se constr\u00f3i. E n\u00e3o se constr\u00f3i apenas com obras ou an\u00fancios de governo. Ela nasce do que \u00e9 vis\u00edvel, sim, mas tamb\u00e9m do que \u00e9 vivido. Um lugar onde o poder p\u00fablico cumpre seu papel com seriedade inspira confian\u00e7a, e essa confian\u00e7a, quando compartilhada, vira orgulho. \u00c9 nesse espa\u00e7o que [&hellip;]<\/p>\n","protected":false},"author":2,"featured_media":359919,"comment_status":"closed","ping_status":"closed","sticky":false,"template":"","format":"standard","meta":{"_acf_changed":false,"footnotes":""},"categories":[161],"tags":[],"class_list":["post-359918","post","type-post","status-publish","format-standard","has-post-thumbnail","hentry","category-quadradinho-em-foco"],"acf":[],"_links":{"self":[{"href":"https:\/\/www.notibras.com\/site\/wp-json\/wp\/v2\/posts\/359918","targetHints":{"allow":["GET"]}}],"collection":[{"href":"https:\/\/www.notibras.com\/site\/wp-json\/wp\/v2\/posts"}],"about":[{"href":"https:\/\/www.notibras.com\/site\/wp-json\/wp\/v2\/types\/post"}],"author":[{"embeddable":true,"href":"https:\/\/www.notibras.com\/site\/wp-json\/wp\/v2\/users\/2"}],"replies":[{"embeddable":true,"href":"https:\/\/www.notibras.com\/site\/wp-json\/wp\/v2\/comments?post=359918"}],"version-history":[{"count":1,"href":"https:\/\/www.notibras.com\/site\/wp-json\/wp\/v2\/posts\/359918\/revisions"}],"predecessor-version":[{"id":359920,"href":"https:\/\/www.notibras.com\/site\/wp-json\/wp\/v2\/posts\/359918\/revisions\/359920"}],"wp:featuredmedia":[{"embeddable":true,"href":"https:\/\/www.notibras.com\/site\/wp-json\/wp\/v2\/media\/359919"}],"wp:attachment":[{"href":"https:\/\/www.notibras.com\/site\/wp-json\/wp\/v2\/media?parent=359918"}],"wp:term":[{"taxonomy":"category","embeddable":true,"href":"https:\/\/www.notibras.com\/site\/wp-json\/wp\/v2\/categories?post=359918"},{"taxonomy":"post_tag","embeddable":true,"href":"https:\/\/www.notibras.com\/site\/wp-json\/wp\/v2\/tags?post=359918"}],"curies":[{"name":"wp","href":"https:\/\/api.w.org\/{rel}","templated":true}]}}