{"id":359975,"date":"2025-08-04T09:15:47","date_gmt":"2025-08-04T12:15:47","guid":{"rendered":"https:\/\/www.notibras.com\/site\/?p=359975"},"modified":"2025-08-04T09:20:41","modified_gmt":"2025-08-04T12:20:41","slug":"pernambuco-tem-historia-e-cultura-para-mostrar","status":"publish","type":"post","link":"https:\/\/www.notibras.com\/site\/pernambuco-tem-historia-e-cultura-para-mostrar\/","title":{"rendered":"Pernambuco tem hist\u00f3ria e cultura para mostrar"},"content":{"rendered":"<p>Pernambuco \u00e9 um estado que combina tradi\u00e7\u00e3o, diversidade cultural e riquezas naturais. Com pouco mais de 98 mil km\u00b2 e quase 10 milh\u00f5es de habitantes, o estado se estende de um litoral paradis\u00edaco at\u00e9 o sert\u00e3o \u00e1rido, revelando paisagens, sabores e hist\u00f3rias que encantam visitantes e orgulham seus moradores.<\/p>\n<p>Pernambuco sempre esteve no centro da hist\u00f3ria brasileira. No per\u00edodo colonial, o estado era uma das regi\u00f5es mais ricas do pa\u00eds por conta da produ\u00e7\u00e3o de a\u00e7\u00facar, mas tamb\u00e9m se tornou palco de conflitos importantes.<\/p>\n<p>A Invas\u00e3o Holandesa (1630-1654) e a Insurrei\u00e7\u00e3o Pernambucana, que resultou na expuls\u00e3o dos invasores, marcaram o esp\u00edrito de resist\u00eancia do povo local. S\u00e9culos depois, a Revolu\u00e7\u00e3o Pernambucana de 1817 reafirmou o desejo de liberdade e autonomia que caracteriza a identidade pernambucana at\u00e9 hoje.<\/p>\n<p>A capital, Recife, \u00e9 chamada de \u201cVeneza Brasileira\u201d por seus rios e pontes. O bairro do Recife Antigo preserva igrejas, pra\u00e7as e constru\u00e7\u00f5es coloniais, al\u00e9m do famoso Marco Zero, ponto inicial das estradas pernambucanas.<\/p>\n<p>Ao lado, Olinda \u00e9 Patrim\u00f4nio Hist\u00f3rico e Cultural da Humanidade pela UNESCO, com suas ladeiras coloridas, casar\u00f5es coloniais e igrejas barrocas. Durante o carnaval, Olinda se transforma em um palco a c\u00e9u aberto, onde bonecos gigantes e foli\u00f5es tomam conta das ruas ao som do frevo.<\/p>\n<p>No interior, cidades como Caruaru e Petrolina tamb\u00e9m s\u00e3o destaques. Caruaru \u00e9 conhecida pelo \u201cMaior S\u00e3o Jo\u00e3o do Mundo\u201d, enquanto Petrolina, \u00e0s margens do Rio S\u00e3o Francisco, \u00e9 refer\u00eancia na produ\u00e7\u00e3o de vinhos e frutas tropicais, impulsionada pela agricultura irrigada.<\/p>\n<p>A cultura \u00e9 o cora\u00e7\u00e3o de Pernambuco. O estado \u00e9 ber\u00e7o de ritmos \u00fanicos, como:<\/p>\n<p>\u2022Frevo \u2013 s\u00edmbolo do carnaval, reconhecido como Patrim\u00f4nio Cultural Imaterial da Humanidade.<br \/>\n\u2022Maracatu \u2013 manifesta\u00e7\u00e3o afro-brasileira que mistura dan\u00e7a, percuss\u00e3o e religiosidade.<br \/>\n\u2022Forr\u00f3, xote e bai\u00e3o \u2013 ritmos que animam as festas juninas e embalam o sert\u00e3o.<\/p>\n<p>Al\u00e9m da m\u00fasica, a gastronomia \u00e9 outro orgulho pernambucano. Pratos como bolo de rolo, tapioca, buchada de bode e peixes com molho de coco traduzem a diversidade de sabores do estado.<\/p>\n<p>O litoral pernambucano guarda algumas das praias mais belas do Brasil:<\/p>\n<p>\u2022Porto de Galinhas \u2013 famosa por suas piscinas naturais e \u00e1guas cristalinas.<br \/>\n\u2022Praia dos Carneiros \u2013 cen\u00e1rio paradis\u00edaco com coqueirais e mar calmo.<br \/>\n\u2022Fernando de Noronha \u2013 arquip\u00e9lago que \u00e9 patrim\u00f4nio natural mundial, com praias como a Ba\u00eda do Sancho, eleita diversas vezes a mais bonita do mundo.<\/p>\n<p>J\u00e1 no sert\u00e3o, o cen\u00e1rio \u00e9 marcado pela caatinga, pelo Rio S\u00e3o Francisco e pelas tradi\u00e7\u00f5es sertanejas, compondo um turismo que mistura aventura, cultura e hist\u00f3ria.<\/p>\n<p>Pernambuco \u00e9 um dos estados mais din\u00e2micos do Nordeste. O Complexo Industrial e Portu\u00e1rio de Suape, no litoral sul, \u00e9 um dos maiores do pa\u00eds, e o turismo cresce a cada ano, impulsionado por suas praias, festas e centros culturais.<\/p>\n<p>Nos \u00faltimos anos, o estado tamb\u00e9m se destacou na produ\u00e7\u00e3o de energia solar e e\u00f3lica, aproveitando o clima semi\u00e1rido para gerar energia limpa e sustent\u00e1vel.<\/p>\n","protected":false},"excerpt":{"rendered":"<p>Pernambuco \u00e9 um estado que combina tradi\u00e7\u00e3o, diversidade cultural e riquezas naturais. Com pouco mais de 98 mil km\u00b2 e quase 10 milh\u00f5es de habitantes, o estado se estende de um litoral paradis\u00edaco at\u00e9 o sert\u00e3o \u00e1rido, revelando paisagens, sabores e hist\u00f3rias que encantam visitantes e orgulham seus moradores. Pernambuco sempre esteve no centro da [&hellip;]<\/p>\n","protected":false},"author":2,"featured_media":359976,"comment_status":"closed","ping_status":"closed","sticky":false,"template":"","format":"standard","meta":{"_acf_changed":false,"footnotes":""},"categories":[165],"tags":[],"class_list":["post-359975","post","type-post","status-publish","format-standard","has-post-thumbnail","hentry","category-nordeste"],"acf":[],"_links":{"self":[{"href":"https:\/\/www.notibras.com\/site\/wp-json\/wp\/v2\/posts\/359975","targetHints":{"allow":["GET"]}}],"collection":[{"href":"https:\/\/www.notibras.com\/site\/wp-json\/wp\/v2\/posts"}],"about":[{"href":"https:\/\/www.notibras.com\/site\/wp-json\/wp\/v2\/types\/post"}],"author":[{"embeddable":true,"href":"https:\/\/www.notibras.com\/site\/wp-json\/wp\/v2\/users\/2"}],"replies":[{"embeddable":true,"href":"https:\/\/www.notibras.com\/site\/wp-json\/wp\/v2\/comments?post=359975"}],"version-history":[{"count":4,"href":"https:\/\/www.notibras.com\/site\/wp-json\/wp\/v2\/posts\/359975\/revisions"}],"predecessor-version":[{"id":359981,"href":"https:\/\/www.notibras.com\/site\/wp-json\/wp\/v2\/posts\/359975\/revisions\/359981"}],"wp:featuredmedia":[{"embeddable":true,"href":"https:\/\/www.notibras.com\/site\/wp-json\/wp\/v2\/media\/359976"}],"wp:attachment":[{"href":"https:\/\/www.notibras.com\/site\/wp-json\/wp\/v2\/media?parent=359975"}],"wp:term":[{"taxonomy":"category","embeddable":true,"href":"https:\/\/www.notibras.com\/site\/wp-json\/wp\/v2\/categories?post=359975"},{"taxonomy":"post_tag","embeddable":true,"href":"https:\/\/www.notibras.com\/site\/wp-json\/wp\/v2\/tags?post=359975"}],"curies":[{"name":"wp","href":"https:\/\/api.w.org\/{rel}","templated":true}]}}