{"id":360013,"date":"2025-08-05T02:00:22","date_gmt":"2025-08-05T05:00:22","guid":{"rendered":"https:\/\/www.notibras.com\/site\/?p=360013"},"modified":"2025-08-04T22:12:03","modified_gmt":"2025-08-05T01:12:03","slug":"futebol-de-varzea-vale-mais-que-copa-do-mundo","status":"publish","type":"post","link":"https:\/\/www.notibras.com\/site\/futebol-de-varzea-vale-mais-que-copa-do-mundo\/","title":{"rendered":"Futebol de v\u00e1rzea vale mais que Copa do Mundo"},"content":{"rendered":"<p>Recentemente recebi, aqui em Bras\u00edlia, a visita do meu grande amigo Cleidson, mineiro de Visconde do Rio Branco, mas que mora em S\u00e3o Paulo h\u00e1 d\u00e9cadas. E, apaixonado por futebol que \u00e9, o meu camarada me contou algo que me pareceu mais hist\u00f3ria de pescador. Entretanto, para manter a amizade, resolvi lhe dar cr\u00e9dito.<\/p>\n<p>A partida estava extremamente disputada entre o SOS Pirituba e o Paulistano. Aquilo ali valia muito mais que final de Copa do Mundo, pois na v\u00e1rzea as coisas ganham dimens\u00f5es muito maiores. \u00c9 a vida real e n\u00e3o aquelas imagens transmitidas pelas redes de televis\u00e3o, com aquele glamour de uniformes impec\u00e1veis. Na terra batida, a bola corre rascante, as canelas n\u00e3o s\u00e3o de vidro, escudos pu\u00eddos, n\u00fameros pendurados por um fio, chuteiras com pregos.<\/p>\n<p>Os jogadores n\u00e3o vivem de jogar bola. No entanto, n\u00e3o h\u00e1 d\u00favida de que aquilo vai muito al\u00e9m da pr\u00f3pria vida, tamanha a batalha em cada lance. At\u00e9 mesmo o juiz se torna ref\u00e9m daqueles gladiadores. O apito \u00e9 o grito mais alto. E ai do homem de preto cismar em puxar um cart\u00e3o! Vai ter morte!!! N\u00e3o h\u00e1 ambul\u00e2ncia no local, mas uma funer\u00e1ria, logo ali na esquina, que sempre est\u00e1 de prontid\u00e3o.<\/p>\n<p>Fim de jogo! Apesar do sangue escorrendo de alguns, todos sa\u00edram vivos e, sedentos, foram tomar uma no botequim do Italiano. Discuss\u00e3o aqui, palavr\u00f5es ali. Todos se misturavam naquele lugar, seja o padeiro, seja o dono do a\u00e7ougue, seja o ambulante da esquina, seja o policial do distrito, seja at\u00e9 mesmo o bandido da regi\u00e3o. Tudo junto e misturado!<\/p>\n<p>\u2014 Voc\u00ea \u00e9 muito folgado, pirralho! &#8211; disse o policial.<\/p>\n<p>\u2014 Sei que voc\u00ea tem um berro nessa sua mochila a\u00ed. Mas se voc\u00ea tentar colocar a m\u00e3o nele, nem vou te dar um tiro na cara. Vou \u00e9 jogar a minha pistola na sua testa pra tu aprender a me respeitar!<\/p>\n<p>O medo tomou todo o corpo do policial. Entretanto, diante de tal desafio e sob os olhares de todos, tentou pegar a sua pistola na mochila. Coitado! Tomou uma coronhada na testa e caiu como uma jaca, O sangue correu em seu rosto, enquanto o ladr\u00e3ozinho sorvia mais um gole da cerveja gelada.<\/p>\n<p>\u2026\u2026\u2026\u2026\u2026\u2026\u2026\u2026<\/p>\n<p><strong>Eduardo Mart\u00ednez \u00e9 autor do livro \u201957 Contos e Cr\u00f4nicas por um Autor Muito Velho\u2019<\/strong><\/p>\n<p><strong>Compre aqui<\/strong>\u00a0<img decoding=\"async\" class=\"emoji\" role=\"img\" draggable=\"false\" src=\"https:\/\/s.w.org\/images\/core\/emoji\/16.0.1\/svg\/1f447-1f3ff.svg\" alt=\"\" \/><\/p>\n<p><a href=\"https:\/\/www.joanineditora.com.br\/57-contos-e-cronicas-por-um-autor-muito-velho\">https:\/\/www.joanineditora.com.br\/57-contos-e-cronicas-por-um-autor-muito-velho<\/a><\/p>\n","protected":false},"excerpt":{"rendered":"<p>Recentemente recebi, aqui em Bras\u00edlia, a visita do meu grande amigo Cleidson, mineiro de Visconde do Rio Branco, mas que mora em S\u00e3o Paulo h\u00e1 d\u00e9cadas. E, apaixonado por futebol que \u00e9, o meu camarada me contou algo que me pareceu mais hist\u00f3ria de pescador. Entretanto, para manter a amizade, resolvi lhe dar cr\u00e9dito. A [&hellip;]<\/p>\n","protected":false},"author":21,"featured_media":360014,"comment_status":"closed","ping_status":"closed","sticky":false,"template":"","format":"standard","meta":{"_acf_changed":false,"footnotes":""},"categories":[161],"tags":[],"class_list":["post-360013","post","type-post","status-publish","format-standard","has-post-thumbnail","hentry","category-quadradinho-em-foco"],"acf":[],"_links":{"self":[{"href":"https:\/\/www.notibras.com\/site\/wp-json\/wp\/v2\/posts\/360013","targetHints":{"allow":["GET"]}}],"collection":[{"href":"https:\/\/www.notibras.com\/site\/wp-json\/wp\/v2\/posts"}],"about":[{"href":"https:\/\/www.notibras.com\/site\/wp-json\/wp\/v2\/types\/post"}],"author":[{"embeddable":true,"href":"https:\/\/www.notibras.com\/site\/wp-json\/wp\/v2\/users\/21"}],"replies":[{"embeddable":true,"href":"https:\/\/www.notibras.com\/site\/wp-json\/wp\/v2\/comments?post=360013"}],"version-history":[{"count":2,"href":"https:\/\/www.notibras.com\/site\/wp-json\/wp\/v2\/posts\/360013\/revisions"}],"predecessor-version":[{"id":360016,"href":"https:\/\/www.notibras.com\/site\/wp-json\/wp\/v2\/posts\/360013\/revisions\/360016"}],"wp:featuredmedia":[{"embeddable":true,"href":"https:\/\/www.notibras.com\/site\/wp-json\/wp\/v2\/media\/360014"}],"wp:attachment":[{"href":"https:\/\/www.notibras.com\/site\/wp-json\/wp\/v2\/media?parent=360013"}],"wp:term":[{"taxonomy":"category","embeddable":true,"href":"https:\/\/www.notibras.com\/site\/wp-json\/wp\/v2\/categories?post=360013"},{"taxonomy":"post_tag","embeddable":true,"href":"https:\/\/www.notibras.com\/site\/wp-json\/wp\/v2\/tags?post=360013"}],"curies":[{"name":"wp","href":"https:\/\/api.w.org\/{rel}","templated":true}]}}