{"id":360050,"date":"2025-08-05T08:15:47","date_gmt":"2025-08-05T11:15:47","guid":{"rendered":"https:\/\/www.notibras.com\/site\/?p=360050"},"modified":"2025-08-05T10:17:54","modified_gmt":"2025-08-05T13:17:54","slug":"putin-deixa-tratado-e-vai-usar-misseis-terrestres","status":"publish","type":"post","link":"https:\/\/www.notibras.com\/site\/putin-deixa-tratado-e-vai-usar-misseis-terrestres\/","title":{"rendered":"Putin deixa tratado e vai usar m\u00edsseis terrestres"},"content":{"rendered":"<p>A R\u00fassia n\u00e3o tem mais restri\u00e7\u00f5es para usar m\u00edsseis terrestres de m\u00e9dio e curto alcance, disse Dmitry Peskov, secret\u00e1rio de imprensa do presidente russo Vladimir Putin nesta ter\u00e7a-feira, 5.<\/p>\n<p>Na segunda, o Minist\u00e9rio das Rela\u00e7\u00f5es Exteriores declarou que a R\u00fassia reconhece a dissolu\u00e7\u00e3o das condi\u00e7\u00f5es para manter sua morat\u00f3ria unilateral sobre a implanta\u00e7\u00e3o de m\u00edsseis terrestres de m\u00e9dio e curto alcance e n\u00e3o se considera mais vinculada \u00e0s restri\u00e7\u00f5es autoimpostas anteriores.<\/p>\n<p>&#8220;N\u00e3o h\u00e1 mais restri\u00e7\u00f5es sobre esse assunto na R\u00fassia. A R\u00fassia n\u00e3o se considera mais limitada de forma alguma&#8221;, disse Peskov aos rep\u00f3rteres, comentando a declara\u00e7\u00e3o do Minist\u00e9rio das Rela\u00e7\u00f5es Exteriores da R\u00fassia de que a Federa\u00e7\u00e3o Russa n\u00e3o se considera mais vinculada \u00e0 morat\u00f3ria unilateral sobre a implanta\u00e7\u00e3o de m\u00edsseis INF.<\/p>\n<p>A R\u00fassia sustenta que tem o direito de tomar medidas sobre a coloca\u00e7\u00e3o de m\u00edsseis terrestres de m\u00e9dio e curto alcance, se necess\u00e1rio, acrescentou.<\/p>\n<p>&#8220;A R\u00fassia se considera no direito, se necess\u00e1rio, de tomar as medidas e passos correspondentes&#8221;, disse Peskov, respondendo a uma pergunta de jornalistas sobre a declara\u00e7\u00e3o do Minist\u00e9rio das Rela\u00e7\u00f5es Exteriores da R\u00fassia de que a R\u00fassia n\u00e3o se considera mais vinculada \u00e0 morat\u00f3ria unilateral sobre a implanta\u00e7\u00e3o de m\u00edsseis INF.<\/p>\n<p>Os pa\u00edses soberanos t\u00eam o direito de escolher seus pr\u00f3prios parceiros comerciais, disse o porta-voz do Kremlin, comentando sobre a situa\u00e7\u00e3o da compra de petr\u00f3leo russo pela \u00cdndia.<\/p>\n<p>Na segunda-feira, o porta-voz do Minist\u00e9rio das Rela\u00e7\u00f5es Exteriores da \u00cdndia, Randhir Jaiswal, disse que Nova D\u00e9li considera as cr\u00edticas dos Estados Unidos e da Uni\u00e3o Europeia sobre as importa\u00e7\u00f5es de petr\u00f3leo russo injustificadas e imprudentes e tomar\u00e1 medidas para proteger seus interesses e seguran\u00e7a econ\u00f4mica.<\/p>\n<p>&#8220;Acreditamos que os pa\u00edses soberanos devem ter e t\u00eam o direito de escolher seus pr\u00f3prios parceiros comerciais, parceiros em coopera\u00e7\u00e3o comercial e econ\u00f4mica, e de escolher aqueles regimes de coopera\u00e7\u00e3o comercial e econ\u00f4mica que sejam do interesse de um pa\u00eds em particular&#8221;, disse Peskov aos rep\u00f3rteres.<\/p>\n<p>H\u00e1 muitas declara\u00e7\u00f5es que s\u00e3o, na verdade, tentativas de for\u00e7ar os pa\u00edses a interromper as rela\u00e7\u00f5es comerciais com a R\u00fassia, disse a autoridade, acrescentando que tais declara\u00e7\u00f5es amea\u00e7adoras s\u00e3o ilegais.<\/p>\n<p>O veredito contra a chefe da regi\u00e3o aut\u00f4noma de Gagauzia, na Mold\u00e1via, Yevgenia Gutsul, \u00e9 um exemplo de uma decis\u00e3o politicamente motivada e de press\u00e3o sobre oponentes pol\u00edticos na Mold\u00e1via, disse Peskov.<\/p>\n<p>Mais cedo, Natalia Bayram, advogada de Gutsul, disse \u00e0 RIA Novosti que o Tribunal Distrital de Chisinau condenou o l\u00edder da regi\u00e3o a sete anos de pris\u00e3o com execu\u00e7\u00e3o imediata no caso de financiamento do partido proibido Sor.<\/p>\n<p>&#8220;Bem, sim, este \u00e9, de fato, um exemplo de uma decis\u00e3o politicamente motivada. Este \u00e9 um exemplo de tentativas de exercer press\u00e3o descarada e, na verdade, ilegal sobre oponentes pol\u00edticos durante a campanha eleitoral&#8221;, disse Peskov aos rep\u00f3rteres.<\/p>\n<p>A oposi\u00e7\u00e3o na Mold\u00e1via est\u00e1 sendo pressionada &#8220;de todas as maneiras poss\u00edveis&#8221;, enquanto as normas da democracia est\u00e3o sendo violadas, disse a autoridade.<\/p>\n","protected":false},"excerpt":{"rendered":"<p>A R\u00fassia n\u00e3o tem mais restri\u00e7\u00f5es para usar m\u00edsseis terrestres de m\u00e9dio e curto alcance, disse Dmitry Peskov, secret\u00e1rio de imprensa do presidente russo Vladimir Putin nesta ter\u00e7a-feira, 5. Na segunda, o Minist\u00e9rio das Rela\u00e7\u00f5es Exteriores declarou que a R\u00fassia reconhece a dissolu\u00e7\u00e3o das condi\u00e7\u00f5es para manter sua morat\u00f3ria unilateral sobre a implanta\u00e7\u00e3o de m\u00edsseis [&hellip;]<\/p>\n","protected":false},"author":2,"featured_media":360051,"comment_status":"closed","ping_status":"closed","sticky":false,"template":"","format":"standard","meta":{"_acf_changed":false,"footnotes":""},"categories":[159],"tags":[],"class_list":["post-360050","post","type-post","status-publish","format-standard","has-post-thumbnail","hentry","category-apocalipse"],"acf":[],"yoast_head":"<!-- This site is optimized with the Yoast SEO plugin v27.2 - https:\/\/yoast.com\/product\/yoast-seo-wordpress\/ -->\n<title>Putin deixa tratado e vai usar m\u00edsseis terrestres - Notibras<\/title>\n<meta name=\"robots\" content=\"index, follow, max-snippet:-1, max-image-preview:large, max-video-preview:-1\" \/>\n<link rel=\"canonical\" href=\"https:\/\/www.notibras.com\/site\/putin-deixa-tratado-e-vai-usar-misseis-terrestres\/\" \/>\n<meta property=\"og:locale\" content=\"pt_BR\" \/>\n<meta property=\"og:type\" content=\"article\" \/>\n<meta property=\"og:title\" content=\"Putin deixa tratado e vai usar m\u00edsseis terrestres - Notibras\" \/>\n<meta property=\"og:description\" content=\"A R\u00fassia n\u00e3o tem mais restri\u00e7\u00f5es para usar m\u00edsseis terrestres de m\u00e9dio e curto alcance, disse Dmitry Peskov, secret\u00e1rio de imprensa do presidente russo Vladimir Putin nesta ter\u00e7a-feira, 5. Na segunda, o Minist\u00e9rio das Rela\u00e7\u00f5es Exteriores declarou que a R\u00fassia reconhece a dissolu\u00e7\u00e3o das condi\u00e7\u00f5es para manter sua morat\u00f3ria unilateral sobre a implanta\u00e7\u00e3o de m\u00edsseis [&hellip;]\" \/>\n<meta property=\"og:url\" content=\"https:\/\/www.notibras.com\/site\/putin-deixa-tratado-e-vai-usar-misseis-terrestres\/\" \/>\n<meta property=\"og:site_name\" content=\"Notibras\" \/>\n<meta property=\"article:publisher\" content=\"https:\/\/www.facebook.com\/notibras\/\" \/>\n<meta property=\"article:published_time\" content=\"2025-08-05T11:15:47+00:00\" \/>\n<meta property=\"article:modified_time\" content=\"2025-08-05T13:17:54+00:00\" \/>\n<meta property=\"og:image\" content=\"https:\/\/www.notibras.com\/site\/wp-content\/uploads\/2025\/08\/1121100448_0_169_2560_1609_1920x0_80_0_0_ebc531148e13b174508045b2ee3d02b8.jpg.webp\" \/>\n\t<meta property=\"og:image:width\" content=\"1920\" \/>\n\t<meta property=\"og:image:height\" content=\"1080\" \/>\n\t<meta property=\"og:image:type\" content=\"image\/webp\" \/>\n<meta name=\"author\" content=\"Reda\u00e7\u00e3o\" \/>\n<meta name=\"twitter:card\" content=\"summary_large_image\" \/>\n<meta name=\"twitter:creator\" content=\"@Notibras\" \/>\n<meta name=\"twitter:site\" content=\"@Notibras\" \/>\n<meta name=\"twitter:label1\" content=\"Escrito por\" \/>\n\t<meta name=\"twitter:data1\" content=\"Reda\u00e7\u00e3o\" \/>\n\t<meta name=\"twitter:label2\" content=\"Est. tempo de leitura\" \/>\n\t<meta name=\"twitter:data2\" content=\"3 minutos\" \/>\n<script type=\"application\/ld+json\" class=\"yoast-schema-graph\">{\"@context\":\"https:\/\/schema.org\",\"@graph\":[{\"@type\":\"Article\",\"@id\":\"https:\/\/www.notibras.com\/site\/putin-deixa-tratado-e-vai-usar-misseis-terrestres\/#article\",\"isPartOf\":{\"@id\":\"https:\/\/www.notibras.com\/site\/putin-deixa-tratado-e-vai-usar-misseis-terrestres\/\"},\"author\":{\"name\":\"Reda\u00e7\u00e3o\",\"@id\":\"https:\/\/www.notibras.com\/site\/#\/schema\/person\/36ab0979449956132d3e5b517ea76ac8\"},\"headline\":\"Putin deixa tratado e vai usar m\u00edsseis terrestres\",\"datePublished\":\"2025-08-05T11:15:47+00:00\",\"dateModified\":\"2025-08-05T13:17:54+00:00\",\"mainEntityOfPage\":{\"@id\":\"https:\/\/www.notibras.com\/site\/putin-deixa-tratado-e-vai-usar-misseis-terrestres\/\"},\"wordCount\":581,\"publisher\":{\"@id\":\"https:\/\/www.notibras.com\/site\/#organization\"},\"image\":{\"@id\":\"https:\/\/www.notibras.com\/site\/putin-deixa-tratado-e-vai-usar-misseis-terrestres\/#primaryimage\"},\"thumbnailUrl\":\"https:\/\/www.notibras.com\/site\/wp-content\/uploads\/2025\/08\/1121100448_0_169_2560_1609_1920x0_80_0_0_ebc531148e13b174508045b2ee3d02b8.jpg.webp\",\"articleSection\":[\"Apocalipse\"],\"inLanguage\":\"pt-BR\"},{\"@type\":\"WebPage\",\"@id\":\"https:\/\/www.notibras.com\/site\/putin-deixa-tratado-e-vai-usar-misseis-terrestres\/\",\"url\":\"https:\/\/www.notibras.com\/site\/putin-deixa-tratado-e-vai-usar-misseis-terrestres\/\",\"name\":\"Putin deixa tratado e vai usar m\u00edsseis terrestres - Notibras\",\"isPartOf\":{\"@id\":\"https:\/\/www.notibras.com\/site\/#website\"},\"primaryImageOfPage\":{\"@id\":\"https:\/\/www.notibras.com\/site\/putin-deixa-tratado-e-vai-usar-misseis-terrestres\/#primaryimage\"},\"image\":{\"@id\":\"https:\/\/www.notibras.com\/site\/putin-deixa-tratado-e-vai-usar-misseis-terrestres\/#primaryimage\"},\"thumbnailUrl\":\"https:\/\/www.notibras.com\/site\/wp-content\/uploads\/2025\/08\/1121100448_0_169_2560_1609_1920x0_80_0_0_ebc531148e13b174508045b2ee3d02b8.jpg.webp\",\"datePublished\":\"2025-08-05T11:15:47+00:00\",\"dateModified\":\"2025-08-05T13:17:54+00:00\",\"breadcrumb\":{\"@id\":\"https:\/\/www.notibras.com\/site\/putin-deixa-tratado-e-vai-usar-misseis-terrestres\/#breadcrumb\"},\"inLanguage\":\"pt-BR\",\"potentialAction\":[{\"@type\":\"ReadAction\",\"target\":[\"https:\/\/www.notibras.com\/site\/putin-deixa-tratado-e-vai-usar-misseis-terrestres\/\"]}]},{\"@type\":\"ImageObject\",\"inLanguage\":\"pt-BR\",\"@id\":\"https:\/\/www.notibras.com\/site\/putin-deixa-tratado-e-vai-usar-misseis-terrestres\/#primaryimage\",\"url\":\"https:\/\/www.notibras.com\/site\/wp-content\/uploads\/2025\/08\/1121100448_0_169_2560_1609_1920x0_80_0_0_ebc531148e13b174508045b2ee3d02b8.jpg.webp\",\"contentUrl\":\"https:\/\/www.notibras.com\/site\/wp-content\/uploads\/2025\/08\/1121100448_0_169_2560_1609_1920x0_80_0_0_ebc531148e13b174508045b2ee3d02b8.jpg.webp\",\"width\":1920,\"height\":1080},{\"@type\":\"BreadcrumbList\",\"@id\":\"https:\/\/www.notibras.com\/site\/putin-deixa-tratado-e-vai-usar-misseis-terrestres\/#breadcrumb\",\"itemListElement\":[{\"@type\":\"ListItem\",\"position\":1,\"name\":\"In\u00edcio\",\"item\":\"https:\/\/www.notibras.com\/site\/\"},{\"@type\":\"ListItem\",\"position\":2,\"name\":\"Putin deixa tratado e vai usar m\u00edsseis terrestres\"}]},{\"@type\":\"WebSite\",\"@id\":\"https:\/\/www.notibras.com\/site\/#website\",\"url\":\"https:\/\/www.notibras.com\/site\/\",\"name\":\"Notibras\",\"description\":\"Not\u00edcias de Bras\u00edlia, do Brasil e do Mundo\",\"publisher\":{\"@id\":\"https:\/\/www.notibras.com\/site\/#organization\"},\"potentialAction\":[{\"@type\":\"SearchAction\",\"target\":{\"@type\":\"EntryPoint\",\"urlTemplate\":\"https:\/\/www.notibras.com\/site\/?s={search_term_string}\"},\"query-input\":{\"@type\":\"PropertyValueSpecification\",\"valueRequired\":true,\"valueName\":\"search_term_string\"}}],\"inLanguage\":\"pt-BR\"},{\"@type\":\"Organization\",\"@id\":\"https:\/\/www.notibras.com\/site\/#organization\",\"name\":\"Grupo Notibras de Comunica\u00e7\u00e3o\",\"url\":\"https:\/\/www.notibras.com\/site\/\",\"logo\":{\"@type\":\"ImageObject\",\"inLanguage\":\"pt-BR\",\"@id\":\"https:\/\/www.notibras.com\/site\/#\/schema\/logo\/image\/\",\"url\":\"https:\/\/www.notibras.com\/site\/wp-content\/uploads\/2023\/01\/notibras23.png\",\"contentUrl\":\"https:\/\/www.notibras.com\/site\/wp-content\/uploads\/2023\/01\/notibras23.png\",\"width\":350,\"height\":87,\"caption\":\"Grupo Notibras de Comunica\u00e7\u00e3o\"},\"image\":{\"@id\":\"https:\/\/www.notibras.com\/site\/#\/schema\/logo\/image\/\"},\"sameAs\":[\"https:\/\/www.facebook.com\/notibras\/\",\"https:\/\/x.com\/Notibras\",\"https:\/\/www.instagram.com\/notibras\/\"]},{\"@type\":\"Person\",\"@id\":\"https:\/\/www.notibras.com\/site\/#\/schema\/person\/36ab0979449956132d3e5b517ea76ac8\",\"name\":\"Reda\u00e7\u00e3o\",\"image\":{\"@type\":\"ImageObject\",\"inLanguage\":\"pt-BR\",\"@id\":\"https:\/\/secure.gravatar.com\/avatar\/e0a867bdedb85fd243eadf09663511f96fc81e0720a4a42581f334ad4303aa6b?s=96&d=mm&r=g\",\"url\":\"https:\/\/secure.gravatar.com\/avatar\/e0a867bdedb85fd243eadf09663511f96fc81e0720a4a42581f334ad4303aa6b?s=96&d=mm&r=g\",\"contentUrl\":\"https:\/\/secure.gravatar.com\/avatar\/e0a867bdedb85fd243eadf09663511f96fc81e0720a4a42581f334ad4303aa6b?s=96&d=mm&r=g\",\"caption\":\"Reda\u00e7\u00e3o\"}}]}<\/script>\n<!-- \/ Yoast SEO plugin. -->","yoast_head_json":{"title":"Putin deixa tratado e vai usar m\u00edsseis terrestres - Notibras","robots":{"index":"index","follow":"follow","max-snippet":"max-snippet:-1","max-image-preview":"max-image-preview:large","max-video-preview":"max-video-preview:-1"},"canonical":"https:\/\/www.notibras.com\/site\/putin-deixa-tratado-e-vai-usar-misseis-terrestres\/","og_locale":"pt_BR","og_type":"article","og_title":"Putin deixa tratado e vai usar m\u00edsseis terrestres - Notibras","og_description":"A R\u00fassia n\u00e3o tem mais restri\u00e7\u00f5es para usar m\u00edsseis terrestres de m\u00e9dio e curto alcance, disse Dmitry Peskov, secret\u00e1rio de imprensa do presidente russo Vladimir Putin nesta ter\u00e7a-feira, 5. Na segunda, o Minist\u00e9rio das Rela\u00e7\u00f5es Exteriores declarou que a R\u00fassia reconhece a dissolu\u00e7\u00e3o das condi\u00e7\u00f5es para manter sua morat\u00f3ria unilateral sobre a implanta\u00e7\u00e3o de m\u00edsseis [&hellip;]","og_url":"https:\/\/www.notibras.com\/site\/putin-deixa-tratado-e-vai-usar-misseis-terrestres\/","og_site_name":"Notibras","article_publisher":"https:\/\/www.facebook.com\/notibras\/","article_published_time":"2025-08-05T11:15:47+00:00","article_modified_time":"2025-08-05T13:17:54+00:00","og_image":[{"width":1920,"height":1080,"url":"https:\/\/www.notibras.com\/site\/wp-content\/uploads\/2025\/08\/1121100448_0_169_2560_1609_1920x0_80_0_0_ebc531148e13b174508045b2ee3d02b8.jpg.webp","type":"image\/webp"}],"author":"Reda\u00e7\u00e3o","twitter_card":"summary_large_image","twitter_creator":"@Notibras","twitter_site":"@Notibras","twitter_misc":{"Escrito por":"Reda\u00e7\u00e3o","Est. tempo de leitura":"3 minutos"},"schema":{"@context":"https:\/\/schema.org","@graph":[{"@type":"Article","@id":"https:\/\/www.notibras.com\/site\/putin-deixa-tratado-e-vai-usar-misseis-terrestres\/#article","isPartOf":{"@id":"https:\/\/www.notibras.com\/site\/putin-deixa-tratado-e-vai-usar-misseis-terrestres\/"},"author":{"name":"Reda\u00e7\u00e3o","@id":"https:\/\/www.notibras.com\/site\/#\/schema\/person\/36ab0979449956132d3e5b517ea76ac8"},"headline":"Putin deixa tratado e vai usar m\u00edsseis terrestres","datePublished":"2025-08-05T11:15:47+00:00","dateModified":"2025-08-05T13:17:54+00:00","mainEntityOfPage":{"@id":"https:\/\/www.notibras.com\/site\/putin-deixa-tratado-e-vai-usar-misseis-terrestres\/"},"wordCount":581,"publisher":{"@id":"https:\/\/www.notibras.com\/site\/#organization"},"image":{"@id":"https:\/\/www.notibras.com\/site\/putin-deixa-tratado-e-vai-usar-misseis-terrestres\/#primaryimage"},"thumbnailUrl":"https:\/\/www.notibras.com\/site\/wp-content\/uploads\/2025\/08\/1121100448_0_169_2560_1609_1920x0_80_0_0_ebc531148e13b174508045b2ee3d02b8.jpg.webp","articleSection":["Apocalipse"],"inLanguage":"pt-BR"},{"@type":"WebPage","@id":"https:\/\/www.notibras.com\/site\/putin-deixa-tratado-e-vai-usar-misseis-terrestres\/","url":"https:\/\/www.notibras.com\/site\/putin-deixa-tratado-e-vai-usar-misseis-terrestres\/","name":"Putin deixa tratado e vai usar m\u00edsseis terrestres - Notibras","isPartOf":{"@id":"https:\/\/www.notibras.com\/site\/#website"},"primaryImageOfPage":{"@id":"https:\/\/www.notibras.com\/site\/putin-deixa-tratado-e-vai-usar-misseis-terrestres\/#primaryimage"},"image":{"@id":"https:\/\/www.notibras.com\/site\/putin-deixa-tratado-e-vai-usar-misseis-terrestres\/#primaryimage"},"thumbnailUrl":"https:\/\/www.notibras.com\/site\/wp-content\/uploads\/2025\/08\/1121100448_0_169_2560_1609_1920x0_80_0_0_ebc531148e13b174508045b2ee3d02b8.jpg.webp","datePublished":"2025-08-05T11:15:47+00:00","dateModified":"2025-08-05T13:17:54+00:00","breadcrumb":{"@id":"https:\/\/www.notibras.com\/site\/putin-deixa-tratado-e-vai-usar-misseis-terrestres\/#breadcrumb"},"inLanguage":"pt-BR","potentialAction":[{"@type":"ReadAction","target":["https:\/\/www.notibras.com\/site\/putin-deixa-tratado-e-vai-usar-misseis-terrestres\/"]}]},{"@type":"ImageObject","inLanguage":"pt-BR","@id":"https:\/\/www.notibras.com\/site\/putin-deixa-tratado-e-vai-usar-misseis-terrestres\/#primaryimage","url":"https:\/\/www.notibras.com\/site\/wp-content\/uploads\/2025\/08\/1121100448_0_169_2560_1609_1920x0_80_0_0_ebc531148e13b174508045b2ee3d02b8.jpg.webp","contentUrl":"https:\/\/www.notibras.com\/site\/wp-content\/uploads\/2025\/08\/1121100448_0_169_2560_1609_1920x0_80_0_0_ebc531148e13b174508045b2ee3d02b8.jpg.webp","width":1920,"height":1080},{"@type":"BreadcrumbList","@id":"https:\/\/www.notibras.com\/site\/putin-deixa-tratado-e-vai-usar-misseis-terrestres\/#breadcrumb","itemListElement":[{"@type":"ListItem","position":1,"name":"In\u00edcio","item":"https:\/\/www.notibras.com\/site\/"},{"@type":"ListItem","position":2,"name":"Putin deixa tratado e vai usar m\u00edsseis terrestres"}]},{"@type":"WebSite","@id":"https:\/\/www.notibras.com\/site\/#website","url":"https:\/\/www.notibras.com\/site\/","name":"Notibras","description":"Not\u00edcias de Bras\u00edlia, do Brasil e do Mundo","publisher":{"@id":"https:\/\/www.notibras.com\/site\/#organization"},"potentialAction":[{"@type":"SearchAction","target":{"@type":"EntryPoint","urlTemplate":"https:\/\/www.notibras.com\/site\/?s={search_term_string}"},"query-input":{"@type":"PropertyValueSpecification","valueRequired":true,"valueName":"search_term_string"}}],"inLanguage":"pt-BR"},{"@type":"Organization","@id":"https:\/\/www.notibras.com\/site\/#organization","name":"Grupo Notibras de Comunica\u00e7\u00e3o","url":"https:\/\/www.notibras.com\/site\/","logo":{"@type":"ImageObject","inLanguage":"pt-BR","@id":"https:\/\/www.notibras.com\/site\/#\/schema\/logo\/image\/","url":"https:\/\/www.notibras.com\/site\/wp-content\/uploads\/2023\/01\/notibras23.png","contentUrl":"https:\/\/www.notibras.com\/site\/wp-content\/uploads\/2023\/01\/notibras23.png","width":350,"height":87,"caption":"Grupo Notibras de Comunica\u00e7\u00e3o"},"image":{"@id":"https:\/\/www.notibras.com\/site\/#\/schema\/logo\/image\/"},"sameAs":["https:\/\/www.facebook.com\/notibras\/","https:\/\/x.com\/Notibras","https:\/\/www.instagram.com\/notibras\/"]},{"@type":"Person","@id":"https:\/\/www.notibras.com\/site\/#\/schema\/person\/36ab0979449956132d3e5b517ea76ac8","name":"Reda\u00e7\u00e3o","image":{"@type":"ImageObject","inLanguage":"pt-BR","@id":"https:\/\/secure.gravatar.com\/avatar\/e0a867bdedb85fd243eadf09663511f96fc81e0720a4a42581f334ad4303aa6b?s=96&d=mm&r=g","url":"https:\/\/secure.gravatar.com\/avatar\/e0a867bdedb85fd243eadf09663511f96fc81e0720a4a42581f334ad4303aa6b?s=96&d=mm&r=g","contentUrl":"https:\/\/secure.gravatar.com\/avatar\/e0a867bdedb85fd243eadf09663511f96fc81e0720a4a42581f334ad4303aa6b?s=96&d=mm&r=g","caption":"Reda\u00e7\u00e3o"}}]}},"amp_enabled":true,"_links":{"self":[{"href":"https:\/\/www.notibras.com\/site\/wp-json\/wp\/v2\/posts\/360050","targetHints":{"allow":["GET"]}}],"collection":[{"href":"https:\/\/www.notibras.com\/site\/wp-json\/wp\/v2\/posts"}],"about":[{"href":"https:\/\/www.notibras.com\/site\/wp-json\/wp\/v2\/types\/post"}],"author":[{"embeddable":true,"href":"https:\/\/www.notibras.com\/site\/wp-json\/wp\/v2\/users\/2"}],"replies":[{"embeddable":true,"href":"https:\/\/www.notibras.com\/site\/wp-json\/wp\/v2\/comments?post=360050"}],"version-history":[{"count":2,"href":"https:\/\/www.notibras.com\/site\/wp-json\/wp\/v2\/posts\/360050\/revisions"}],"predecessor-version":[{"id":360053,"href":"https:\/\/www.notibras.com\/site\/wp-json\/wp\/v2\/posts\/360050\/revisions\/360053"}],"wp:featuredmedia":[{"embeddable":true,"href":"https:\/\/www.notibras.com\/site\/wp-json\/wp\/v2\/media\/360051"}],"wp:attachment":[{"href":"https:\/\/www.notibras.com\/site\/wp-json\/wp\/v2\/media?parent=360050"}],"wp:term":[{"taxonomy":"category","embeddable":true,"href":"https:\/\/www.notibras.com\/site\/wp-json\/wp\/v2\/categories?post=360050"},{"taxonomy":"post_tag","embeddable":true,"href":"https:\/\/www.notibras.com\/site\/wp-json\/wp\/v2\/tags?post=360050"}],"curies":[{"name":"wp","href":"https:\/\/api.w.org\/{rel}","templated":true}]}}