{"id":360066,"date":"2025-08-05T07:59:26","date_gmt":"2025-08-05T10:59:26","guid":{"rendered":"https:\/\/www.notibras.com\/site\/?p=360066"},"modified":"2025-08-05T11:03:18","modified_gmt":"2025-08-05T14:03:18","slug":"apreendidos-sete-fuzis-despachados-entre-gangues","status":"publish","type":"post","link":"https:\/\/www.notibras.com\/site\/apreendidos-sete-fuzis-despachados-entre-gangues\/","title":{"rendered":"Apreendidos sete fuzis despachados entre gangues"},"content":{"rendered":"<p>Sete fuzis e dez carregadores que estavam sendo levados para a cidade de Porto Seguro, no litoral sul da Bahia, foram apreendidos pela Pol\u00edcia Rodovi\u00e1ria Federal (PRF) em Teres\u00f3polis.<\/p>\n<p>As armas e os carregadores estavam escondidos dentro do painel de um carro que seguia em dire\u00e7\u00e3o ao munic\u00edpio baiano.<\/p>\n<p>O ve\u00edculo foi abordado por uma equipe da PRF na BR-116, altura do quil\u00f4metro 71, em Teres\u00f3polis, nessa segunda-feira (4). Como o motorista demonstrou nervosismo, os agentes resolveram fazer uma busca minuciosa no autom\u00f3vel.<\/p>\n<p>Os policiais acharam as armas em um compartimento dentro do painel do carro: sete fuzis calibre 5,56mm desmontados e 12 carregadores. O motorista disse que entregaria o armamento a uma fac\u00e7\u00e3o criminosa do Rio com ramifica\u00e7\u00e3o na Bahia.<\/p>\n<p>O registro da apreens\u00e3o foi feito na delegacia policial de Teres\u00f3polis. O motorista, ap\u00f3s ser autuado em flagrante, foi encaminhado ao sistema prisional do fluminense, onde ficar\u00e1 \u00e0 disposi\u00e7\u00e3o da Justi\u00e7a, aguardando julgamento.<\/p>\n","protected":false},"excerpt":{"rendered":"<p>Sete fuzis e dez carregadores que estavam sendo levados para a cidade de Porto Seguro, no litoral sul da Bahia, foram apreendidos pela Pol\u00edcia Rodovi\u00e1ria Federal (PRF) em Teres\u00f3polis. As armas e os carregadores estavam escondidos dentro do painel de um carro que seguia em dire\u00e7\u00e3o ao munic\u00edpio baiano. O ve\u00edculo foi abordado por uma [&hellip;]<\/p>\n","protected":false},"author":2,"featured_media":360067,"comment_status":"closed","ping_status":"closed","sticky":false,"template":"","format":"standard","meta":{"_acf_changed":false,"footnotes":""},"categories":[165],"tags":[],"class_list":["post-360066","post","type-post","status-publish","format-standard","has-post-thumbnail","hentry","category-nordeste"],"acf":[],"_links":{"self":[{"href":"https:\/\/www.notibras.com\/site\/wp-json\/wp\/v2\/posts\/360066","targetHints":{"allow":["GET"]}}],"collection":[{"href":"https:\/\/www.notibras.com\/site\/wp-json\/wp\/v2\/posts"}],"about":[{"href":"https:\/\/www.notibras.com\/site\/wp-json\/wp\/v2\/types\/post"}],"author":[{"embeddable":true,"href":"https:\/\/www.notibras.com\/site\/wp-json\/wp\/v2\/users\/2"}],"replies":[{"embeddable":true,"href":"https:\/\/www.notibras.com\/site\/wp-json\/wp\/v2\/comments?post=360066"}],"version-history":[{"count":3,"href":"https:\/\/www.notibras.com\/site\/wp-json\/wp\/v2\/posts\/360066\/revisions"}],"predecessor-version":[{"id":360070,"href":"https:\/\/www.notibras.com\/site\/wp-json\/wp\/v2\/posts\/360066\/revisions\/360070"}],"wp:featuredmedia":[{"embeddable":true,"href":"https:\/\/www.notibras.com\/site\/wp-json\/wp\/v2\/media\/360067"}],"wp:attachment":[{"href":"https:\/\/www.notibras.com\/site\/wp-json\/wp\/v2\/media?parent=360066"}],"wp:term":[{"taxonomy":"category","embeddable":true,"href":"https:\/\/www.notibras.com\/site\/wp-json\/wp\/v2\/categories?post=360066"},{"taxonomy":"post_tag","embeddable":true,"href":"https:\/\/www.notibras.com\/site\/wp-json\/wp\/v2\/tags?post=360066"}],"curies":[{"name":"wp","href":"https:\/\/api.w.org\/{rel}","templated":true}]}}