{"id":360071,"date":"2025-08-05T06:06:24","date_gmt":"2025-08-05T09:06:24","guid":{"rendered":"https:\/\/www.notibras.com\/site\/?p=360071"},"modified":"2025-08-05T11:10:22","modified_gmt":"2025-08-05T14:10:22","slug":"nordestino-comeca-a-resistir-a-prova-de-crises-climaticas","status":"publish","type":"post","link":"https:\/\/www.notibras.com\/site\/nordestino-comeca-a-resistir-a-prova-de-crises-climaticas\/","title":{"rendered":"Nordestino come\u00e7a a resistir \u00e0 prova de crises clim\u00e1ticas"},"content":{"rendered":"<p>Enquanto outras regi\u00f5es sofrem, o Nordeste tem se confirmado como um s\u00edmbolo de resist\u00eancia. Em 2024, 57\u202f% dos nordestinos relataram que eventos clim\u00e1ticos foram piores ou muito piores que o habitual, incluindo calor extremo, secas prolongadas e chuvas irregulares<\/p>\n<p>Mesmo diante dessa adversidade, o Nordeste resiste com inova\u00e7\u00e3o e mobiliza\u00e7\u00e3o comunit\u00e1ria. Projetos de infraestrutura como po\u00e7os solares e cisternas t\u00eam sido pilares estruturantes<\/p>\n<p> Iniciativas que transformam realidades<\/p>\n<p>Projeto Sert\u00e3o Vivo<br \/>\nUma iniciativa conjunta entre o FIDA (ONU), BNDES e governos estaduais, o Sert\u00e3o Vivo investe cerca de R$\u202f1,8\u202fbilh\u00e3o para apoiar pr\u00e1ticas agr\u00edcolas sustent\u00e1veis em nove estados do Nordeste. O projeto j\u00e1 beneficia mais de 250 mil pessoas no Cear\u00e1 e deve alcan\u00e7ar 1,8 milh\u00e3o de fam\u00edlias no total, enfocando mulheres, jovens e comunidades tradicionais<\/p>\n<p> Desafios clim\u00e1ticos que testam a regi\u00e3o<\/p>\n<p>Em 2024, 57% da popula\u00e7\u00e3o nordestina classificou os eventos clim\u00e1ticos como \u201cpiores que o habitual\u201d, incluindo fortes secas, chuvas irregulares e calor extremo. No interior rural com renda at\u00e9 um sal\u00e1rio m\u00ednimo, essa percep\u00e7\u00e3o atingiu 86% dos entrevistados.<\/p>\n<p>Esses impactos evidenciam a urg\u00eancia de interven\u00e7\u00f5es estruturadas, j\u00e1 que escassez h\u00eddrica e fen\u00f4menos clim\u00e1ticos extremos t\u00eam amea\u00e7ado rendas e subsist\u00eancia de comunidades tradicionais.<\/p>\n<p> Inova\u00e7\u00f5es e pol\u00edticas p\u00fablicas como resposta<\/p>\n<p>Sistemas resilientes ao clima, como cisternas, barreiros subterr\u00e2neos e agroflorestais adaptados \u00e0 caatinga, t\u00eam sido implementados por meio de iniciativas p\u00fablicas e privadas, garantindo acesso \u00e0 \u00e1gua, produ\u00e7\u00e3o sustent\u00e1vel e restaura\u00e7\u00e3o ambiental<\/p>\n<p> Projeto Sert\u00e3o Vivo: uma obra de longa escala<\/p>\n<p>* Lan\u00e7ado em outubro de 2023 pelo Governo Federal com apoio do BNDES e do FIDA (ONU), o Sert\u00e3o Vivo mobiliza R$\u202f1,75 bilh\u00e3o, beneficiando at\u00e9 430 mil fam\u00edlias no semi\u00e1rido nordestino<\/p>\n<p>* Ap\u00f3s amplia\u00e7\u00e3o, o projeto cobre todos os estados do Nordeste, com R$\u202f1,8\u202fbilh\u00e3o e meta de apoiar at\u00e9 2 milh\u00f5es de pessoas<\/p>\n<p>* No Cear\u00e1, primeira opera\u00e7\u00e3o de R$\u202f252\u202fmilh\u00f5es beneficiou 63 mil fam\u00edlias em 72 munic\u00edpios<\/p>\n<p>* Em Pernambuco e Bahia, aproximadamente R$\u202f299 milh\u00f5es foram destinados a 75 mil fam\u00edlias em cada estado, com sistemas agroecol\u00f3gicos e infraestrutura h\u00eddrica sustent\u00e1vel<\/p>\n<p>O projeto prioriza a agroecologia, seguran\u00e7a alimentar, a\u00e7\u00f5es clim\u00e1ticas e inclus\u00e3o de popula\u00e7\u00f5es tradicionais (ind\u00edgenas, quilombolas, assentados<\/p>\n<p> Resili\u00eancia comunit\u00e1ria em pr\u00e1tica<\/p>\n<p>O Projeto Nordeste pela Resili\u00eancia Clim\u00e1tica, implementado por Vis\u00e3o Mundial e BHA\/USAID, alcan\u00e7ou mais de 1.200 participantes e promove oficinas, treinamentos com Defesa Civil e mutir\u00f5es comunit\u00e1rios. J\u00e1 come\u00e7a a transformar realidades locais por meio de lideran\u00e7a comunit\u00e1ria e capacita\u00e7\u00e3o pr\u00e1tica (com reconhecimento em munic\u00edpios como Cabo de Santo Agostinho)<br \/>\nImpacta Nordeste<\/p>\n<p> O futuro sustent\u00e1vel<\/p>\n<p>A combina\u00e7\u00e3o de resposta clim\u00e1tica e pol\u00edticas sustent\u00e1veis tem gerado impactos econ\u00f4micos: o Nordeste deve liderar crescimento econ\u00f4mico no Brasil entre 2025 e 2033, com estimativa de expans\u00e3o do PIB entre 3,4% e 3,8% ao ano \u2014 acima da m\u00e9dia nacional. A agroenergia, turismo e ind\u00fastria fortalecem a transforma\u00e7\u00e3o econ\u00f4mica regional<\/p>\n<p>Nesta jornada, o Nordeste acrescenta for\u00e7a econ\u00f4mica, \u00e9 resposta aos desafios clim\u00e1ticos e exemplo de inova\u00e7\u00e3o social, consolidando-se como regi\u00e3o protagonista no enfrentamento da pobreza rural e das mudan\u00e7as clim\u00e1ticas.<\/p>\n<p>Num contexto onde crises clim\u00e1ticas amea\u00e7am o semi\u00e1rido, o Nordeste demonstra for\u00e7a ao resistir e liderar solu\u00e7\u00f5es. Por meio de parcerias trilaterais (governo, ONU, setor local) e protagonismo comunit\u00e1rio, a regi\u00e3o hoje \u00e9 refer\u00eancia de resili\u00eancia, modelo de conviv\u00eancia com o Semi\u00e1rido \u2014 e exemplo para o Brasil e o mundo.<\/p>\n","protected":false},"excerpt":{"rendered":"<p>Enquanto outras regi\u00f5es sofrem, o Nordeste tem se confirmado como um s\u00edmbolo de resist\u00eancia. Em 2024, 57\u202f% dos nordestinos relataram que eventos clim\u00e1ticos foram piores ou muito piores que o habitual, incluindo calor extremo, secas prolongadas e chuvas irregulares Mesmo diante dessa adversidade, o Nordeste resiste com inova\u00e7\u00e3o e mobiliza\u00e7\u00e3o comunit\u00e1ria. Projetos de infraestrutura como [&hellip;]<\/p>\n","protected":false},"author":2,"featured_media":360072,"comment_status":"closed","ping_status":"closed","sticky":false,"template":"","format":"standard","meta":{"_acf_changed":false,"footnotes":""},"categories":[165],"tags":[],"class_list":["post-360071","post","type-post","status-publish","format-standard","has-post-thumbnail","hentry","category-nordeste"],"acf":[],"_links":{"self":[{"href":"https:\/\/www.notibras.com\/site\/wp-json\/wp\/v2\/posts\/360071","targetHints":{"allow":["GET"]}}],"collection":[{"href":"https:\/\/www.notibras.com\/site\/wp-json\/wp\/v2\/posts"}],"about":[{"href":"https:\/\/www.notibras.com\/site\/wp-json\/wp\/v2\/types\/post"}],"author":[{"embeddable":true,"href":"https:\/\/www.notibras.com\/site\/wp-json\/wp\/v2\/users\/2"}],"replies":[{"embeddable":true,"href":"https:\/\/www.notibras.com\/site\/wp-json\/wp\/v2\/comments?post=360071"}],"version-history":[{"count":1,"href":"https:\/\/www.notibras.com\/site\/wp-json\/wp\/v2\/posts\/360071\/revisions"}],"predecessor-version":[{"id":360073,"href":"https:\/\/www.notibras.com\/site\/wp-json\/wp\/v2\/posts\/360071\/revisions\/360073"}],"wp:featuredmedia":[{"embeddable":true,"href":"https:\/\/www.notibras.com\/site\/wp-json\/wp\/v2\/media\/360072"}],"wp:attachment":[{"href":"https:\/\/www.notibras.com\/site\/wp-json\/wp\/v2\/media?parent=360071"}],"wp:term":[{"taxonomy":"category","embeddable":true,"href":"https:\/\/www.notibras.com\/site\/wp-json\/wp\/v2\/categories?post=360071"},{"taxonomy":"post_tag","embeddable":true,"href":"https:\/\/www.notibras.com\/site\/wp-json\/wp\/v2\/tags?post=360071"}],"curies":[{"name":"wp","href":"https:\/\/api.w.org\/{rel}","templated":true}]}}