{"id":360074,"date":"2025-08-05T06:23:25","date_gmt":"2025-08-05T09:23:25","guid":{"rendered":"https:\/\/www.notibras.com\/site\/?p=360074"},"modified":"2025-08-05T11:19:00","modified_gmt":"2025-08-05T14:19:00","slug":"cana-de-acucar-e-etanol-viram-veneno-para-o-meio-ambiente-do-nordeste","status":"publish","type":"post","link":"https:\/\/www.notibras.com\/site\/cana-de-acucar-e-etanol-viram-veneno-para-o-meio-ambiente-do-nordeste\/","title":{"rendered":"Cana-de-A\u00e7\u00facar e etanol viram veneno para o meio ambiente do Nordeste"},"content":{"rendered":"<p>A produ\u00e7\u00e3o de cana-de-a\u00e7\u00facar, tradicional no Nordeste brasileiro, \u00e9 respons\u00e1vel por grande parte da gera\u00e7\u00e3o de etanol e a\u00e7\u00facar do pa\u00eds. Estados como Pernambuco e Alagoas possuem s\u00e9culos de hist\u00f3ria ligados aos canaviais, que foram fundamentais para a economia regional desde o per\u00edodo colonial.<\/p>\n<p>Nos \u00faltimos anos, a expans\u00e3o da produ\u00e7\u00e3o e a crescente demanda por biocombust\u00edveis colocaram o setor novamente em evid\u00eancia. No entanto, junto com os benef\u00edcios econ\u00f4micos e energ\u00e9ticos, surgem importantes desafios ambientais que exigem aten\u00e7\u00e3o e estrat\u00e9gias sustent\u00e1veis.<\/p>\n<p>A cana-de-a\u00e7\u00facar \u00e9 uma das culturas mais expressivas do Nordeste:<br \/>\n\u2022Alagoas \u00e9 l\u00edder regional na produ\u00e7\u00e3o de cana, respons\u00e1vel por mais de 40% da safra nordestina.<br \/>\n\u2022Pernambuco e Para\u00edba tamb\u00e9m t\u00eam grande destaque, principalmente na Zona da Mata, onde o cultivo domina a paisagem.<\/p>\n<p>Al\u00e9m do a\u00e7\u00facar, o etanol produzido na regi\u00e3o abastece o mercado interno e contribui para a matriz energ\u00e9tica limpa do Brasil, reduzindo a depend\u00eancia de combust\u00edveis f\u00f3sseis.<\/p>\n<p>Apesar dos avan\u00e7os tecnol\u00f3gicos e da import\u00e2ncia econ\u00f4mica, a produ\u00e7\u00e3o canavieira traz consequ\u00eancias ambientais significativas, como:<\/p>\n<p>1.Desmatamento e perda da biodiversidade \u2014 A expans\u00e3o de canaviais historicamente substituiu \u00e1reas de Mata Atl\u00e2ntica e ecossistemas nativos.<\/p>\n<p>2.Uso intensivo da \u00e1gua \u2014 A irriga\u00e7\u00e3o e o processamento da cana demandam grande volume de \u00e1gua, pressionando rios e mananciais.<\/p>\n<p>3.Queimadas e emiss\u00e3o de poluentes \u2014 Embora cada vez menos utilizadas, as queimadas para colheita ainda ocorrem, liberando gases e prejudicando a qualidade do ar.<\/p>\n<p>4.Polui\u00e7\u00e3o do solo e da \u00e1gua \u2014 O uso de fertilizantes e defensivos agr\u00edcolas pode contaminar rios e len\u00e7\u00f3is fre\u00e1ticos.<\/p>\n<p>Segundo especialistas da Universidade Federal Rural de Pernambuco (UFRPE), o manejo inadequado da cana pode comprometer a qualidade ambiental e a produtividade futura das \u00e1reas cultivadas.<\/p>\n<p>Para reduzir os impactos ambientais, o setor sucroalcooleiro tem adotado diversas medidas:<br \/>\n\u2022Mecaniza\u00e7\u00e3o da colheita, reduzindo o uso de queimadas;<br \/>\n\u2022Tratamento de efluentes, evitando a contamina\u00e7\u00e3o de rios;<br \/>\n\u2022Aproveitamento de res\u00edduos, como o baga\u00e7o da cana para gera\u00e7\u00e3o de energia;<br \/>\n\u2022Expans\u00e3o de certifica\u00e7\u00f5es ambientais, que exigem pr\u00e1ticas mais sustent\u00e1veis no cultivo.<\/p>\n<p>Projetos de recupera\u00e7\u00e3o de \u00e1reas degradadas e monitoramento da qualidade da \u00e1gua tamb\u00e9m s\u00e3o fundamentais para tornar a produ\u00e7\u00e3o de cana-de-a\u00e7\u00facar e etanol menos agressiva ao meio ambiente.<\/p>\n<p>A cana-de-a\u00e7\u00facar continuar\u00e1 sendo uma pe\u00e7a-chave para a economia e a matriz energ\u00e9tica do Nordeste. Por\u00e9m, especialistas alertam que o crescimento do setor deve caminhar junto com pol\u00edticas p\u00fablicas e tecnologias que minimizem os impactos ambientais e garantam a preserva\u00e7\u00e3o dos recursos naturais.<\/p>\n<p>Manter esse equil\u00edbrio \u00e9 essencial para que a produ\u00e7\u00e3o de a\u00e7\u00facar e etanol no Nordeste seja sustent\u00e1vel, beneficiando n\u00e3o apenas a economia regional, mas tamb\u00e9m o meio ambiente e as futuras gera\u00e7\u00f5es.<\/p>\n","protected":false},"excerpt":{"rendered":"<p>A produ\u00e7\u00e3o de cana-de-a\u00e7\u00facar, tradicional no Nordeste brasileiro, \u00e9 respons\u00e1vel por grande parte da gera\u00e7\u00e3o de etanol e a\u00e7\u00facar do pa\u00eds. Estados como Pernambuco e Alagoas possuem s\u00e9culos de hist\u00f3ria ligados aos canaviais, que foram fundamentais para a economia regional desde o per\u00edodo colonial. Nos \u00faltimos anos, a expans\u00e3o da produ\u00e7\u00e3o e a crescente demanda [&hellip;]<\/p>\n","protected":false},"author":2,"featured_media":360075,"comment_status":"closed","ping_status":"closed","sticky":false,"template":"","format":"standard","meta":{"_acf_changed":false,"footnotes":""},"categories":[165],"tags":[],"class_list":["post-360074","post","type-post","status-publish","format-standard","has-post-thumbnail","hentry","category-nordeste"],"acf":[],"_links":{"self":[{"href":"https:\/\/www.notibras.com\/site\/wp-json\/wp\/v2\/posts\/360074","targetHints":{"allow":["GET"]}}],"collection":[{"href":"https:\/\/www.notibras.com\/site\/wp-json\/wp\/v2\/posts"}],"about":[{"href":"https:\/\/www.notibras.com\/site\/wp-json\/wp\/v2\/types\/post"}],"author":[{"embeddable":true,"href":"https:\/\/www.notibras.com\/site\/wp-json\/wp\/v2\/users\/2"}],"replies":[{"embeddable":true,"href":"https:\/\/www.notibras.com\/site\/wp-json\/wp\/v2\/comments?post=360074"}],"version-history":[{"count":3,"href":"https:\/\/www.notibras.com\/site\/wp-json\/wp\/v2\/posts\/360074\/revisions"}],"predecessor-version":[{"id":360078,"href":"https:\/\/www.notibras.com\/site\/wp-json\/wp\/v2\/posts\/360074\/revisions\/360078"}],"wp:featuredmedia":[{"embeddable":true,"href":"https:\/\/www.notibras.com\/site\/wp-json\/wp\/v2\/media\/360075"}],"wp:attachment":[{"href":"https:\/\/www.notibras.com\/site\/wp-json\/wp\/v2\/media?parent=360074"}],"wp:term":[{"taxonomy":"category","embeddable":true,"href":"https:\/\/www.notibras.com\/site\/wp-json\/wp\/v2\/categories?post=360074"},{"taxonomy":"post_tag","embeddable":true,"href":"https:\/\/www.notibras.com\/site\/wp-json\/wp\/v2\/tags?post=360074"}],"curies":[{"name":"wp","href":"https:\/\/api.w.org\/{rel}","templated":true}]}}