{"id":360079,"date":"2025-08-05T00:25:57","date_gmt":"2025-08-05T03:25:57","guid":{"rendered":"https:\/\/www.notibras.com\/site\/?p=360079"},"modified":"2025-08-05T11:28:44","modified_gmt":"2025-08-05T14:28:44","slug":"terraco-shopping-celebra-o-dia-dos-pais-com-promocao-especial","status":"publish","type":"post","link":"https:\/\/www.notibras.com\/site\/terraco-shopping-celebra-o-dia-dos-pais-com-promocao-especial\/","title":{"rendered":"Terra\u00e7o Shopping celebra o Dia dos Pais com promo\u00e7\u00e3o especial"},"content":{"rendered":"<p style=\"font-weight: 400;\">Para tornar o Dia dos Pais ainda mais marcante, o Terra\u00e7o Shopping preparou uma campanha especial para celebrar a data ao lado de seus clientes. Entre os dias\u00a01\u00ba e 10 de agosto, quem comprar no shopping poder\u00e1 participar de uma promo\u00e7\u00e3o exclusiva e levar para casa um presente elegante e pr\u00e1tico.<\/p>\n<p style=\"font-weight: 400;\">Nas comprasacima de R$ 400,00, os clientes podem cadastrar as notas fiscais no aplicativo do Terra\u00e7o Shopping e trocar por\u00a0<strong>uma <\/strong>carteira de couro leg\u00edtimo. Com design minimalista e inovador, o acess\u00f3rio combina funcionalidade e estilo, sendo ideal para o dia a dia, tornando-se a escolha perfeita para quem valoriza acess\u00f3rios funcionais e estilosos. A promo\u00e7\u00e3o \u00e9 limitada a uma unidade por CPF e v\u00e1lida enquanto durarem os estoques.<\/p>\n<p style=\"font-weight: 400;\">Al\u00e9m da promo\u00e7\u00e3o, o Terra\u00e7o Shopping oferece um mix completo de lojas, com op\u00e7\u00f5es para todos os estilos de pais, que v\u00e3o de moda, cal\u00e7ados, artigos esportivos, eletr\u00f4nicos e uma alameda de servi\u00e7os que facilita a vida de quem busca conveni\u00eancia, tudo isso em um ambiente acolhedor e convidativo.<\/p>\n<p style=\"font-weight: 400;\"><strong>Servi\u00e7o:<\/strong><\/p>\n<p style=\"font-weight: 400;\">Per\u00edodo da Promo\u00e7\u00e3o: de 01\/08\/2025 a 10\/08\/2025, ou enquanto durarem os estoques. Mec\u00e2nica: Acima de R$ 400,00 (quatrocentos reais) em compras, troque suas notas fiscais no aplicativo do Terra\u00e7o Shopping e ganhe uma carteira em couro. Confira o regulamento completo no site do Terra\u00e7o Shopping<\/p>\n<p style=\"font-weight: 400;\">O Terra\u00e7o Shopping faz parte da vida do brasiliense h\u00e1 mais de 25 anos. Seu estilo \u00fanico de open mall proporciona um ambiente agrad\u00e1vel, com vista incr\u00edvel para o lindo c\u00e9u de Bras\u00edlia. Com uma hist\u00f3ria cheia de divers\u00e3o e eventos para todas as idades, o shopping celebra esse marco importante com muita alegria e gratid\u00e3o por cada cliente que participa dessa caminhada. O empreendimento pertence as Organiza\u00e7\u00f5es PaulOOctavio e foi inaugurado em novembro de 1999, possuindo 160 lojas, 15 opera\u00e7\u00f5es na pra\u00e7a de alimenta\u00e7\u00e3o e 10 restaurantes no Gourmet Center, al\u00e9m de duas torres com 270 salas comerciais e um amplo estacionamento.<\/p>\n<p style=\"font-weight: 400;\"><strong>Servi\u00e7o do Terra\u00e7o Shopping:<\/strong><\/p>\n<p style=\"font-weight: 400;\">Site:\u00a0<a href=\"http:\/\/www.terracoshopping.com.br\/\" data-saferedirecturl=\"https:\/\/www.google.com\/url?q=http:\/\/www.terracoshopping.com.br&amp;source=gmail&amp;ust=1754490304818000&amp;usg=AOvVaw3wS_iR0Mp5Ob9Ghdc5so30\">www.terracoshopping.com.br<\/a><\/p>\n<p style=\"font-weight: 400;\">Instagram: @terracoshopping<\/p>\n<p style=\"font-weight: 400;\">Facebook: @shoppingterraco<\/p>\n","protected":false},"excerpt":{"rendered":"<p>Para tornar o Dia dos Pais ainda mais marcante, o Terra\u00e7o Shopping preparou uma campanha especial para celebrar a data ao lado de seus clientes. Entre os dias\u00a01\u00ba e 10 de agosto, quem comprar no shopping poder\u00e1 participar de uma promo\u00e7\u00e3o exclusiva e levar para casa um presente elegante e pr\u00e1tico. Nas comprasacima de R$ [&hellip;]<\/p>\n","protected":false},"author":2,"featured_media":360080,"comment_status":"closed","ping_status":"closed","sticky":false,"template":"","format":"standard","meta":{"_acf_changed":false,"footnotes":""},"categories":[161],"tags":[],"class_list":["post-360079","post","type-post","status-publish","format-standard","has-post-thumbnail","hentry","category-quadradinho-em-foco"],"acf":[],"_links":{"self":[{"href":"https:\/\/www.notibras.com\/site\/wp-json\/wp\/v2\/posts\/360079","targetHints":{"allow":["GET"]}}],"collection":[{"href":"https:\/\/www.notibras.com\/site\/wp-json\/wp\/v2\/posts"}],"about":[{"href":"https:\/\/www.notibras.com\/site\/wp-json\/wp\/v2\/types\/post"}],"author":[{"embeddable":true,"href":"https:\/\/www.notibras.com\/site\/wp-json\/wp\/v2\/users\/2"}],"replies":[{"embeddable":true,"href":"https:\/\/www.notibras.com\/site\/wp-json\/wp\/v2\/comments?post=360079"}],"version-history":[{"count":1,"href":"https:\/\/www.notibras.com\/site\/wp-json\/wp\/v2\/posts\/360079\/revisions"}],"predecessor-version":[{"id":360081,"href":"https:\/\/www.notibras.com\/site\/wp-json\/wp\/v2\/posts\/360079\/revisions\/360081"}],"wp:featuredmedia":[{"embeddable":true,"href":"https:\/\/www.notibras.com\/site\/wp-json\/wp\/v2\/media\/360080"}],"wp:attachment":[{"href":"https:\/\/www.notibras.com\/site\/wp-json\/wp\/v2\/media?parent=360079"}],"wp:term":[{"taxonomy":"category","embeddable":true,"href":"https:\/\/www.notibras.com\/site\/wp-json\/wp\/v2\/categories?post=360079"},{"taxonomy":"post_tag","embeddable":true,"href":"https:\/\/www.notibras.com\/site\/wp-json\/wp\/v2\/tags?post=360079"}],"curies":[{"name":"wp","href":"https:\/\/api.w.org\/{rel}","templated":true}]}}