{"id":360121,"date":"2025-08-06T04:00:47","date_gmt":"2025-08-06T07:00:47","guid":{"rendered":"https:\/\/www.notibras.com\/site\/?p=360121"},"modified":"2025-08-06T06:11:06","modified_gmt":"2025-08-06T09:11:06","slug":"confraria-de-tubaroes-do-jornalismo-aceita-um-bagre-como-membro","status":"publish","type":"post","link":"https:\/\/www.notibras.com\/site\/confraria-de-tubaroes-do-jornalismo-aceita-um-bagre-como-membro\/","title":{"rendered":"Confraria de tubar\u00f5es do jornalismo do DF aceita um bagre como membro"},"content":{"rendered":"<p>Bagrinho. Era assim o tratamento dispensado por Leleco, superior imediato, nos tempos \u00e1ureos da Folha de S\u00e3o P\u00e0ulo, sucursal Bras\u00edlia, em meados da d\u00e9cada de 70 do s\u00e9culo passado, ao ent\u00e3o iniciante jornalista Jos\u00e9 Seabra. Com o passar dos anos, Seabra foi promovido a Chefe, como dizem os coleguinhas aqui do<strong> Notibras<\/strong>.<\/p>\n<p>Merecedor de prolongadas f\u00e9rias no litoral sul de Pernambuco, onde \u00e9 Diretor da Sucursal Regional Nordeste do <strong>Notibras<\/strong>, o Chefe est\u00e1 voltando a Bras\u00edlia para um encontro especial com verdadeiros tubar\u00f5es da imprensa. Seabra, claro, abandonou o diminutivo e, por isso, se far\u00e1 presente como Bagre.<\/p>\n<p>Em conversa particular com outro baluarte do <strong>Notibras<\/strong>, o querido Armando Cardoso, Presidente do Conselho Editorial do <strong>Notibras<\/strong>, ele n\u00e3o poupou elogios ao colega: &#8216;Se o Seabra fosse uma ponte, diria sem medo de exagerar no tempero, que muita \u00e1gua j\u00e1 rolou por debaixo da sua antiga Remington, cujas teclas, t\u00e3o acostumadas com aqueles dedos ligeiros, n\u00e3o cansavam de nos brindar com reportagens surpreendentes.&#8217;<\/p>\n<p>Tal rel\u00edquia, que hoje descansa no museu da fam\u00edlia Seabra, teria sido objeto de um quase crime. Vale aqui a pena cont\u00e1-lo, ainda mais porque foi cometido por um sobrinho do Chefe.<\/p>\n<p>O sobrinho, no af\u00e3 de seus 15, 16 anos, teria se deixado levar pelos horm\u00f4nios \u00e0 flor da pele e, furtivamente, tentou se apoderar da famosa Remington. N\u00e3o deu outra, foi pego em flagrante pelo tio, que sorriu da molecagem do ent\u00e3o adolescente.<\/p>\n<p>\u2014 Parece que corre nas suas veias o sangue inconfund\u00edvel dos Seabras.<\/p>\n<p>\u2014 Somos ladr\u00f5es?<\/p>\n<p>\u2014 Jamais! Somos jornalistas!<\/p>\n<p>Se essa hist\u00f3ria aconteceu exatamente assim, n\u00e3o importa. O fato \u00e9 que o tal sobrinho se enveredou pelo mesmo caminho do tio e, tamb\u00e9m, se tornou um expoente do jornalismo. Mas n\u00e3o estou aqui para falar desse parente do Seabra, que merece todo reconhecimento alcan\u00e7ado. \u00c9 que o Chefe, soube por fonte fidedigna, aportar\u00e1 em Bras\u00edlia nesta quarta-feira, 6..<\/p>\n<p style=\"text-align: center;\"><img loading=\"lazy\" decoding=\"async\" class=\"alignnone  wp-image-360122\" src=\"https:\/\/www.notibras.com\/site\/wp-content\/uploads\/2025\/08\/WhatsApp-Image-2025-08-03-at-14.19.30-300x225.jpeg\" alt=\"\" width=\"560\" height=\"420\" srcset=\"https:\/\/www.notibras.com\/site\/wp-content\/uploads\/2025\/08\/WhatsApp-Image-2025-08-03-at-14.19.30-300x225.jpeg 300w, https:\/\/www.notibras.com\/site\/wp-content\/uploads\/2025\/08\/WhatsApp-Image-2025-08-03-at-14.19.30-1024x768.jpeg 1024w, https:\/\/www.notibras.com\/site\/wp-content\/uploads\/2025\/08\/WhatsApp-Image-2025-08-03-at-14.19.30-768x576.jpeg 768w, https:\/\/www.notibras.com\/site\/wp-content\/uploads\/2025\/08\/WhatsApp-Image-2025-08-03-at-14.19.30.jpeg 1280w\" sizes=\"auto, (max-width: 560px) 100vw, 560px\" \/><\/p>\n<p>Armando, que n\u00e3o \u00e9 besta nem nada, tratou de articular o encontro do Chefe com a galera das antigas, forjada nas reda\u00e7\u00f5es dos principais ve\u00edculos jornal\u00edsticos do pa\u00eds: Paulo Cotta, Gerson Gon\u00e7alves, Gra\u00e7a Amorim, Stenio Ribeiro, Maur\u00edcio Cardoso e, \u00f3bvio, o nosso Armando. E o evento ser\u00e1 no tradicional restaurante Dona Ot\u00edlia, na Feira do Guar\u00e1.<\/p>\n<p>Essa turma do cabelo branco, como o Chefe gosta de falar, ir\u00e1 ser cortejado para se incorporar oportunamente aos demais quase centen\u00e1rios colegas de <strong>Notibras<\/strong>. Que sejam bem-vindos, pois, como o Armando gosta de afirmar: &#8216;Sempre h\u00e1 espa\u00e7o para quem tem talento e usa Rexona.&#8217;<\/p>\n<p>\u2026\u2026\u2026\u2026\u2026\u2026\u2026\u2026<\/p>\n<p><strong>Eduardo Mart\u00ednez \u00e9 autor do livro \u201957 Contos e Cr\u00f4nicas por um Autor Muito Velho\u2019<\/strong><\/p>\n<p><strong>Compre aqui<\/strong>\u00a0<img decoding=\"async\" class=\"emoji\" role=\"img\" draggable=\"false\" src=\"https:\/\/s.w.org\/images\/core\/emoji\/16.0.1\/svg\/1f447-1f3ff.svg\" alt=\"\" \/><\/p>\n<p><a href=\"https:\/\/www.joanineditora.com.br\/57-contos-e-cronicas-por-um-autor-muito-velho\">https:\/\/www.joanineditora.com.br\/57-contos-e-cronicas-por-um-autor-muito-velho<\/a><\/p>\n","protected":false},"excerpt":{"rendered":"<p>Bagrinho. Era assim o tratamento dispensado por Leleco, superior imediato, nos tempos \u00e1ureos da Folha de S\u00e3o P\u00e0ulo, sucursal Bras\u00edlia, em meados da d\u00e9cada de 70 do s\u00e9culo passado, ao ent\u00e3o iniciante jornalista Jos\u00e9 Seabra. Com o passar dos anos, Seabra foi promovido a Chefe, como dizem os coleguinhas aqui do Notibras. Merecedor de prolongadas [&hellip;]<\/p>\n","protected":false},"author":21,"featured_media":360123,"comment_status":"closed","ping_status":"closed","sticky":false,"template":"","format":"standard","meta":{"_acf_changed":false,"footnotes":""},"categories":[161],"tags":[],"class_list":["post-360121","post","type-post","status-publish","format-standard","has-post-thumbnail","hentry","category-quadradinho-em-foco"],"acf":[],"_links":{"self":[{"href":"https:\/\/www.notibras.com\/site\/wp-json\/wp\/v2\/posts\/360121","targetHints":{"allow":["GET"]}}],"collection":[{"href":"https:\/\/www.notibras.com\/site\/wp-json\/wp\/v2\/posts"}],"about":[{"href":"https:\/\/www.notibras.com\/site\/wp-json\/wp\/v2\/types\/post"}],"author":[{"embeddable":true,"href":"https:\/\/www.notibras.com\/site\/wp-json\/wp\/v2\/users\/21"}],"replies":[{"embeddable":true,"href":"https:\/\/www.notibras.com\/site\/wp-json\/wp\/v2\/comments?post=360121"}],"version-history":[{"count":5,"href":"https:\/\/www.notibras.com\/site\/wp-json\/wp\/v2\/posts\/360121\/revisions"}],"predecessor-version":[{"id":360179,"href":"https:\/\/www.notibras.com\/site\/wp-json\/wp\/v2\/posts\/360121\/revisions\/360179"}],"wp:featuredmedia":[{"embeddable":true,"href":"https:\/\/www.notibras.com\/site\/wp-json\/wp\/v2\/media\/360123"}],"wp:attachment":[{"href":"https:\/\/www.notibras.com\/site\/wp-json\/wp\/v2\/media?parent=360121"}],"wp:term":[{"taxonomy":"category","embeddable":true,"href":"https:\/\/www.notibras.com\/site\/wp-json\/wp\/v2\/categories?post=360121"},{"taxonomy":"post_tag","embeddable":true,"href":"https:\/\/www.notibras.com\/site\/wp-json\/wp\/v2\/tags?post=360121"}],"curies":[{"name":"wp","href":"https:\/\/api.w.org\/{rel}","templated":true}]}}