{"id":360166,"date":"2025-08-06T00:48:14","date_gmt":"2025-08-06T03:48:14","guid":{"rendered":"https:\/\/www.notibras.com\/site\/?p=360166"},"modified":"2025-08-06T00:49:05","modified_gmt":"2025-08-06T03:49:05","slug":"palestina-segue-real-chance-de-trilhar-caminho-da-paz","status":"publish","type":"post","link":"https:\/\/www.notibras.com\/site\/palestina-segue-real-chance-de-trilhar-caminho-da-paz\/","title":{"rendered":"Palestina segue real chance de trilhar caminho da paz"},"content":{"rendered":"<p>Um vento de possibilidade positiva sopra rumo a Gaza. Pode parecer uma vis\u00e3o ing\u00eanua diante da trag\u00e9dia que se abate naquele pequeno peda\u00e7o de mundo, mas e exatamente pela expans\u00e3o da trag\u00e9dia \u00e9 que se vislumbra rumos diferentes a partir de importantes movimentos geopol\u00edticos.<\/p>\n<p>O governo de Israel, contra a vontade de grande parte de seu pr\u00f3prio povo, em desafio a todas as resolu\u00e7\u00f5es da ONU e \u00e0s condena\u00e7\u00f5es internacionais, inclusive do Tribunal Penal Internacional, continua sua escalada de horror, com seu show macabro de mortes, cujo requinte de crueldade chegou ao ponto de tornar seus alvos pessoas fam\u00e9licas em filas em busca de algum alimento.<\/p>\n<p>Depois de quase dois anos de um massacre terr\u00edvel contra a popula\u00e7\u00e3o civil de Gaza com bombas, m\u00edsseis e balas (e aqui n\u00e3o se relativiza o atentado covarde contra a popula\u00e7\u00e3o civil de Israel promovido pelo grupo Hamas, mas que jamais pode justificar a vingan\u00e7a do governo israelense contra os civis de Gaza) que j\u00e1 dizimou mais de 60.000 mil vidas, agora assistimos a um espet\u00e1culo dantesco de mulheres, homens, crian\u00e7as e idosos morrendo \u00e0 m\u00edngua de fome, simplesmente porque o governo de Israel pro\u00edbe a entrada de alimentos e de ajuda humanit\u00e1ria para aquele sofrido povo.<\/p>\n<p>Estes \u00faltimos acontecimentos parecem ter surtido algum despertar m\u00e1gico em l\u00edderes de diversos pa\u00edses, especialmente da Europa, que se tornaram mais incisivos na defesa da efetiva\u00e7\u00e3o de um estado da Palestina. Macron (Fran\u00e7a), Montenegro (Portugal) e Starmer (Reino Unido) j\u00e1 afirmaram que reconhecer\u00e3o a Palestina na pr\u00f3xima Assembleia Geral da ONU a acontecer em setembro em Nova York. A Alemanha, por meio de seu Ministro de Rela\u00e7\u00f5es Exteriores Johann Wadephul, tamb\u00e9m sinalizou para o mesmo caminho caso Israel n\u00e3o abdicasse dos planos de anexa\u00e7\u00e3o da Cisjord\u00e2nia ocupada, o que, a considerar a brutalidade inerente ao fascismo de Netanyahu n\u00e3o acontecer\u00e1, tornando assim praticamente concreta tamb\u00e9m por parte da Alemanha o reconhecimento daquele Estado. Importante destacar que Espanha, Irlanda e Noruega j\u00e1 o reconhecem.<\/p>\n<p>Por \u00f3bvio o simples reconhecimento da exist\u00eancia de um estado palestino n\u00e3o altera a situa\u00e7\u00e3o, mas por se tratarem de pa\u00edses com peso na geopol\u00edtica mundial, abre-se uma nova perspectiva, uma nova via de press\u00e3o internacional. Importante salientar tamb\u00e9m que ao lado do reconhecimento oficial da Palestina, discute-se no \u00e2mbito da Uni\u00e3o Europeia e tamb\u00e9m de outros pa\u00edses como Col\u00f4mbia, Brasil, e \u00c1frica do Sul (estes dois \u00faltimos subscritores de a\u00e7\u00e3o contra Israel por genoc\u00eddio na Corte Internacional de Justi\u00e7a) a ado\u00e7\u00e3o de san\u00e7\u00f5es pol\u00edticas e econ\u00f4micas, o que efetivamente tem mais poder de sensibilizar Israel do que o reconhecimento formal do Estado Palestino, pois toca em quest\u00f5es mais profundas como perdas econ\u00f4micas e militares significativas para o pa\u00eds.<\/p>\n<p>Espera-se que estas inten\u00e7\u00f5es se materializem, a despeito da verborragia belicosa e violenta de Trump. aliado incondicional de Netanyahu. Que n\u00e3o fiquem apenas nos discursos e nas boas inten\u00e7\u00f5es. Netanyahu precisa ser contido. O mundo n\u00e3o pode aceitar a repeti\u00e7\u00e3o do macabro exterm\u00ednio promovido por Hitler contra justamente o povo de Israel, pa\u00eds cujo governo, ironicamente, est\u00e1 a repetir agora um genoc\u00eddio. O que ocorre em Gaza \u00e9 a demonstra\u00e7\u00e3o cabal da banaliza\u00e7\u00e3o da maldade que nos faz desacreditar que ainda possa existir bondade. Oxal\u00e1 que novos tempos possam surgir para aquele peda\u00e7o de terra j\u00e1 quase totalmente sob escombros que evidenciam at\u00e9 que ponto a insanidade pode chegar.<\/p>\n<p>&#8230;&#8230;&#8230;&#8230;&#8230;&#8230;&#8230;&#8230;&#8230;..<\/p>\n<p><strong>Antonio Eust\u00e1quio \u00e9 correspondente de Notibras na Europa<\/strong><\/p>\n","protected":false},"excerpt":{"rendered":"<p>Um vento de possibilidade positiva sopra rumo a Gaza. Pode parecer uma vis\u00e3o ing\u00eanua diante da trag\u00e9dia que se abate naquele pequeno peda\u00e7o de mundo, mas e exatamente pela expans\u00e3o da trag\u00e9dia \u00e9 que se vislumbra rumos diferentes a partir de importantes movimentos geopol\u00edticos. O governo de Israel, contra a vontade de grande parte de [&hellip;]<\/p>\n","protected":false},"author":2,"featured_media":355959,"comment_status":"closed","ping_status":"closed","sticky":false,"template":"","format":"standard","meta":{"_acf_changed":false,"footnotes":""},"categories":[159],"tags":[],"class_list":["post-360166","post","type-post","status-publish","format-standard","has-post-thumbnail","hentry","category-apocalipse"],"acf":[],"yoast_head":"<!-- This site is optimized with the Yoast SEO plugin v27.2 - https:\/\/yoast.com\/product\/yoast-seo-wordpress\/ -->\n<title>Palestina segue real chance de trilhar caminho da paz - Notibras<\/title>\n<meta name=\"robots\" content=\"index, follow, max-snippet:-1, max-image-preview:large, max-video-preview:-1\" \/>\n<link rel=\"canonical\" href=\"https:\/\/www.notibras.com\/site\/palestina-segue-real-chance-de-trilhar-caminho-da-paz\/\" \/>\n<meta property=\"og:locale\" content=\"pt_BR\" \/>\n<meta property=\"og:type\" content=\"article\" \/>\n<meta property=\"og:title\" content=\"Palestina segue real chance de trilhar caminho da paz - Notibras\" \/>\n<meta property=\"og:description\" content=\"Um vento de possibilidade positiva sopra rumo a Gaza. Pode parecer uma vis\u00e3o ing\u00eanua diante da trag\u00e9dia que se abate naquele pequeno peda\u00e7o de mundo, mas e exatamente pela expans\u00e3o da trag\u00e9dia \u00e9 que se vislumbra rumos diferentes a partir de importantes movimentos geopol\u00edticos. O governo de Israel, contra a vontade de grande parte de [&hellip;]\" \/>\n<meta property=\"og:url\" content=\"https:\/\/www.notibras.com\/site\/palestina-segue-real-chance-de-trilhar-caminho-da-paz\/\" \/>\n<meta property=\"og:site_name\" content=\"Notibras\" \/>\n<meta property=\"article:publisher\" content=\"https:\/\/www.facebook.com\/notibras\/\" \/>\n<meta property=\"article:published_time\" content=\"2025-08-06T03:48:14+00:00\" \/>\n<meta property=\"article:modified_time\" content=\"2025-08-06T03:49:05+00:00\" \/>\n<meta property=\"og:image\" content=\"https:\/\/www.notibras.com\/site\/wp-content\/uploads\/2025\/06\/2023-11-10t082132z_1635852487_rc27a4a0g5c7_rtrmadp_3_israel-palestiniana-gaza-border.webp\" \/>\n\t<meta property=\"og:image:width\" content=\"1170\" \/>\n\t<meta property=\"og:image:height\" content=\"700\" \/>\n\t<meta property=\"og:image:type\" content=\"image\/webp\" \/>\n<meta name=\"author\" content=\"Reda\u00e7\u00e3o\" \/>\n<meta name=\"twitter:card\" content=\"summary_large_image\" \/>\n<meta name=\"twitter:creator\" content=\"@Notibras\" \/>\n<meta name=\"twitter:site\" content=\"@Notibras\" \/>\n<meta name=\"twitter:label1\" content=\"Escrito por\" \/>\n\t<meta name=\"twitter:data1\" content=\"Reda\u00e7\u00e3o\" \/>\n\t<meta name=\"twitter:label2\" content=\"Est. tempo de leitura\" \/>\n\t<meta name=\"twitter:data2\" content=\"4 minutos\" \/>\n<script type=\"application\/ld+json\" class=\"yoast-schema-graph\">{\"@context\":\"https:\/\/schema.org\",\"@graph\":[{\"@type\":\"Article\",\"@id\":\"https:\/\/www.notibras.com\/site\/palestina-segue-real-chance-de-trilhar-caminho-da-paz\/#article\",\"isPartOf\":{\"@id\":\"https:\/\/www.notibras.com\/site\/palestina-segue-real-chance-de-trilhar-caminho-da-paz\/\"},\"author\":{\"name\":\"Reda\u00e7\u00e3o\",\"@id\":\"https:\/\/www.notibras.com\/site\/#\/schema\/person\/36ab0979449956132d3e5b517ea76ac8\"},\"headline\":\"Palestina segue real chance de trilhar caminho da paz\",\"datePublished\":\"2025-08-06T03:48:14+00:00\",\"dateModified\":\"2025-08-06T03:49:05+00:00\",\"mainEntityOfPage\":{\"@id\":\"https:\/\/www.notibras.com\/site\/palestina-segue-real-chance-de-trilhar-caminho-da-paz\/\"},\"wordCount\":635,\"publisher\":{\"@id\":\"https:\/\/www.notibras.com\/site\/#organization\"},\"image\":{\"@id\":\"https:\/\/www.notibras.com\/site\/palestina-segue-real-chance-de-trilhar-caminho-da-paz\/#primaryimage\"},\"thumbnailUrl\":\"https:\/\/www.notibras.com\/site\/wp-content\/uploads\/2025\/06\/2023-11-10t082132z_1635852487_rc27a4a0g5c7_rtrmadp_3_israel-palestiniana-gaza-border.webp\",\"articleSection\":[\"Apocalipse\"],\"inLanguage\":\"pt-BR\"},{\"@type\":\"WebPage\",\"@id\":\"https:\/\/www.notibras.com\/site\/palestina-segue-real-chance-de-trilhar-caminho-da-paz\/\",\"url\":\"https:\/\/www.notibras.com\/site\/palestina-segue-real-chance-de-trilhar-caminho-da-paz\/\",\"name\":\"Palestina segue real chance de trilhar caminho da paz - Notibras\",\"isPartOf\":{\"@id\":\"https:\/\/www.notibras.com\/site\/#website\"},\"primaryImageOfPage\":{\"@id\":\"https:\/\/www.notibras.com\/site\/palestina-segue-real-chance-de-trilhar-caminho-da-paz\/#primaryimage\"},\"image\":{\"@id\":\"https:\/\/www.notibras.com\/site\/palestina-segue-real-chance-de-trilhar-caminho-da-paz\/#primaryimage\"},\"thumbnailUrl\":\"https:\/\/www.notibras.com\/site\/wp-content\/uploads\/2025\/06\/2023-11-10t082132z_1635852487_rc27a4a0g5c7_rtrmadp_3_israel-palestiniana-gaza-border.webp\",\"datePublished\":\"2025-08-06T03:48:14+00:00\",\"dateModified\":\"2025-08-06T03:49:05+00:00\",\"breadcrumb\":{\"@id\":\"https:\/\/www.notibras.com\/site\/palestina-segue-real-chance-de-trilhar-caminho-da-paz\/#breadcrumb\"},\"inLanguage\":\"pt-BR\",\"potentialAction\":[{\"@type\":\"ReadAction\",\"target\":[\"https:\/\/www.notibras.com\/site\/palestina-segue-real-chance-de-trilhar-caminho-da-paz\/\"]}]},{\"@type\":\"ImageObject\",\"inLanguage\":\"pt-BR\",\"@id\":\"https:\/\/www.notibras.com\/site\/palestina-segue-real-chance-de-trilhar-caminho-da-paz\/#primaryimage\",\"url\":\"https:\/\/www.notibras.com\/site\/wp-content\/uploads\/2025\/06\/2023-11-10t082132z_1635852487_rc27a4a0g5c7_rtrmadp_3_israel-palestiniana-gaza-border.webp\",\"contentUrl\":\"https:\/\/www.notibras.com\/site\/wp-content\/uploads\/2025\/06\/2023-11-10t082132z_1635852487_rc27a4a0g5c7_rtrmadp_3_israel-palestiniana-gaza-border.webp\",\"width\":1170,\"height\":700},{\"@type\":\"BreadcrumbList\",\"@id\":\"https:\/\/www.notibras.com\/site\/palestina-segue-real-chance-de-trilhar-caminho-da-paz\/#breadcrumb\",\"itemListElement\":[{\"@type\":\"ListItem\",\"position\":1,\"name\":\"In\u00edcio\",\"item\":\"https:\/\/www.notibras.com\/site\/\"},{\"@type\":\"ListItem\",\"position\":2,\"name\":\"Palestina segue real chance de trilhar caminho da paz\"}]},{\"@type\":\"WebSite\",\"@id\":\"https:\/\/www.notibras.com\/site\/#website\",\"url\":\"https:\/\/www.notibras.com\/site\/\",\"name\":\"Notibras\",\"description\":\"Not\u00edcias de Bras\u00edlia, do Brasil e do Mundo\",\"publisher\":{\"@id\":\"https:\/\/www.notibras.com\/site\/#organization\"},\"potentialAction\":[{\"@type\":\"SearchAction\",\"target\":{\"@type\":\"EntryPoint\",\"urlTemplate\":\"https:\/\/www.notibras.com\/site\/?s={search_term_string}\"},\"query-input\":{\"@type\":\"PropertyValueSpecification\",\"valueRequired\":true,\"valueName\":\"search_term_string\"}}],\"inLanguage\":\"pt-BR\"},{\"@type\":\"Organization\",\"@id\":\"https:\/\/www.notibras.com\/site\/#organization\",\"name\":\"Grupo Notibras de Comunica\u00e7\u00e3o\",\"url\":\"https:\/\/www.notibras.com\/site\/\",\"logo\":{\"@type\":\"ImageObject\",\"inLanguage\":\"pt-BR\",\"@id\":\"https:\/\/www.notibras.com\/site\/#\/schema\/logo\/image\/\",\"url\":\"https:\/\/www.notibras.com\/site\/wp-content\/uploads\/2023\/01\/notibras23.png\",\"contentUrl\":\"https:\/\/www.notibras.com\/site\/wp-content\/uploads\/2023\/01\/notibras23.png\",\"width\":350,\"height\":87,\"caption\":\"Grupo Notibras de Comunica\u00e7\u00e3o\"},\"image\":{\"@id\":\"https:\/\/www.notibras.com\/site\/#\/schema\/logo\/image\/\"},\"sameAs\":[\"https:\/\/www.facebook.com\/notibras\/\",\"https:\/\/x.com\/Notibras\",\"https:\/\/www.instagram.com\/notibras\/\"]},{\"@type\":\"Person\",\"@id\":\"https:\/\/www.notibras.com\/site\/#\/schema\/person\/36ab0979449956132d3e5b517ea76ac8\",\"name\":\"Reda\u00e7\u00e3o\",\"image\":{\"@type\":\"ImageObject\",\"inLanguage\":\"pt-BR\",\"@id\":\"https:\/\/secure.gravatar.com\/avatar\/e0a867bdedb85fd243eadf09663511f96fc81e0720a4a42581f334ad4303aa6b?s=96&d=mm&r=g\",\"url\":\"https:\/\/secure.gravatar.com\/avatar\/e0a867bdedb85fd243eadf09663511f96fc81e0720a4a42581f334ad4303aa6b?s=96&d=mm&r=g\",\"contentUrl\":\"https:\/\/secure.gravatar.com\/avatar\/e0a867bdedb85fd243eadf09663511f96fc81e0720a4a42581f334ad4303aa6b?s=96&d=mm&r=g\",\"caption\":\"Reda\u00e7\u00e3o\"}}]}<\/script>\n<!-- \/ Yoast SEO plugin. -->","yoast_head_json":{"title":"Palestina segue real chance de trilhar caminho da paz - Notibras","robots":{"index":"index","follow":"follow","max-snippet":"max-snippet:-1","max-image-preview":"max-image-preview:large","max-video-preview":"max-video-preview:-1"},"canonical":"https:\/\/www.notibras.com\/site\/palestina-segue-real-chance-de-trilhar-caminho-da-paz\/","og_locale":"pt_BR","og_type":"article","og_title":"Palestina segue real chance de trilhar caminho da paz - Notibras","og_description":"Um vento de possibilidade positiva sopra rumo a Gaza. Pode parecer uma vis\u00e3o ing\u00eanua diante da trag\u00e9dia que se abate naquele pequeno peda\u00e7o de mundo, mas e exatamente pela expans\u00e3o da trag\u00e9dia \u00e9 que se vislumbra rumos diferentes a partir de importantes movimentos geopol\u00edticos. O governo de Israel, contra a vontade de grande parte de [&hellip;]","og_url":"https:\/\/www.notibras.com\/site\/palestina-segue-real-chance-de-trilhar-caminho-da-paz\/","og_site_name":"Notibras","article_publisher":"https:\/\/www.facebook.com\/notibras\/","article_published_time":"2025-08-06T03:48:14+00:00","article_modified_time":"2025-08-06T03:49:05+00:00","og_image":[{"width":1170,"height":700,"url":"https:\/\/www.notibras.com\/site\/wp-content\/uploads\/2025\/06\/2023-11-10t082132z_1635852487_rc27a4a0g5c7_rtrmadp_3_israel-palestiniana-gaza-border.webp","type":"image\/webp"}],"author":"Reda\u00e7\u00e3o","twitter_card":"summary_large_image","twitter_creator":"@Notibras","twitter_site":"@Notibras","twitter_misc":{"Escrito por":"Reda\u00e7\u00e3o","Est. tempo de leitura":"4 minutos"},"schema":{"@context":"https:\/\/schema.org","@graph":[{"@type":"Article","@id":"https:\/\/www.notibras.com\/site\/palestina-segue-real-chance-de-trilhar-caminho-da-paz\/#article","isPartOf":{"@id":"https:\/\/www.notibras.com\/site\/palestina-segue-real-chance-de-trilhar-caminho-da-paz\/"},"author":{"name":"Reda\u00e7\u00e3o","@id":"https:\/\/www.notibras.com\/site\/#\/schema\/person\/36ab0979449956132d3e5b517ea76ac8"},"headline":"Palestina segue real chance de trilhar caminho da paz","datePublished":"2025-08-06T03:48:14+00:00","dateModified":"2025-08-06T03:49:05+00:00","mainEntityOfPage":{"@id":"https:\/\/www.notibras.com\/site\/palestina-segue-real-chance-de-trilhar-caminho-da-paz\/"},"wordCount":635,"publisher":{"@id":"https:\/\/www.notibras.com\/site\/#organization"},"image":{"@id":"https:\/\/www.notibras.com\/site\/palestina-segue-real-chance-de-trilhar-caminho-da-paz\/#primaryimage"},"thumbnailUrl":"https:\/\/www.notibras.com\/site\/wp-content\/uploads\/2025\/06\/2023-11-10t082132z_1635852487_rc27a4a0g5c7_rtrmadp_3_israel-palestiniana-gaza-border.webp","articleSection":["Apocalipse"],"inLanguage":"pt-BR"},{"@type":"WebPage","@id":"https:\/\/www.notibras.com\/site\/palestina-segue-real-chance-de-trilhar-caminho-da-paz\/","url":"https:\/\/www.notibras.com\/site\/palestina-segue-real-chance-de-trilhar-caminho-da-paz\/","name":"Palestina segue real chance de trilhar caminho da paz - Notibras","isPartOf":{"@id":"https:\/\/www.notibras.com\/site\/#website"},"primaryImageOfPage":{"@id":"https:\/\/www.notibras.com\/site\/palestina-segue-real-chance-de-trilhar-caminho-da-paz\/#primaryimage"},"image":{"@id":"https:\/\/www.notibras.com\/site\/palestina-segue-real-chance-de-trilhar-caminho-da-paz\/#primaryimage"},"thumbnailUrl":"https:\/\/www.notibras.com\/site\/wp-content\/uploads\/2025\/06\/2023-11-10t082132z_1635852487_rc27a4a0g5c7_rtrmadp_3_israel-palestiniana-gaza-border.webp","datePublished":"2025-08-06T03:48:14+00:00","dateModified":"2025-08-06T03:49:05+00:00","breadcrumb":{"@id":"https:\/\/www.notibras.com\/site\/palestina-segue-real-chance-de-trilhar-caminho-da-paz\/#breadcrumb"},"inLanguage":"pt-BR","potentialAction":[{"@type":"ReadAction","target":["https:\/\/www.notibras.com\/site\/palestina-segue-real-chance-de-trilhar-caminho-da-paz\/"]}]},{"@type":"ImageObject","inLanguage":"pt-BR","@id":"https:\/\/www.notibras.com\/site\/palestina-segue-real-chance-de-trilhar-caminho-da-paz\/#primaryimage","url":"https:\/\/www.notibras.com\/site\/wp-content\/uploads\/2025\/06\/2023-11-10t082132z_1635852487_rc27a4a0g5c7_rtrmadp_3_israel-palestiniana-gaza-border.webp","contentUrl":"https:\/\/www.notibras.com\/site\/wp-content\/uploads\/2025\/06\/2023-11-10t082132z_1635852487_rc27a4a0g5c7_rtrmadp_3_israel-palestiniana-gaza-border.webp","width":1170,"height":700},{"@type":"BreadcrumbList","@id":"https:\/\/www.notibras.com\/site\/palestina-segue-real-chance-de-trilhar-caminho-da-paz\/#breadcrumb","itemListElement":[{"@type":"ListItem","position":1,"name":"In\u00edcio","item":"https:\/\/www.notibras.com\/site\/"},{"@type":"ListItem","position":2,"name":"Palestina segue real chance de trilhar caminho da paz"}]},{"@type":"WebSite","@id":"https:\/\/www.notibras.com\/site\/#website","url":"https:\/\/www.notibras.com\/site\/","name":"Notibras","description":"Not\u00edcias de Bras\u00edlia, do Brasil e do Mundo","publisher":{"@id":"https:\/\/www.notibras.com\/site\/#organization"},"potentialAction":[{"@type":"SearchAction","target":{"@type":"EntryPoint","urlTemplate":"https:\/\/www.notibras.com\/site\/?s={search_term_string}"},"query-input":{"@type":"PropertyValueSpecification","valueRequired":true,"valueName":"search_term_string"}}],"inLanguage":"pt-BR"},{"@type":"Organization","@id":"https:\/\/www.notibras.com\/site\/#organization","name":"Grupo Notibras de Comunica\u00e7\u00e3o","url":"https:\/\/www.notibras.com\/site\/","logo":{"@type":"ImageObject","inLanguage":"pt-BR","@id":"https:\/\/www.notibras.com\/site\/#\/schema\/logo\/image\/","url":"https:\/\/www.notibras.com\/site\/wp-content\/uploads\/2023\/01\/notibras23.png","contentUrl":"https:\/\/www.notibras.com\/site\/wp-content\/uploads\/2023\/01\/notibras23.png","width":350,"height":87,"caption":"Grupo Notibras de Comunica\u00e7\u00e3o"},"image":{"@id":"https:\/\/www.notibras.com\/site\/#\/schema\/logo\/image\/"},"sameAs":["https:\/\/www.facebook.com\/notibras\/","https:\/\/x.com\/Notibras","https:\/\/www.instagram.com\/notibras\/"]},{"@type":"Person","@id":"https:\/\/www.notibras.com\/site\/#\/schema\/person\/36ab0979449956132d3e5b517ea76ac8","name":"Reda\u00e7\u00e3o","image":{"@type":"ImageObject","inLanguage":"pt-BR","@id":"https:\/\/secure.gravatar.com\/avatar\/e0a867bdedb85fd243eadf09663511f96fc81e0720a4a42581f334ad4303aa6b?s=96&d=mm&r=g","url":"https:\/\/secure.gravatar.com\/avatar\/e0a867bdedb85fd243eadf09663511f96fc81e0720a4a42581f334ad4303aa6b?s=96&d=mm&r=g","contentUrl":"https:\/\/secure.gravatar.com\/avatar\/e0a867bdedb85fd243eadf09663511f96fc81e0720a4a42581f334ad4303aa6b?s=96&d=mm&r=g","caption":"Reda\u00e7\u00e3o"}}]}},"amp_enabled":true,"_links":{"self":[{"href":"https:\/\/www.notibras.com\/site\/wp-json\/wp\/v2\/posts\/360166","targetHints":{"allow":["GET"]}}],"collection":[{"href":"https:\/\/www.notibras.com\/site\/wp-json\/wp\/v2\/posts"}],"about":[{"href":"https:\/\/www.notibras.com\/site\/wp-json\/wp\/v2\/types\/post"}],"author":[{"embeddable":true,"href":"https:\/\/www.notibras.com\/site\/wp-json\/wp\/v2\/users\/2"}],"replies":[{"embeddable":true,"href":"https:\/\/www.notibras.com\/site\/wp-json\/wp\/v2\/comments?post=360166"}],"version-history":[{"count":2,"href":"https:\/\/www.notibras.com\/site\/wp-json\/wp\/v2\/posts\/360166\/revisions"}],"predecessor-version":[{"id":360170,"href":"https:\/\/www.notibras.com\/site\/wp-json\/wp\/v2\/posts\/360166\/revisions\/360170"}],"wp:featuredmedia":[{"embeddable":true,"href":"https:\/\/www.notibras.com\/site\/wp-json\/wp\/v2\/media\/355959"}],"wp:attachment":[{"href":"https:\/\/www.notibras.com\/site\/wp-json\/wp\/v2\/media?parent=360166"}],"wp:term":[{"taxonomy":"category","embeddable":true,"href":"https:\/\/www.notibras.com\/site\/wp-json\/wp\/v2\/categories?post=360166"},{"taxonomy":"post_tag","embeddable":true,"href":"https:\/\/www.notibras.com\/site\/wp-json\/wp\/v2\/tags?post=360166"}],"curies":[{"name":"wp","href":"https:\/\/api.w.org\/{rel}","templated":true}]}}